{"id":14219,"date":"2024-12-18T12:24:44","date_gmt":"2024-12-18T09:24:44","guid":{"rendered":"https:\/\/kibrisayna.com\/index.php\/2024\/12\/18\/cumhurbaskani-tatar-cagdas-muzik-dernegi-heyetini-kabul-etti-brtk\/"},"modified":"2024-12-18T12:24:44","modified_gmt":"2024-12-18T09:24:44","slug":"cumhurbaskani-tatar-cagdas-muzik-dernegi-heyetini-kabul-etti-brtk","status":"publish","type":"post","link":"https:\/\/kibrisayna.com\/index.php\/2024\/12\/18\/cumhurbaskani-tatar-cagdas-muzik-dernegi-heyetini-kabul-etti-brtk\/","title":{"rendered":"Cumhurba\u015fkan\u0131 Tatar, \u00c7a\u011fda\u015f M\u00fczik Derne\u011fi heyetini kabul etti \u2013 BRTK"},"content":{"rendered":"<p> <br \/>\n<\/p>\n<div>\n<div class=\"mariselle-image-container center\">\n                <img loading=\"lazy\" decoding=\"async\" width=\"1600\" height=\"1066\" class=\"lazy-image\" alt=\"\" sizes=\"auto, (max-width: 1600px) 100vw, 1600px\" src=\"https:\/\/brtk.net\/wp-content\/uploads\/2024\/12\/18\/1734511403637tatar-cmd-1.jpg?ver=b54ad61a24f2f64031d0978038b24461\" srcset=\"https:\/\/brtk.net\/wp-content\/uploads\/2024\/12\/18\/1734511403637tatar-cmd-1.jpg?ver=b54ad61a24f2f64031d0978038b24461 1600w, https:\/\/brtk.net\/wp-content\/uploads\/2024\/12\/18\/1734511403637tatar-cmd-1-300x200.jpg?ver=b54ad61a24f2f64031d0978038b24461 300w, https:\/\/brtk.net\/wp-content\/uploads\/2024\/12\/18\/1734511403637tatar-cmd-1-1024x682.jpg?ver=33dd5fa8dc962607805f29ed5f6da5f2 1024w, https:\/\/brtk.net\/wp-content\/uploads\/2024\/12\/18\/1734511403637tatar-cmd-1-768x512.jpg?ver=33dd5fa8dc962607805f29ed5f6da5f2 768w, https:\/\/brtk.net\/wp-content\/uploads\/2024\/12\/18\/1734511403637tatar-cmd-1-1536x1023.jpg?ver=3fef5e52ba9b9d2689dcd8969c96c736 1536w\"\/>                            <\/div>\n<p>Cumhurba\u015fkan\u0131 Ersin Tatar, \u00c7a\u011fda\u015f M\u00fczik Derne\u011fi Ba\u015fkan\u0131 Ersin T\u00fcnay ve dernek y\u00f6netimini kabul etti. G\u00f6r\u00fc\u015fmede, Azerbaycan\u2019daki Minge\u00e7evir \u00dczeyir Hac\u0131beyli M\u00fczik Okulu\u2019nun \u201cT\u00fcrk D\u00fcnyas\u0131 Hizmetleri \u00d6d\u00fcl\u00fc\u201d Cumhurba\u015fkan\u0131 Tatar\u2019a takdim edildi.<\/p>\n<p>Cumhurba\u015fkanl\u0131\u011f\u0131\u2019ndan yap\u0131lan a\u00e7\u0131klamaya g\u00f6re, Tatar, Ersin T\u00fcnay\u2019\u0131n y\u0131llard\u0131r T\u00fcrk Sanat m\u00fczi\u011fine verdi\u011fi hizmetlerin \u00e7ok de\u011ferli oldu\u011funu belirterek, \u00c7a\u011fda\u015f M\u00fczik Derne\u011fi\u2019ni T\u00fcrk d\u00fcnyas\u0131nda elde etti\u011fi ba\u015far\u0131lar\u0131ndan dolay\u0131 tebrik edip ba\u015far\u0131lar\u0131n\u0131n devam\u0131n\u0131 diledi.<\/p>\n<p>Tatar, KKTC\u2019nin verdi\u011fi m\u00fccadele \u00e7er\u00e7evesinde T\u00fcrk Devletleri Te\u015fkilat\u0131\u2019nda yerini almas\u0131n\u0131n ard\u0131ndan T\u00fcrk devletleri ile m\u00fcnasebetlerin T\u00fcrkiye Cumhuriyeti\u2019nin de deste\u011fiyle artmas\u0131 y\u00f6n\u00fcnde yapt\u0131\u011f\u0131 k\u00fclt\u00fcrel faaliyetler \u00e7er\u00e7evesindeki katk\u0131lardan dolay\u0131 dernek \u00fcyelerine te\u015fekk\u00fcr etti.<\/p>\n<p>T\u00fcrk d\u00fcnyas\u0131 ile tarihi ba\u011flar\u0131 ve ortak k\u00fclt\u00fcr\u00fc ke\u015ffederek kar\u015f\u0131l\u0131kl\u0131 ili\u015fkileri peki\u015ftirmekten b\u00fcy\u00fck mutluluk duydu\u011funu ifade eden Cumhurba\u015fkan\u0131 Tatar, T\u00fcrk d\u00fcnyas\u0131n\u0131n K\u0131br\u0131s T\u00fcrk halk\u0131na g\u00f6sterdi\u011fi sayg\u0131dan ve Azerbaycan\u2019\u0131n ortaya koydu\u011fu tevecc\u00fchten \u00f6t\u00fcr\u00fc te\u015fekk\u00fcr etti.<\/p>\n<p>Cumhurba\u015fkan\u0131 Tatar, \u00c7a\u011fda\u015f M\u00fczik Derne\u011finin konserlerini ve sanata g\u00f6n\u00fcl veren sanat\u00e7\u0131lar\u0131n \u00e7al\u0131\u015fmalar\u0131n\u0131 takdirle takip etti\u011fini ifade ederek, bu \u00e7al\u0131\u015fmalar\u0131n uluslararas\u0131 \u00f6d\u00fcllerle ta\u00e7land\u0131r\u0131lmas\u0131ndan b\u00fcy\u00fck gurur duydu\u011funu dile getirdi.<\/p>\n<p>-Cumhurba\u015fkan\u0131 Tatar\u2019a Azerbaycan\u2019dan T\u00fcrk D\u00fcnyas\u0131 Hizmetleri \u00d6d\u00fcl\u00fc<\/p>\n<p>\u00c7a\u011fda\u015f M\u00fczik Derne\u011fi Ba\u015fkan\u0131 Ersin T\u00fcnay da, derne\u011fin 2025 y\u0131l\u0131 i\u00e7in \u201cAd\u0131m ad\u0131m T\u00fcrk d\u00fcnyas\u0131\u201d projesi i\u00e7in y\u00fcr\u00fctt\u00fc\u011f\u00fc \u00e7al\u0131\u015fmalar hakk\u0131nda Cumhurba\u015fkan\u0131 Tatar\u2019a bilgi sundu.<\/p>\n<p>Azerbaycan sonras\u0131 \u00d6zbekistan\u2019da k\u00fclt\u00fcr ve sanat etkinliklerini s\u00fcrd\u00fcreceklerini ifade eden T\u00fcnay, T\u00fcrk d\u00fcnyas\u0131na hizmetleri dolay\u0131s\u0131yla gurur verici \u00f6d\u00fcller ald\u0131klar\u0131n\u0131 belirtti.<\/p>\n<p>T\u00fcnay, T\u00fcrk d\u00fcnyas\u0131 k\u00fclt\u00fcr sanat \u00f6d\u00fcl\u00fc almak \u00fczere gitti\u011fi Azerbaycan\u2019da Cumhurba\u015fkan\u0131 Tatar\u2019a sunulmak \u00fczere teslim ald\u0131\u011f\u0131 Minge\u00e7evir \u00dczeyir Hac\u0131beyli M\u00fczik Okulu\u2019nun \u201cT\u00fcrk D\u00fcnyas\u0131 Hizmetleri \u00d6d\u00fcl\u00fc\u201dn\u00fc de Cumhurba\u015fkan\u0131 Tatar\u2019a takdim etti.<\/p>\n<\/p><\/div>\n<p><script async\n                    defer\n                    crossorigin=\"anonymous\"\n                    src=\"https:\/\/connect.facebook.net\/tr_TR\/sdk.js#xfbml=1&#038;version=v3.3\"\n            ><\/script><br \/>\n<br \/><br \/>\n<br \/><a href=\"https:\/\/brtk.net\/cumhurbaskani-tatar-cagdas-muzik-dernegi-heyetini-kabul-etti\/\">Kaynak BRT <\/a><\/p>\n","protected":false},"excerpt":{"rendered":"<p>Cumhurba\u015fkan\u0131 Ersin Tatar, \u00c7a\u011fda\u015f M\u00fczik Derne\u011fi Ba\u015fkan\u0131 Ersin T\u00fcnay ve dernek y\u00f6netimini kabul etti. G\u00f6r\u00fc\u015fmede, Azerbaycan\u2019daki Minge\u00e7evir \u00dczeyir Hac\u0131beyli M\u00fczik Okulu\u2019nun \u201cT\u00fcrk D\u00fcnyas\u0131 Hizmetleri \u00d6d\u00fcl\u00fc\u201d Cumhurba\u015fkan\u0131 Tatar\u2019a takdim edildi. Cumhurba\u015fkanl\u0131\u011f\u0131\u2019ndan yap\u0131lan a\u00e7\u0131klamaya g\u00f6re, Tatar, Ersin T\u00fcnay\u2019\u0131n y\u0131llard\u0131r T\u00fcrk Sanat m\u00fczi\u011fine verdi\u011fi hizmetlerin \u00e7ok de\u011ferli oldu\u011funu belirterek, \u00c7a\u011fda\u015f M\u00fczik Derne\u011fi\u2019ni T\u00fcrk d\u00fcnyas\u0131nda elde etti\u011fi ba\u015far\u0131lar\u0131ndan dolay\u0131 [&hellip;]<\/p>\n","protected":false},"author":908,"featured_media":14220,"comment_status":"open","ping_status":"open","sticky":false,"template":"","format":"standard","meta":{"_jetpack_memberships_contains_paid_content":false,"footnotes":"","jetpack_publicize_message":"","jetpack_publicize_feature_enabled":true,"jetpack_social_post_already_shared":true,"jetpack_social_options":{"image_generator_settings":{"template":"highway","default_image_id":0,"font":"","enabled":false},"version":2}},"categories":[253],"tags":[],"class_list":["post-14219","post","type-post","status-publish","format-standard","has-post-thumbnail","hentry","category-gundem"],"jetpack_publicize_connections":[],"jetpack_featured_media_url":"https:\/\/kibrisayna.com\/wp-content\/uploads\/2024\/12\/1734511403637tatar-cmd-1.jpg","jetpack_sharing_enabled":true,"_links":{"self":[{"href":"https:\/\/kibrisayna.com\/index.php\/wp-json\/wp\/v2\/posts\/14219","targetHints":{"allow":["GET"]}}],"collection":[{"href":"https:\/\/kibrisayna.com\/index.php\/wp-json\/wp\/v2\/posts"}],"about":[{"href":"https:\/\/kibrisayna.com\/index.php\/wp-json\/wp\/v2\/types\/post"}],"author":[{"embeddable":true,"href":"https:\/\/kibrisayna.com\/index.php\/wp-json\/wp\/v2\/users\/908"}],"replies":[{"embeddable":true,"href":"https:\/\/kibrisayna.com\/index.php\/wp-json\/wp\/v2\/comments?post=14219"}],"version-history":[{"count":0,"href":"https:\/\/kibrisayna.com\/index.php\/wp-json\/wp\/v2\/posts\/14219\/revisions"}],"wp:featuredmedia":[{"embeddable":true,"href":"https:\/\/kibrisayna.com\/index.php\/wp-json\/wp\/v2\/media\/14220"}],"wp:attachment":[{"href":"https:\/\/kibrisayna.com\/index.php\/wp-json\/wp\/v2\/media?parent=14219"}],"wp:term":[{"taxonomy":"category","embeddable":true,"href":"https:\/\/kibrisayna.com\/index.php\/wp-json\/wp\/v2\/categories?post=14219"},{"taxonomy":"post_tag","embeddable":true,"href":"https:\/\/kibrisayna.com\/index.php\/wp-json\/wp\/v2\/tags?post=14219"}],"curies":[{"name":"wp","href":"https:\/\/api.w.org\/{rel}","templated":true}]}}