{"id":14215,"date":"2024-12-18T11:42:41","date_gmt":"2024-12-18T08:42:41","guid":{"rendered":"https:\/\/kibrisayna.com\/index.php\/2024\/12\/18\/kktcde-hazreti-mevlananin-751-vuslat-yil-donumunde-anma-programi-duzenlendi-brtk\/"},"modified":"2024-12-18T11:42:41","modified_gmt":"2024-12-18T08:42:41","slug":"kktcde-hazreti-mevlananin-751-vuslat-yil-donumunde-anma-programi-duzenlendi-brtk","status":"publish","type":"post","link":"https:\/\/kibrisayna.com\/index.php\/2024\/12\/18\/kktcde-hazreti-mevlananin-751-vuslat-yil-donumunde-anma-programi-duzenlendi-brtk\/","title":{"rendered":"KKTC\u2019de Hazreti Mevlana\u2019n\u0131n 751. vuslat y\u0131l d\u00f6n\u00fcm\u00fcnde anma program\u0131 d\u00fczenlendi \u2013 BRTK"},"content":{"rendered":"<p> <br \/>\n<\/p>\n<div>\n<div class=\"mariselle-image-container center\">\n                <img loading=\"lazy\" decoding=\"async\" width=\"2560\" height=\"1706\" class=\"lazy-image\" alt=\"\" sizes=\"auto, (max-width: 2560px) 100vw, 2560px\" src=\"https:\/\/brtk.net\/wp-content\/uploads\/2024\/12\/18\/lkkklkl-scaled.jpg?ver=43fd7920eeef82b5d52655b6297f7b08\" srcset=\"https:\/\/brtk.net\/wp-content\/uploads\/2024\/12\/18\/lkkklkl-scaled.jpg?ver=43fd7920eeef82b5d52655b6297f7b08 2560w, https:\/\/brtk.net\/wp-content\/uploads\/2024\/12\/18\/lkkklkl-300x200.jpg?ver=2c35f17f350eed736b099aaee8a25032 300w, https:\/\/brtk.net\/wp-content\/uploads\/2024\/12\/18\/lkkklkl-1024x683.jpg?ver=4092636797183d466a54a18d7cea7f37 1024w, https:\/\/brtk.net\/wp-content\/uploads\/2024\/12\/18\/lkkklkl-768x512.jpg?ver=74cc2ffc8e9db55d0fb6e09a931bbbb2 768w, https:\/\/brtk.net\/wp-content\/uploads\/2024\/12\/18\/lkkklkl-1536x1024.jpg?ver=0e84d88903edb90acf8f3972e356d517 1536w, https:\/\/brtk.net\/wp-content\/uploads\/2024\/12\/18\/lkkklkl-2048x1365.jpg?ver=43afd967a154d4d2a3a274ace112f57b 2048w\"\/>                            <\/div>\n<p>Kuzey K\u0131br\u0131s T\u00fcrk Cumhuriyeti\u2019nde, Hazreti Mevlana\u2019n\u0131n 751. vuslat y\u0131l d\u00f6n\u00fcm\u00fc dolay\u0131s\u0131yla anma program\u0131 d\u00fczenlendi.<\/p>\n<p>Lefko\u015fa Yunus Emre Enstit\u00fcs\u00fc \u00f6nc\u00fcl\u00fc\u011f\u00fcnde, Uluslararas\u0131 Final \u00dcniversitesinin destekleriyle, ba\u015fkent Lefko\u015fa\u2019daki Mevlevihane\u2019de \u015eeb-i Arus t\u00f6reni yap\u0131ld\u0131.<\/p>\n<p>K\u0131br\u0131s T\u00fcrklerinin ilgi g\u00f6sterdi\u011fi t\u00f6rende, T\u00fcrkiye\u2019den gelen sanat\u00e7\u0131lar\u0131n da kat\u0131l\u0131m\u0131yla tasavvuf m\u00fczi\u011fi dinletisi ve sema g\u00f6sterisi sunuldu.<\/p>\n<p>Lefko\u015fa Yunus Emre Enstit\u00fcs\u00fc Koordinat\u00f6r\u00fc Abdullah Akta\u015f, t\u00f6rende yapt\u0131\u011f\u0131 konu\u015fmada, b\u00fcy\u00fck bir mutasavv\u0131f, d\u00fc\u015f\u00fcn\u00fcr, alim ve g\u00f6n\u00fcl insan\u0131 Hazreti Mevlana\u2019n\u0131n, ya\u015fant\u0131s\u0131yla y\u00fczlerce y\u0131ld\u0131r ho\u015fg\u00f6r\u00fc, iyilik, bar\u0131\u015f ve karde\u015fli\u011fin sembol\u00fc olarak insanl\u0131\u011fa yol g\u00f6sterdi\u011fini hat\u0131rlatt\u0131.<\/p>\n<p>Akta\u015f, \u201cKu\u015fkusuz ancak a\u015fkla yaz\u0131lm\u0131\u015f bir eser 7,5 as\u0131r ayakta kalabilir. Hazreti Mevlana eserlerini \u00f6yle bir a\u015fkla me\u015fk etmi\u015f ki, vuslat\u0131ndan 751 sene sonra dahi bir araya geliyor, onun d\u00fc\u011f\u00fcn gecesinde onu hay\u0131rla, muhabbetle yad ediyoruz.\u201d ifadelerini kulland\u0131.<\/p>\n<p>Enstit\u00fc olarak, ba\u015fta KKTC olmak \u00fczere bir\u00e7ok \u00fclkede Hoca Ahmet Yesevi, Mevlana, Yunus Emre, Hac\u0131 Bayram-\u0131 Veli, Hac\u0131 Bekta\u015f-\u0131 Veli gibi bir\u00e7ok de\u011feri ve onlar\u0131n y\u00fczy\u0131llar boyunca olu\u015fturdu\u011fu m\u00fcktesebat\u0131 t\u00fcm insanl\u0131\u011fa duyurmak ve tan\u0131tmak i\u00e7in \u00e7aba harcad\u0131klar\u0131n\u0131 belirten Akta\u015f, program\u0131n d\u00fczenlenmesine katk\u0131 sa\u011flayan kurulu\u015flara te\u015fekk\u00fcr etti.<\/p>\n<\/p><\/div>\n<p><script async\n                    defer\n                    crossorigin=\"anonymous\"\n                    src=\"https:\/\/connect.facebook.net\/tr_TR\/sdk.js#xfbml=1&#038;version=v3.3\"\n            ><\/script><br \/>\n<br \/><br \/>\n<br \/><a href=\"https:\/\/brtk.net\/kktcde-hazreti-mevlananin-751-vuslat-yil-donumunde-anma-programi-duzenlendi\/\">Kaynak BRT <\/a><\/p>\n","protected":false},"excerpt":{"rendered":"<p>Kuzey K\u0131br\u0131s T\u00fcrk Cumhuriyeti\u2019nde, Hazreti Mevlana\u2019n\u0131n 751. vuslat y\u0131l d\u00f6n\u00fcm\u00fc dolay\u0131s\u0131yla anma program\u0131 d\u00fczenlendi. Lefko\u015fa Yunus Emre Enstit\u00fcs\u00fc \u00f6nc\u00fcl\u00fc\u011f\u00fcnde, Uluslararas\u0131 Final \u00dcniversitesinin destekleriyle, ba\u015fkent Lefko\u015fa\u2019daki Mevlevihane\u2019de \u015eeb-i Arus t\u00f6reni yap\u0131ld\u0131. K\u0131br\u0131s T\u00fcrklerinin ilgi g\u00f6sterdi\u011fi t\u00f6rende, T\u00fcrkiye\u2019den gelen sanat\u00e7\u0131lar\u0131n da kat\u0131l\u0131m\u0131yla tasavvuf m\u00fczi\u011fi dinletisi ve sema g\u00f6sterisi sunuldu. Lefko\u015fa Yunus Emre Enstit\u00fcs\u00fc Koordinat\u00f6r\u00fc Abdullah Akta\u015f, t\u00f6rende [&hellip;]<\/p>\n","protected":false},"author":908,"featured_media":14216,"comment_status":"open","ping_status":"open","sticky":false,"template":"","format":"standard","meta":{"_jetpack_memberships_contains_paid_content":false,"footnotes":"","jetpack_publicize_message":"","jetpack_publicize_feature_enabled":true,"jetpack_social_post_already_shared":true,"jetpack_social_options":{"image_generator_settings":{"template":"highway","default_image_id":0,"font":"","enabled":false},"version":2}},"categories":[253],"tags":[],"class_list":["post-14215","post","type-post","status-publish","format-standard","has-post-thumbnail","hentry","category-gundem"],"jetpack_publicize_connections":[],"jetpack_featured_media_url":"https:\/\/kibrisayna.com\/wp-content\/uploads\/2024\/12\/1734509189129mevlana-2-scaled.jpg","jetpack_sharing_enabled":true,"_links":{"self":[{"href":"https:\/\/kibrisayna.com\/index.php\/wp-json\/wp\/v2\/posts\/14215","targetHints":{"allow":["GET"]}}],"collection":[{"href":"https:\/\/kibrisayna.com\/index.php\/wp-json\/wp\/v2\/posts"}],"about":[{"href":"https:\/\/kibrisayna.com\/index.php\/wp-json\/wp\/v2\/types\/post"}],"author":[{"embeddable":true,"href":"https:\/\/kibrisayna.com\/index.php\/wp-json\/wp\/v2\/users\/908"}],"replies":[{"embeddable":true,"href":"https:\/\/kibrisayna.com\/index.php\/wp-json\/wp\/v2\/comments?post=14215"}],"version-history":[{"count":0,"href":"https:\/\/kibrisayna.com\/index.php\/wp-json\/wp\/v2\/posts\/14215\/revisions"}],"wp:featuredmedia":[{"embeddable":true,"href":"https:\/\/kibrisayna.com\/index.php\/wp-json\/wp\/v2\/media\/14216"}],"wp:attachment":[{"href":"https:\/\/kibrisayna.com\/index.php\/wp-json\/wp\/v2\/media?parent=14215"}],"wp:term":[{"taxonomy":"category","embeddable":true,"href":"https:\/\/kibrisayna.com\/index.php\/wp-json\/wp\/v2\/categories?post=14215"},{"taxonomy":"post_tag","embeddable":true,"href":"https:\/\/kibrisayna.com\/index.php\/wp-json\/wp\/v2\/tags?post=14215"}],"curies":[{"name":"wp","href":"https:\/\/api.w.org\/{rel}","templated":true}]}}