{"id":14211,"date":"2024-12-18T11:38:04","date_gmt":"2024-12-18T08:38:04","guid":{"rendered":"https:\/\/kibrisayna.com\/index.php\/2024\/12\/18\/derin-denizlerin-yeni-yirticisi-hayalete-benziyor-son-dakika-dunya-haberleri\/"},"modified":"2024-12-18T11:38:04","modified_gmt":"2024-12-18T08:38:04","slug":"derin-denizlerin-yeni-yirticisi-hayalete-benziyor-son-dakika-dunya-haberleri","status":"publish","type":"post","link":"https:\/\/kibrisayna.com\/index.php\/2024\/12\/18\/derin-denizlerin-yeni-yirticisi-hayalete-benziyor-son-dakika-dunya-haberleri\/","title":{"rendered":"Derin denizlerin yeni y\u0131rt\u0131c\u0131s\u0131: Hayalete benziyor! &#8211; Son Dakika D\u00fcnya Haberleri"},"content":{"rendered":"<p> <br \/>\n<\/p>\n<div>\n<p><a href=\"https:\/\/www.ntv.com.tr\/dunya\" target=\"_blank\" rel=\"tag noopener\">D\u00fcnya<\/a>&#8216;n\u0131n en derin okyanus \u00e7ukurlar\u0131ndan birinin derinliklerinde, hayalet gibi beyaz renkte, al\u0131\u015f\u0131lmad\u0131k derecede b\u00fcy\u00fck bir y\u0131rt\u0131c\u0131 hayvan ke\u015ffedildi.<\/p>\n<p>Ara\u015ft\u0131rmac\u0131lar, Atacama \u00c7ukuru&#8217;nda Dulcibella camanchaca adl\u0131 yeni bir b\u00fcy\u00fck y\u0131rt\u0131c\u0131 amfipod t\u00fcr\u00fc ke\u015ffetti.<\/p>\n<p>Amfipodlar aras\u0131nda dev say\u0131lan, 4 santimetre uzunlu\u011fundaki karides benzeri bu kabuklunun, ayn\u0131 derinliklerde gizlenen daha k\u00fc\u00e7\u00fck avlar\u0131 avlamak i\u00e7in \u00f6zelle\u015fmi\u015f uzant\u0131lar\u0131 bulunuyor.<\/p>\n<p>B\u00f6lgede \u00e7al\u0131\u015fmalar y\u00fcr\u00fcten <a href=\"https:\/\/www.ntv.com.tr\/bilim\" target=\"_blank\" rel=\"tag noopener\">bilim<\/a> insanlar\u0131, ilk kez bu kadar derinde kabuklular grubundan b\u00fcy\u00fck bir avc\u0131 t\u00fcr\u00fcn\u00fc ke\u015ffetti.<\/p>\n<p>Dulcibella camanchaca h\u0131zl\u0131 y\u00fczen bir avc\u0131 t\u00fcr\u00fc. Bu ismi, geldi\u011fi derin ve karanl\u0131k okyanusu belirtmek i\u00e7in And Da\u011flar\u0131 b\u00f6lgesindeki halklar\u0131n dilinde &#8220;karanl\u0131k&#8221; anlam\u0131ndaki kelimeden esinlenerek verdik.<\/p>\n<p>Atacama \u00c7ukuru&#8217;ndaki \u00e7al\u0131\u015fmalar\u0131na devam etmeyi planlayan ekip ba\u015fka yeni t\u00fcrler de ke\u015ffetmeyi bekliyor<\/p>\n<\/div>\n<p><br \/>\n<br \/><a href=\"https:\/\/www.ntv.com.tr\/dunya\/derin-denizlerin-yeni-yirticisi-hayalete-benziyor,1EbC0Syi8kuKm9pV5sih1Q\"><\/a><\/p>\n","protected":false},"excerpt":{"rendered":"<p>D\u00fcnya&#8216;n\u0131n en derin okyanus \u00e7ukurlar\u0131ndan birinin derinliklerinde, hayalet gibi beyaz renkte, al\u0131\u015f\u0131lmad\u0131k derecede b\u00fcy\u00fck bir y\u0131rt\u0131c\u0131 hayvan ke\u015ffedildi. Ara\u015ft\u0131rmac\u0131lar, Atacama \u00c7ukuru&#8217;nda Dulcibella camanchaca adl\u0131 yeni bir b\u00fcy\u00fck y\u0131rt\u0131c\u0131 amfipod t\u00fcr\u00fc ke\u015ffetti. Amfipodlar aras\u0131nda dev say\u0131lan, 4 santimetre uzunlu\u011fundaki karides benzeri bu kabuklunun, ayn\u0131 derinliklerde gizlenen daha k\u00fc\u00e7\u00fck avlar\u0131 avlamak i\u00e7in \u00f6zelle\u015fmi\u015f uzant\u0131lar\u0131 bulunuyor. B\u00f6lgede \u00e7al\u0131\u015fmalar [&hellip;]<\/p>\n","protected":false},"author":908,"featured_media":14212,"comment_status":"open","ping_status":"open","sticky":false,"template":"","format":"standard","meta":{"_jetpack_memberships_contains_paid_content":false,"footnotes":"","jetpack_publicize_message":"","jetpack_publicize_feature_enabled":true,"jetpack_social_post_already_shared":true,"jetpack_social_options":{"image_generator_settings":{"template":"highway","default_image_id":0,"font":"","enabled":false},"version":2}},"categories":[12],"tags":[],"class_list":["post-14211","post","type-post","status-publish","format-standard","has-post-thumbnail","hentry","category-teknoloji"],"jetpack_publicize_connections":[],"jetpack_featured_media_url":"https:\/\/kibrisayna.com\/wp-content\/uploads\/2024\/12\/8lS0m6cCzkq4O0wMNFYpRQ.jpg","jetpack_sharing_enabled":true,"_links":{"self":[{"href":"https:\/\/kibrisayna.com\/index.php\/wp-json\/wp\/v2\/posts\/14211","targetHints":{"allow":["GET"]}}],"collection":[{"href":"https:\/\/kibrisayna.com\/index.php\/wp-json\/wp\/v2\/posts"}],"about":[{"href":"https:\/\/kibrisayna.com\/index.php\/wp-json\/wp\/v2\/types\/post"}],"author":[{"embeddable":true,"href":"https:\/\/kibrisayna.com\/index.php\/wp-json\/wp\/v2\/users\/908"}],"replies":[{"embeddable":true,"href":"https:\/\/kibrisayna.com\/index.php\/wp-json\/wp\/v2\/comments?post=14211"}],"version-history":[{"count":0,"href":"https:\/\/kibrisayna.com\/index.php\/wp-json\/wp\/v2\/posts\/14211\/revisions"}],"wp:featuredmedia":[{"embeddable":true,"href":"https:\/\/kibrisayna.com\/index.php\/wp-json\/wp\/v2\/media\/14212"}],"wp:attachment":[{"href":"https:\/\/kibrisayna.com\/index.php\/wp-json\/wp\/v2\/media?parent=14211"}],"wp:term":[{"taxonomy":"category","embeddable":true,"href":"https:\/\/kibrisayna.com\/index.php\/wp-json\/wp\/v2\/categories?post=14211"},{"taxonomy":"post_tag","embeddable":true,"href":"https:\/\/kibrisayna.com\/index.php\/wp-json\/wp\/v2\/tags?post=14211"}],"curies":[{"name":"wp","href":"https:\/\/api.w.org\/{rel}","templated":true}]}}