{"id":14203,"date":"2024-12-18T10:00:08","date_gmt":"2024-12-18T07:00:08","guid":{"rendered":"https:\/\/kibrisayna.com\/index.php\/2024\/12\/18\/japon-otomotiv-devleri-birlesme-yolunda\/"},"modified":"2024-12-18T10:00:08","modified_gmt":"2024-12-18T07:00:08","slug":"japon-otomotiv-devleri-birlesme-yolunda","status":"publish","type":"post","link":"https:\/\/kibrisayna.com\/index.php\/2024\/12\/18\/japon-otomotiv-devleri-birlesme-yolunda\/","title":{"rendered":"Japon otomotiv devleri birle\u015fme yolunda"},"content":{"rendered":"<p> <br \/>\n<\/p>\n<div>\n<p><a href=\"https:\/\/www.ntv.com.tr\/honda\" target=\"_blank\" rel=\"tag noopener\">Honda<\/a> ve <a href=\"https:\/\/www.ntv.com.tr\/nissan\" target=\"_blank\" rel=\"tag noopener\">Nissan<\/a> birle\u015fme de dahil olmak \u00fczere ili\u015fkilerini kuvvetlendirmeye y\u00f6nelik ad\u0131mlar atmay\u0131 g\u00f6r\u00fc\u015f\u00fcyorlar.<\/p>\n<p>\u0130ki \u015firketin birle\u015fme ihtimalini ele almas\u0131, bir zamanlar \u00fclkenin rakip tan\u0131mayan <a href=\"https:\/\/www.ntv.com.tr\/otomotiv\" target=\"_blank\" rel=\"tag noopener\">otomotiv<\/a> end\u00fcstrisinin Tesla ve \u00c7inli rakiplerin yaratt\u0131\u011f\u0131 ger\u00e7eklikler nedeniyle \u015fekil de\u011fi\u015ftirdi\u011fine i\u015faret ediyor.<\/p>\n<p>\u0130lk olarak Nikkei gazetesinde yer alan g\u00f6r\u00fc\u015fmeler, Japonya&#8217;n\u0131n ikinci b\u00fcy\u00fck \u00fcreticisi Honda ile \u00fc\u00e7\u00fcnc\u00fc olan Nissan&#8217;\u0131n teknoloji alan\u0131nda i\u015f birli\u011fi yapmas\u0131n\u0131 sa\u011flayaca\u011f\u0131 gibi birle\u015fme ile sonu\u00e7lan\u0131rsa \u00fclkenin en b\u00fcy\u00fck \u00fcreticisi Toyota kar\u015f\u0131s\u0131na g\u00fc\u00e7l\u00fc bir yerli rakip de \u00e7\u0131karabilir.<\/p>\n<p>Konu hakk\u0131nda bilgi sahibi iki kaynak, g\u00f6r\u00fc\u015fmelerin holding \u015firketi kurmak da dahil olmak \u00fczere i\u015f birli\u011fini art\u0131rma y\u00f6ntemleri bulmak \u00fczere ger\u00e7ekle\u015fti\u011fini s\u00f6yledi.<\/p>\n<p>Kaynaklardan birine g\u00f6re, \u015firketler birle\u015fme ihtimalini ve Nissan&#8217;\u0131n y\u00fczde 24 pay ile en b\u00fcy\u00fck hissedar oldu\u011fu Mitsubishi ile de birlikte \u00e7al\u0131\u015fman\u0131n yollar\u0131n\u0131 de\u011ferlendiriyorlar.<\/p>\n<\/div>\n<p><br \/>\n<br \/><a href=\"https:\/\/www.ntv.com.tr\/otomobil\/japon-otomotiv-devleri-birlesme-yolunda,uOvq1ZGPl0i2ftC-w3kbag\"><\/a><\/p>\n","protected":false},"excerpt":{"rendered":"<p>Honda ve Nissan birle\u015fme de dahil olmak \u00fczere ili\u015fkilerini kuvvetlendirmeye y\u00f6nelik ad\u0131mlar atmay\u0131 g\u00f6r\u00fc\u015f\u00fcyorlar. \u0130ki \u015firketin birle\u015fme ihtimalini ele almas\u0131, bir zamanlar \u00fclkenin rakip tan\u0131mayan otomotiv end\u00fcstrisinin Tesla ve \u00c7inli rakiplerin yaratt\u0131\u011f\u0131 ger\u00e7eklikler nedeniyle \u015fekil de\u011fi\u015ftirdi\u011fine i\u015faret ediyor. \u0130lk olarak Nikkei gazetesinde yer alan g\u00f6r\u00fc\u015fmeler, Japonya&#8217;n\u0131n ikinci b\u00fcy\u00fck \u00fcreticisi Honda ile \u00fc\u00e7\u00fcnc\u00fc olan Nissan&#8217;\u0131n teknoloji [&hellip;]<\/p>\n","protected":false},"author":908,"featured_media":14204,"comment_status":"open","ping_status":"open","sticky":false,"template":"","format":"standard","meta":{"_jetpack_memberships_contains_paid_content":false,"footnotes":"","jetpack_publicize_message":"","jetpack_publicize_feature_enabled":true,"jetpack_social_post_already_shared":true,"jetpack_social_options":{"image_generator_settings":{"template":"highway","default_image_id":0,"font":"","enabled":false},"version":2}},"categories":[13],"tags":[],"class_list":["post-14203","post","type-post","status-publish","format-standard","has-post-thumbnail","hentry","category-otomobil"],"jetpack_publicize_connections":[],"jetpack_featured_media_url":"https:\/\/kibrisayna.com\/wp-content\/uploads\/2024\/12\/17LtqrtE_UqqtMmrxLbWCg.jpg","jetpack_sharing_enabled":true,"_links":{"self":[{"href":"https:\/\/kibrisayna.com\/index.php\/wp-json\/wp\/v2\/posts\/14203","targetHints":{"allow":["GET"]}}],"collection":[{"href":"https:\/\/kibrisayna.com\/index.php\/wp-json\/wp\/v2\/posts"}],"about":[{"href":"https:\/\/kibrisayna.com\/index.php\/wp-json\/wp\/v2\/types\/post"}],"author":[{"embeddable":true,"href":"https:\/\/kibrisayna.com\/index.php\/wp-json\/wp\/v2\/users\/908"}],"replies":[{"embeddable":true,"href":"https:\/\/kibrisayna.com\/index.php\/wp-json\/wp\/v2\/comments?post=14203"}],"version-history":[{"count":0,"href":"https:\/\/kibrisayna.com\/index.php\/wp-json\/wp\/v2\/posts\/14203\/revisions"}],"wp:featuredmedia":[{"embeddable":true,"href":"https:\/\/kibrisayna.com\/index.php\/wp-json\/wp\/v2\/media\/14204"}],"wp:attachment":[{"href":"https:\/\/kibrisayna.com\/index.php\/wp-json\/wp\/v2\/media?parent=14203"}],"wp:term":[{"taxonomy":"category","embeddable":true,"href":"https:\/\/kibrisayna.com\/index.php\/wp-json\/wp\/v2\/categories?post=14203"},{"taxonomy":"post_tag","embeddable":true,"href":"https:\/\/kibrisayna.com\/index.php\/wp-json\/wp\/v2\/tags?post=14203"}],"curies":[{"name":"wp","href":"https:\/\/api.w.org\/{rel}","templated":true}]}}