{"id":14183,"date":"2024-12-17T19:23:34","date_gmt":"2024-12-17T16:23:34","guid":{"rendered":"https:\/\/kibrisayna.com\/index.php\/2024\/12\/17\/disisleri-bakanligi-butcesi-gorusulmeye-devam-ediyor-brtk\/"},"modified":"2024-12-17T19:23:34","modified_gmt":"2024-12-17T16:23:34","slug":"disisleri-bakanligi-butcesi-gorusulmeye-devam-ediyor-brtk","status":"publish","type":"post","link":"https:\/\/kibrisayna.com\/index.php\/2024\/12\/17\/disisleri-bakanligi-butcesi-gorusulmeye-devam-ediyor-brtk\/","title":{"rendered":"D\u0131\u015fi\u015fleri Bakanl\u0131\u011f\u0131 b\u00fct\u00e7esi g\u00f6r\u00fc\u015f\u00fclmeye devam ediyor \u2013 BRTK"},"content":{"rendered":"<p> <br \/>\n<\/p>\n<div>\n<div class=\"mariselle-image-container center\">\n                <img loading=\"lazy\" decoding=\"async\" width=\"1600\" height=\"1066\" class=\"lazy-image\" alt=\"\" sizes=\"auto, (max-width: 1600px) 100vw, 1600px\" src=\"https:\/\/brtk.net\/wp-content\/uploads\/2024\/12\/16\/meclisson.jpg?ver=eda7690f90f445ef9e16a3f15cef0811\" srcset=\"https:\/\/brtk.net\/wp-content\/uploads\/2024\/12\/16\/meclisson.jpg?ver=eda7690f90f445ef9e16a3f15cef0811 1600w, https:\/\/brtk.net\/wp-content\/uploads\/2024\/12\/16\/meclisson-300x200.jpg?ver=0e81195ffb668416969b4b984fc0fd1d 300w, https:\/\/brtk.net\/wp-content\/uploads\/2024\/12\/16\/meclisson-1024x682.jpg?ver=8dfcf3f4e08c7ab82bdd3c30e0880f1e 1024w, https:\/\/brtk.net\/wp-content\/uploads\/2024\/12\/16\/meclisson-768x512.jpg?ver=8dfcf3f4e08c7ab82bdd3c30e0880f1e 768w, https:\/\/brtk.net\/wp-content\/uploads\/2024\/12\/16\/meclisson-1536x1023.jpg?ver=edafc409b56cb03728256e4e10e0c579 1536w\"\/>                            <\/div>\n<p>Cumhuriyet Meclisi Genel Kurulu\u2019nda 897 milyon 914 bin TL\u2019lik D\u0131\u015fi\u015fleri Bakanl\u0131\u011f\u0131 b\u00fct\u00e7esi g\u00f6r\u00fc\u015f\u00fclmeye devam ediyor.<\/p>\n<p>\u2013 Ulu\u00e7ay<\/p>\n<p>B\u00fct\u00e7e \u00fczerine s\u00f6z alan CTP Milletvekili Teberr\u00fcken Ulu\u00e7ay, D\u0131\u015fi\u015fleri Bakanl\u0131\u011f\u0131 b\u00fcrokrat ve temsilcilerini, b\u00f6lgede  geli\u015fen olaylar \u00e7er\u00e7evesinde daha yo\u011fun bir s\u00fcre\u00e7 bekledi\u011fini dile getirdi.<\/p>\n<p>D\u0131\u015fi\u015fleri Bakanl\u0131\u011f\u0131\u2019n\u0131n kaynak ihtiyac\u0131n\u0131n ge\u00e7mi\u015fe k\u0131yasla artt\u0131\u011f\u0131n\u0131 kaydeden Ulu\u00e7ay, k\u0131sa ve orta vadeli \u00e7al\u0131\u015fma program\u0131na uygun \u015fekilde kaynak sa\u011flanmas\u0131n\u0131n \u00f6nemli oldu\u011funu kaydetti.<\/p>\n<p>T\u00fcrkiye Cumhuriyeti\u2019nin uluslararas\u0131 ili\u015fkilerde \u00fcstlendi\u011fi rol ve \u00f6n\u00fcm\u00fczdeki s\u00fcre\u00e7te b\u00f6lgede ya\u015fanacaklara da de\u011finen Ulu\u00e7ay bunlar\u0131n ekonomiyle de ili\u015fkili oldu\u011funu kaydetti.<\/p>\n<p>K\u0131sa vadede yeni ge\u00e7i\u015f noktalar\u0131 a\u00e7\u0131lmas\u0131 i\u00e7in liderlerin g\u00f6r\u00fc\u015fmesiyle ilgili olarak da Ulu\u00e7ay, ge\u00e7mi\u015fte her seferinde, her iki taraf\u0131n\u0131n talep etti\u011fi birer ge\u00e7i\u015f noktas\u0131 a\u00e7\u0131ld\u0131\u011f\u0131n\u0131 hat\u0131rlatarak, iki liderin bir araya gelerek bu konuda at\u0131lacak ad\u0131mlar i\u00e7in takvim olu\u015fturmas\u0131n\u0131n beklendi\u011fini s\u00f6yledi.<\/p>\n<p>Ulu\u00e7ay, bu ve 5\u2019li g\u00f6r\u00fc\u015fme a\u00e7\u0131klamalar\u0131n\u0131n b\u00f6lgedeki geli\u015fmeler \u00e7er\u00e7evesinde ele al\u0131nmas\u0131 gerekti\u011fini s\u00f6yledi.<\/p>\n<p>M\u00fczakerelerin donmu\u015f durumda oldu\u011funu, bu s\u00fcre\u00e7le birlikte yeniden m\u00fczakere s\u00fcreci ba\u015flat\u0131l\u0131rsa, m\u00fczakerelerin sonu\u00e7 al\u0131c\u0131 olmas\u0131n\u0131n en \u00f6nemli unsur oldu\u011funu ifade eden Ulu\u00e7ay, K\u0131br\u0131s sorununun sonu\u00e7 odakl\u0131 bir s\u00fcre\u00e7le \u00e7\u00f6z\u00fcme kavu\u015fturulmas\u0131 gerekti\u011fini belirtti.<\/p>\n<p>M\u00fczakere s\u00fcreci, yeni ge\u00e7i\u015f noktalar\u0131n a\u00e7\u0131lmas\u0131 meselesi ve be\u015fli g\u00f6r\u00fc\u015fme konular\u0131yla ilgili olarak ise Ulu\u00e7ay,  \u201cHem aktif rol almal\u0131y\u0131z, hem de \u00f6zne olmal\u0131y\u0131z.\u201d diye konu\u015ftu.<\/p>\n<p>K\u0131br\u0131s T\u00fcrk halk\u0131n\u0131n hem  ekonomik  hem de siyasi a\u00e7\u0131dan \u00e7\u00f6z\u00fcme ihtiya\u00e7 duydu\u011funu dile getiren Ulu\u00e7ay, K\u0131br\u0131s T\u00fcrk halk\u0131n\u0131n beklentisinin gelece\u011fe d\u00f6n\u00fck oldu\u011funu s\u00f6yledi.<\/p>\n<p>\u201cK\u0131br\u0131s T\u00fcrk halk\u0131n a\u00e7\u0131s\u0131ndan d\u00f6rt y\u0131l\u0131 bo\u015funa harcad\u0131k.\u201d diyen Ulu\u00e7ay, halk\u0131n sonu\u00e7 odakl\u0131 bir m\u00fczakere bekledi\u011fini dile getirdi.<\/p>\n<p>Ulu\u00e7ay, k\u0131sa vadede at\u0131labilecek ad\u0131mlar \u00e7er\u00e7evesinde yeni ge\u00e7i\u015f noktalar\u0131n a\u00e7\u0131lmas\u0131n\u0131n, buna paralel G\u00fcney K\u0131br\u0131s ile ili\u015fkilerin geli\u015ftirilmesinin , \u00f6zellikle  iki taraf aras\u0131ndaki ticaretin \u00f6n\u00fcn\u00fcn a\u00e7\u0131lmas\u0131n\u0131n K\u0131br\u0131s T\u00fcrk halk\u0131 a\u00e7\u0131s\u0131ndan  \u00f6nemine i\u015faret  etti ve bunlar\u0131n g\u00fcndeme al\u0131nmas\u0131n\u0131 istedi. <\/p>\n<p> \u201cDo\u011frudan ticaret bizim en do\u011fal hakk\u0131m\u0131zd\u0131r.\u201d diyen Ulu\u00e7ay, k\u0131sa ve orta vadede ele al\u0131nacak ad\u0131mlarla ilgili g\u00f6r\u00fc\u015flerini  aktard\u0131.<\/p>\n<p>\u2013 Derya<\/p>\n<p>CTP Milletvekili Do\u011fu\u015f Derya da d\u00fcnyada ya\u015fanan geli\u015fmelere de\u011finerek s\u00f6zlerine ba\u015flad\u0131.<\/p>\n<p>1990\u2019l\u0131 y\u0131llardan itibaren so\u011fuk sava\u015f\u0131n i\u00e7inde bulunan \u00fclkelerin ordular\u0131nda \u00f6nce ciddi bir k\u00fc\u00e7\u00fclmeye gidildi\u011fini kaydeden Derya, bu k\u00fc\u00e7\u00fclme sonras\u0131nda bir\u00e7ok ordu mensubu ve istihbarat \u00e7al\u0131\u015fan\u0131n\u0131n o d\u00f6nemlerde i\u015fsiz kald\u0131\u011f\u0131n\u0131 dile getirdi.<\/p>\n<p>Bu i\u015fsiz kalan ki\u015filerin 90\u2019lar\u0131n ortas\u0131ndan itibaren \u00f6zel askeri g\u00fcvenlik \u015firketleri  kurmaya ba\u015flad\u0131\u011f\u0131n\u0131 ifade eden Derya, \u00f6zel askeri g\u00fcvenlik \u015firketlerinin  bug\u00fcn d\u00fcnyan\u0131n en yoksul \u00fclkelerinde \u00fclkenin yurtta\u015f\u0131  olmayan ki\u015fileri al\u0131p sava\u015ft\u0131rd\u0131\u011f\u0131n\u0131 kaydetti.<\/p>\n<p>\u201cK\u00fcresel kapitalizm, para s\u00f6z konusu oldu\u011funda vitrinde bir tak\u0131m politik do\u011frucu s\u00f6zler s\u00f6ylese de, asl\u0131nda arka planda nereden kar ediyorsa o ba\u011flamda kan d\u00f6kmekten, toprak b\u00f6lmekten ve istiladan \u00e7ekinmiyor.\u201d diyen Derya, ele\u015ftirilerde bulundu.<\/p>\n<p> D\u00fcnyada giderek \u0131rk\u00e7\u0131l\u0131\u011f\u0131n y\u00fckseltti\u011fini kaydeden Derya, bu sa\u011f pop\u00fclist iktidarlar\u0131n d\u00fcnyay\u0131 ak\u0131l d\u0131\u015f\u0131 bir yerden y\u00f6netmeye ba\u015flad\u0131\u011f\u0131n\u0131 dile getirdi.<\/p>\n<p>Siyaset par\u00e7alan\u0131rken, onun yerini  grupla\u015ft\u0131r\u0131c\u0131  bir dil ve bunun \u00fczerinden d\u00fc\u015fmanl\u0131k yayan \u00f6tekile\u015ftirici bir politikan\u0131n yer ald\u0131\u011f\u0131n\u0131 ifade eden Derya, \u201cBunun tabii ki en temel kar\u015f\u0131l\u0131\u011f\u0131 \u00fclkelerde kar\u015f\u0131la\u015ft\u0131\u011f\u0131m\u0131z \u0131rk\u00e7\u0131l\u0131k oluyor.\u201d ifadesini kulland\u0131.<\/p>\n<p>Derya, \u201cK\u0131br\u0131s T\u00fcrk halk\u0131 olarak, biz bu s\u00fcre\u00e7lerin neresindeyiz? D\u0131\u015fi\u015fleri Bakanl\u0131\u011f\u0131 olarak veya K\u0131br\u0131s T\u00fcrk halk\u0131 olarak hi\u00e7bir yerinde de\u011filiz. Uzunca bir s\u00fcredir bizim ad\u0131m\u0131za konu\u015fan bir T\u00fcrkiye D\u0131\u015fi\u015fleri Bakanl\u0131\u011f\u0131 var.\u201d diye konu\u015ftu.<\/p>\n<p>\u201cSon d\u00f6nemlerde Silikon Vadisi tart\u0131\u015fmalar\u0131nda da \u00e7ok \u00f6ne \u00e7\u0131kan bir Yapay Zeka s\u00fcreci var ki hem askeri anlamda hem de istihbarat  anlam\u0131nda \u00e7ok yayg\u0131nla\u015fmaya ba\u015flad\u0131.\u201d \u015feklinde konu\u015fan Derya, art\u0131k ak\u0131ll\u0131 telefonlar\u0131ndaki verilerin Yapay Zeka taraf\u0131ndan \u00e7e\u015fitli \u015fekillerde topland\u0131\u011f\u0131n\u0131 g\u00f6rd\u00fcklerini s\u00f6yledi. Derya Akkuyu N\u00fckleer Santraliyle ilgili de konu\u015farak  Amerika\u2019n\u0131n y\u00fckselen bir d\u00fcnya g\u00fcc\u00fc olan \u00c7in\u2019e kar\u015f\u0131 alternatif olu\u015fturmaya \u00e7al\u0131\u015ft\u0131\u011f\u0131n\u0131 ifade etti.<\/p>\n<p>Derya, Cumhurba\u015fkan\u0131 Ersin Tatar ile D\u0131\u015fi\u015fleri Bakan\u0131 Tahsin Ertu\u011furulo\u011flu\u2019na y\u00f6nelik ele\u015ftirilerde bulundu.<\/p>\n<p>Federal \u00e7\u00f6z\u00fcm\u00fc savunanlar\u0131 Rumcu, bar\u0131\u015f isteyen insanlar\u0131 da vatan haini ilan eden bir kesim oldu\u011funu dile getiren Derya, K\u0131br\u0131s meselesindeki s\u00fcrece de\u011findi.<\/p>\n<p>Derya, \u201cToprak ve m\u00fclkiyet yap\u0131s\u0131 de\u011fi\u015ftirilirken i\u00e7ine kapat\u0131ld\u0131\u011f\u0131m\u0131z hapishane i\u00e7erisinde nefes almam\u0131z bekleniyor. Bu nefessizlik i\u00e7erisinde bir\u00e7ok gencimizle \u00fclkeden g\u00f6\u00e7 ediyor.\u201d ifadelerine yer verdi.<\/p>\n<p>Y\u00fcr\u00fct\u00fclen politikalar\u0131  ele\u015ftiren Derya, \u201cKKTC\u2019nin yurt d\u0131\u015f\u0131 temsiciliklerinin ne yapt\u0131\u011f\u0131n\u0131\u201d sordu.<\/p>\n<p>\u00dclkede bir gazetenin insan ticaretiyle ilgili yay\u0131nlar yapt\u0131\u011f\u0131n\u0131 kaydeden Derya, bu konuda al\u0131nan \u00f6nlemelerin neler oldu\u011funa y\u00f6nelik sorular y\u00f6neltti, yan\u0131t istedi.<\/p>\n<p>Yeni ge\u00e7i\u015f kap\u0131lar\u0131 a\u00e7\u0131lmas\u0131n\u0131n ekonomik olarak \u00f6nemli oldu\u011funu vurgulayan Derya,  K\u0131br\u0131s T\u00fcrk ekonomisinin bu kap\u0131lara ihtiyac\u0131 oldu\u011funu dile getirdi.<\/p>\n<p>Adan\u0131n nefes alabilmesi i\u00e7in at\u0131lacak ad\u0131mlar\u0131n engellendi\u011fini kaydeden Derya,  \u201cSiz  \u00fclkeye nefes ald\u0131racak  ad\u0131mlar\u0131 atm\u0131yorsunuz, at\u0131lmas\u0131 i\u00e7in herhangi bir giri\u015fim yapm\u0131yorsunuz. Atacak olana da kar\u015f\u0131 \u00e7\u0131k\u0131yorsunuz.\u201d \u015feklinde konu\u015ftu.<\/p>\n<p>Derya, \u201cBiz insan haysiyetine uygun, bar\u0131\u015f demokrasi ve insan haklar\u0131na uygun bir K\u0131br\u0131s yaratabilmek i\u00e7in u\u011fra\u015f\u0131yoruz. Bu vizyon ekseninde bir toplumsal mutabakat sa\u011flanmaz.\u201d dedi.<\/p>\n<p>\u2013 \u00d6zt\u00fcrk<\/p>\n<p>UBP Milletvekili Yasemi \u00d6zt\u00fcrk de D\u0131\u015fi\u015fleri Bakanl\u0131\u011f\u0131\u2019n\u0131n \u00f6nemli bir bakanl\u0131k oldu\u011funu belirterek s\u00f6zlerine ba\u015flad\u0131.<\/p>\n<p>G\u00fcney K\u0131br\u0131s\u2019\u0131n NATO\u2019ya girmesiyle ilgili g\u00f6r\u00fc\u015fmelere de\u011finen \u00d6zt\u00fcrk, baz\u0131 ele\u015ftirilerde bulundu.<\/p>\n<p>\u201cBunun nedeni  T\u00fcrkiye\u2019ye g\u00f6zda\u011f\u0131 vermek, yani T\u00fcrkiye\u2019yi Kuzey K\u0131br\u0131s T\u00fcrk Cumhuriyeti\u2019nden vazge\u00e7irmek de olabilir.\u201d diyen \u00d6zt\u00fcrk, bu t\u00fcr k\u00fcresel planlar kap\u0131lar\u0131na gelmeden gerekli tedbirlerin al\u0131nmas\u0131 gerekti\u011fini dile getirdi.<\/p>\n<p>G\u00fcney K\u0131br\u0131s\u2019taki silahlanma konusuna da de\u011finen \u00d6zt\u00fcrk, \u201cK\u0131br\u0131s adas\u0131nda bar\u0131\u015f varsa bunun tek sebebi ve tek nedeni \u00fclkemizdeki varl\u0131\u011f\u0131m\u0131z\u0131n bir par\u00e7as\u0131 olan T\u00fcrk askerleri ve T\u00fcrkiye Cumhuriyetidir.\u201d dedi.<\/p>\n<p>\u2013 \u00d6zuslu<\/p>\n<p>CTP Milletvekili Sami \u00d6zuslu da, d\u0131\u015f politikada izlenen yol konusunda ele\u015ftirilerde bulunarak s\u00f6zlerine ba\u015flad\u0131.<\/p>\n<p>D\u0131\u015f politikada tutulan  yolun yanl\u0131\u015f oldu\u011funu, bu yol nedeniyle  d\u00fcnyadan kopmaya devam ettiklerini kaydeden \u00d6zuslu,  \u201c\u00d6zellikle Cumhurba\u015fkanl\u0131\u011f\u0131 d\u00fczeyinde Br\u00fcksel\u2019e gidip orada sadece T\u00fcrk gazeteciler ve T\u00fcrk b\u00fcrokrasisi ile g\u00f6r\u00fc\u015fmek ve d\u00f6nmek, New York\u2019ta do\u011fru d\u00fczg\u00fcn bir temas yapamamak\u2026\u201d diye konu\u015ftu.<\/p>\n<p>Cumhurba\u015fkanl\u0131\u011f\u0131 ile D\u0131\u015fi\u015fleri Bakanl\u0131\u011f\u0131\u2019n\u0131n ne kadar koordineli oldu\u011fuyla ilgili \u015f\u00fcpheleri oldu\u011funu dile getiren \u00d6zuslu, ele\u015ftirilerde bulundu.<\/p>\n<p>Ge\u00e7i\u015f noktalar\u0131 konusuna de\u011finen \u00d6zuslu, Cumhurba\u015fkanl\u0131\u011f\u0131 ile h\u00fck\u00fcmet aras\u0131nda farkl\u0131 g\u00f6r\u00fc\u015fler oldu\u011funu savundu.<\/p>\n<p>Hem K\u0131br\u0131sl\u0131 T\u00fcrkler hem  Rumlar\u0131n  hem de yabanc\u0131lar\u0131n yeni ge\u00e7i\u015f noktalar\u0131n\u0131n a\u00e7\u0131lmas\u0131n\u0131n turizm i\u00e7in \u00e7ok \u00f6nemli oldu\u011funu s\u00f6yledi\u011fine vurgu yapan \u00d6zuslu, bu hususta Cumhurba\u015fkan\u0131 ve D\u0131\u015fi\u015fleri Bakan\u0131\u2019na y\u00f6nelik ele\u015ftirilerde bulundu.<\/p>\n<p>Do\u011frudan u\u00e7u\u015f ve fedaral \u00e7\u00f6z\u00fcm konular\u0131na de\u011finen \u00d6zuslu, \u201cge\u00e7i\u015fler konusunda izlenen siyasetin ne oldu\u011funu\u201d sordu.<\/p>\n<p>Ye\u015fil Hat T\u00fcz\u00fc\u011f\u00fc konusuna de\u011finen \u00d6zuslu, \u201cSiz neden son g\u00fcnlerde 3-5 kilo et alanlar\u0131 bask\u0131 alt\u0131na al\u0131yorsunuz. Bir karar m\u0131 ald\u0131n\u0131z? D\u0131\u015fi\u015fleri Bakanl\u0131\u011f\u0131\u2019n\u0131n bundan haberi var m\u0131? \u0130nsanlar\u0131 G\u00fcney\u2019den ticaretten cayd\u0131rmaya m\u0131 y\u00f6neliktir?\u201d \u015feklinde sorular y\u00f6neltti.<\/p>\n<p>Pile\u2019deki son durumun ne oldu\u011funu soran \u00d6zuslu, s\u00fcre\u00e7le ilgili bilgi istedi.<\/p>\n<p>Karma evlilikten do\u011fan \u00e7ocuklar\u0131n ya\u015fad\u0131\u011f\u0131 s\u0131k\u0131nt\u0131lara de\u011finen \u00d6zuslu,  \u201cBu konuda giri\u015fim yapanlar\u0131n desteklenmesi gerekmez mi? Bu konuda herhangi bir deste\u011finiz var m\u0131? H\u00fck\u00fcmet bu konuda ne yap\u0131yor?\u201d ifadelerini kulland\u0131.<\/p>\n<p>Bas\u0131nda yer alan baz\u0131 belge ve foto\u011fraflar\u0131 payla\u015fan \u00d6zuslu, K\u0131br\u0131sl\u0131 T\u00fcrkler\u2019in uluslararas\u0131 toplant\u0131larda  \u00e7ekilmi\u015f bu foto\u011fraflar\u0131n neresinde oldu\u011funu sordu.<\/p>\n<p>\u201cSay\u0131n Erdo\u011fan, diplomatik olarak Yunanistan ba\u015fbakan\u0131 ile bir araya geliyorsa ve bu foto\u011fraf\u0131 bilerek isteyerek medyaya veriyorsa, uluslararas\u0131 medyada bunun bir anlam\u0131 vard\u0131r.\u201d diyen \u00d6zuslu, baz\u0131 ele\u015ftirilerde bulundu.<\/p>\n<p>\u00d6zuslu, bu toplumun ya\u015fanan geli\u015fmeler kar\u015f\u0131s\u0131nda kendisini d\u0131\u015flanm\u0131\u015f hissetti\u011fini vurgulad\u0131.<\/p>\n<p>\u00d6zuslu, \u201cT\u00fcrkiye Cumhuriyeti ile K\u0131br\u0131s Cumhuriyeti aras\u0131nda ciddi bir ticaret hacmi var. Bu rakamlarla art\u0131k ortaya \u00e7\u0131km\u0131\u015f durumdad\u0131r O y\u00fczden biz, bu foto\u011fraflar\u0131n neresindeyiz?\u201d dedi.<\/p>\n<p>\u201cOrtado\u011fu fokur fokur kaynar, yeni planlar var.\u201d diyen \u00d6zuslu, b\u00f6lgede ya\u015fananlara de\u011findi.<\/p>\n<p>\u201cHi\u00e7bir \u015fey, bu co\u011frafyada bar\u0131\u015ftan daha de\u011ferli de\u011fildir.\u201d diyen \u00d6zuslu, bar\u0131\u015f s\u00f6ylemlerine sonuna kadar sahip \u00e7\u0131kacaklar\u0131n\u0131 ifade etti.<\/p>\n<\/p><\/div>\n<p><script async\n                    defer\n                    crossorigin=\"anonymous\"\n                    src=\"https:\/\/connect.facebook.net\/tr_TR\/sdk.js#xfbml=1&#038;version=v3.3\"\n            ><\/script><br \/>\n<br \/><br \/>\n<br \/><a href=\"https:\/\/brtk.net\/disisleri-bakanligi-butcesi-gorusulmeye-devam-ediyor\/\">Kaynak BRT <\/a><\/p>\n","protected":false},"excerpt":{"rendered":"<p>Cumhuriyet Meclisi Genel Kurulu\u2019nda 897 milyon 914 bin TL\u2019lik D\u0131\u015fi\u015fleri Bakanl\u0131\u011f\u0131 b\u00fct\u00e7esi g\u00f6r\u00fc\u015f\u00fclmeye devam ediyor. \u2013 Ulu\u00e7ay B\u00fct\u00e7e \u00fczerine s\u00f6z alan CTP Milletvekili Teberr\u00fcken Ulu\u00e7ay, D\u0131\u015fi\u015fleri Bakanl\u0131\u011f\u0131 b\u00fcrokrat ve temsilcilerini, b\u00f6lgede geli\u015fen olaylar \u00e7er\u00e7evesinde daha yo\u011fun bir s\u00fcre\u00e7 bekledi\u011fini dile getirdi. D\u0131\u015fi\u015fleri Bakanl\u0131\u011f\u0131\u2019n\u0131n kaynak ihtiyac\u0131n\u0131n ge\u00e7mi\u015fe k\u0131yasla artt\u0131\u011f\u0131n\u0131 kaydeden Ulu\u00e7ay, k\u0131sa ve orta vadeli \u00e7al\u0131\u015fma [&hellip;]<\/p>\n","protected":false},"author":908,"featured_media":14184,"comment_status":"open","ping_status":"open","sticky":false,"template":"","format":"standard","meta":{"_jetpack_memberships_contains_paid_content":false,"footnotes":"","jetpack_publicize_message":"","jetpack_publicize_feature_enabled":true,"jetpack_social_post_already_shared":true,"jetpack_social_options":{"image_generator_settings":{"template":"highway","default_image_id":0,"font":"","enabled":false},"version":2}},"categories":[253],"tags":[],"class_list":["post-14183","post","type-post","status-publish","format-standard","has-post-thumbnail","hentry","category-gundem"],"jetpack_publicize_connections":[],"jetpack_featured_media_url":"https:\/\/kibrisayna.com\/wp-content\/uploads\/2024\/12\/1734371811311MECLIS-GENEL-2.jpg","jetpack_sharing_enabled":true,"_links":{"self":[{"href":"https:\/\/kibrisayna.com\/index.php\/wp-json\/wp\/v2\/posts\/14183","targetHints":{"allow":["GET"]}}],"collection":[{"href":"https:\/\/kibrisayna.com\/index.php\/wp-json\/wp\/v2\/posts"}],"about":[{"href":"https:\/\/kibrisayna.com\/index.php\/wp-json\/wp\/v2\/types\/post"}],"author":[{"embeddable":true,"href":"https:\/\/kibrisayna.com\/index.php\/wp-json\/wp\/v2\/users\/908"}],"replies":[{"embeddable":true,"href":"https:\/\/kibrisayna.com\/index.php\/wp-json\/wp\/v2\/comments?post=14183"}],"version-history":[{"count":0,"href":"https:\/\/kibrisayna.com\/index.php\/wp-json\/wp\/v2\/posts\/14183\/revisions"}],"wp:featuredmedia":[{"embeddable":true,"href":"https:\/\/kibrisayna.com\/index.php\/wp-json\/wp\/v2\/media\/14184"}],"wp:attachment":[{"href":"https:\/\/kibrisayna.com\/index.php\/wp-json\/wp\/v2\/media?parent=14183"}],"wp:term":[{"taxonomy":"category","embeddable":true,"href":"https:\/\/kibrisayna.com\/index.php\/wp-json\/wp\/v2\/categories?post=14183"},{"taxonomy":"post_tag","embeddable":true,"href":"https:\/\/kibrisayna.com\/index.php\/wp-json\/wp\/v2\/tags?post=14183"}],"curies":[{"name":"wp","href":"https:\/\/api.w.org\/{rel}","templated":true}]}}