{"id":14181,"date":"2024-12-17T19:22:07","date_gmt":"2024-12-17T16:22:07","guid":{"rendered":"https:\/\/kibrisayna.com\/index.php\/2024\/12\/17\/cumhurbaskani-tatara-turk-dunyasi-ustun-hizmet-madalyasi-verildi-brtk-2\/"},"modified":"2024-12-17T19:22:07","modified_gmt":"2024-12-17T16:22:07","slug":"cumhurbaskani-tatara-turk-dunyasi-ustun-hizmet-madalyasi-verildi-brtk-2","status":"publish","type":"post","link":"https:\/\/kibrisayna.com\/index.php\/2024\/12\/17\/cumhurbaskani-tatara-turk-dunyasi-ustun-hizmet-madalyasi-verildi-brtk-2\/","title":{"rendered":"Cumhurba\u015fkan\u0131 Tatar\u2019a T\u00fcrk D\u00fcnyas\u0131 \u00dcst\u00fcn Hizmet Madalyas\u0131 verildi \u2013 BRTK"},"content":{"rendered":"<p> <br \/>\n<\/p>\n<div>\n<div class=\"mariselle-image-container center\">\n                <img loading=\"lazy\" decoding=\"async\" width=\"1600\" height=\"1066\" class=\"lazy-image\" alt=\"\" sizes=\"auto, (max-width: 1600px) 100vw, 1600px\" src=\"https:\/\/brtk.net\/wp-content\/uploads\/2024\/12\/17\/dfd9cfe3-7f55-47a4-8ab5-0e9d4b935fef.jpg?ver=0bc8211c5bca8772916f8edb6bff06af\" srcset=\"https:\/\/brtk.net\/wp-content\/uploads\/2024\/12\/17\/dfd9cfe3-7f55-47a4-8ab5-0e9d4b935fef.jpg?ver=0bc8211c5bca8772916f8edb6bff06af 1600w, https:\/\/brtk.net\/wp-content\/uploads\/2024\/12\/17\/dfd9cfe3-7f55-47a4-8ab5-0e9d4b935fef-300x200.jpg?ver=3f97e656d9151d85c0e674d985f4cd06 300w, https:\/\/brtk.net\/wp-content\/uploads\/2024\/12\/17\/dfd9cfe3-7f55-47a4-8ab5-0e9d4b935fef-1024x682.jpg?ver=3f97e656d9151d85c0e674d985f4cd06 1024w, https:\/\/brtk.net\/wp-content\/uploads\/2024\/12\/17\/dfd9cfe3-7f55-47a4-8ab5-0e9d4b935fef-768x512.jpg?ver=3f97e656d9151d85c0e674d985f4cd06 768w, https:\/\/brtk.net\/wp-content\/uploads\/2024\/12\/17\/dfd9cfe3-7f55-47a4-8ab5-0e9d4b935fef-1536x1023.jpg?ver=878684d3cf6be72281d95dfcc84a3427 1536w\"\/>                            <\/div>\n<p>Cumhurba\u015fkan\u0131 Ersin Tatar, T\u00fcrk D\u00fcnyas\u0131 M\u00fchendisler ve Mimarlar Birli\u011fi ile Yak\u0131n Do\u011fu \u00dcniversitesi\u2019nin i\u015f birli\u011finde d\u00fczenlenen K\u00fcresel \u0130klim De\u011fi\u015fikli\u011fi Uluslararas\u0131 Konferans\u0131\u2019na kat\u0131ld\u0131. <\/p>\n<p>Cumhurba\u015fkan\u0131 Tatar, konferansta yapt\u0131\u011f\u0131 konu\u015fmada, k\u00fcresel iklim de\u011fi\u015fikli\u011fiyle m\u00fccadelenin \u00f6nemine dikkat \u00e7ekerek, bu t\u00fcr organizasyonlar\u0131n T\u00fcrk d\u00fcnyas\u0131n\u0131n dayan\u0131\u015fma ve i\u015f birli\u011fini g\u00fc\u00e7lendirdi\u011fini vurgulad\u0131.<\/p>\n<p>Konferans\u0131n ard\u0131ndan d\u00fczenlenen t\u00f6rende Cumhurba\u015fkan\u0131 Tatar\u2019a, T\u00fcrk D\u00fcnyas\u0131 M\u00fchendisler ve Mimarlar Birli\u011fi taraf\u0131ndan \u201cT\u00fcrk D\u00fcnyas\u0131 \u00dcst\u00fcn Hizmet Madalyas\u0131\u201d takdim edildi. \u00d6d\u00fcl, Cumhurba\u015fkan\u0131 Tatar\u2019\u0131n T\u00fcrk D\u00fcnyas\u0131 ile Kuzey K\u0131br\u0131s T\u00fcrk Cumhuriyeti aras\u0131ndaki ba\u011flar\u0131n g\u00fc\u00e7lenmesi konusunda ortaya koydu\u011fu \u00e7abalara ve devlet adaml\u0131\u011f\u0131 \u00f6rne\u011fi sergileyerek birli\u011fin g\u00fc\u00e7lenmesine sundu\u011fu katk\u0131lara ithafen verildi.<\/p>\n<\/p><\/div>\n<p><script async\n                    defer\n                    crossorigin=\"anonymous\"\n                    src=\"https:\/\/connect.facebook.net\/tr_TR\/sdk.js#xfbml=1&#038;version=v3.3\"\n            ><\/script><br \/>\n<br \/><br \/>\n<br \/><a href=\"https:\/\/brtk.net\/cumhurbaskani-tatara-turk-dunyasi-ustun-hizmet-madalyasi-verildi-2\/\">Kaynak BRT <\/a><\/p>\n","protected":false},"excerpt":{"rendered":"<p>Cumhurba\u015fkan\u0131 Ersin Tatar, T\u00fcrk D\u00fcnyas\u0131 M\u00fchendisler ve Mimarlar Birli\u011fi ile Yak\u0131n Do\u011fu \u00dcniversitesi\u2019nin i\u015f birli\u011finde d\u00fczenlenen K\u00fcresel \u0130klim De\u011fi\u015fikli\u011fi Uluslararas\u0131 Konferans\u0131\u2019na kat\u0131ld\u0131. Cumhurba\u015fkan\u0131 Tatar, konferansta yapt\u0131\u011f\u0131 konu\u015fmada, k\u00fcresel iklim de\u011fi\u015fikli\u011fiyle m\u00fccadelenin \u00f6nemine dikkat \u00e7ekerek, bu t\u00fcr organizasyonlar\u0131n T\u00fcrk d\u00fcnyas\u0131n\u0131n dayan\u0131\u015fma ve i\u015f birli\u011fini g\u00fc\u00e7lendirdi\u011fini vurgulad\u0131. Konferans\u0131n ard\u0131ndan d\u00fczenlenen t\u00f6rende Cumhurba\u015fkan\u0131 Tatar\u2019a, T\u00fcrk D\u00fcnyas\u0131 M\u00fchendisler ve [&hellip;]<\/p>\n","protected":false},"author":908,"featured_media":14182,"comment_status":"open","ping_status":"open","sticky":false,"template":"","format":"standard","meta":{"_jetpack_memberships_contains_paid_content":false,"footnotes":"","jetpack_publicize_message":"","jetpack_publicize_feature_enabled":true,"jetpack_social_post_already_shared":true,"jetpack_social_options":{"image_generator_settings":{"template":"highway","default_image_id":0,"font":"","enabled":false},"version":2}},"categories":[253],"tags":[],"class_list":["post-14181","post","type-post","status-publish","format-standard","has-post-thumbnail","hentry","category-gundem"],"jetpack_publicize_connections":[],"jetpack_featured_media_url":"https:\/\/kibrisayna.com\/wp-content\/uploads\/2024\/12\/dfd9cfe3-7f55-47a4-8ab5-0e9d4b935fef.jpg","jetpack_sharing_enabled":true,"_links":{"self":[{"href":"https:\/\/kibrisayna.com\/index.php\/wp-json\/wp\/v2\/posts\/14181","targetHints":{"allow":["GET"]}}],"collection":[{"href":"https:\/\/kibrisayna.com\/index.php\/wp-json\/wp\/v2\/posts"}],"about":[{"href":"https:\/\/kibrisayna.com\/index.php\/wp-json\/wp\/v2\/types\/post"}],"author":[{"embeddable":true,"href":"https:\/\/kibrisayna.com\/index.php\/wp-json\/wp\/v2\/users\/908"}],"replies":[{"embeddable":true,"href":"https:\/\/kibrisayna.com\/index.php\/wp-json\/wp\/v2\/comments?post=14181"}],"version-history":[{"count":0,"href":"https:\/\/kibrisayna.com\/index.php\/wp-json\/wp\/v2\/posts\/14181\/revisions"}],"wp:featuredmedia":[{"embeddable":true,"href":"https:\/\/kibrisayna.com\/index.php\/wp-json\/wp\/v2\/media\/14182"}],"wp:attachment":[{"href":"https:\/\/kibrisayna.com\/index.php\/wp-json\/wp\/v2\/media?parent=14181"}],"wp:term":[{"taxonomy":"category","embeddable":true,"href":"https:\/\/kibrisayna.com\/index.php\/wp-json\/wp\/v2\/categories?post=14181"},{"taxonomy":"post_tag","embeddable":true,"href":"https:\/\/kibrisayna.com\/index.php\/wp-json\/wp\/v2\/tags?post=14181"}],"curies":[{"name":"wp","href":"https:\/\/api.w.org\/{rel}","templated":true}]}}