{"id":14179,"date":"2024-12-17T19:09:56","date_gmt":"2024-12-17T16:09:56","guid":{"rendered":"https:\/\/kibrisayna.com\/index.php\/2024\/12\/17\/tarim-ve-dogal-kaynaklar-bakani-cavus-turk-dunyasi-muhendisler-ve-mimarlar-birligi-heyetini-kabul-etti-brtk\/"},"modified":"2024-12-17T19:09:56","modified_gmt":"2024-12-17T16:09:56","slug":"tarim-ve-dogal-kaynaklar-bakani-cavus-turk-dunyasi-muhendisler-ve-mimarlar-birligi-heyetini-kabul-etti-brtk","status":"publish","type":"post","link":"https:\/\/kibrisayna.com\/index.php\/2024\/12\/17\/tarim-ve-dogal-kaynaklar-bakani-cavus-turk-dunyasi-muhendisler-ve-mimarlar-birligi-heyetini-kabul-etti-brtk\/","title":{"rendered":"Tar\u0131m ve Do\u011fal Kaynaklar Bakan\u0131 \u00c7avu\u015f, T\u00fcrk D\u00fcnyas\u0131 M\u00fchendisler ve Mimarlar Birli\u011fi heyetini kabul etti \u2013 BRTK"},"content":{"rendered":"<p> <br \/>\n<\/p>\n<div>\n<div class=\"mariselle-image-container center\">\n                <img loading=\"lazy\" decoding=\"async\" width=\"1600\" height=\"575\" class=\"lazy-image\" alt=\"\" sizes=\"auto, (max-width: 1600px) 100vw, 1600px\" src=\"https:\/\/brtk.net\/wp-content\/uploads\/2024\/12\/17\/1qo2ru1our1.jpg?ver=02616590fe2b61176459a2cbbbdff790\" srcset=\"https:\/\/brtk.net\/wp-content\/uploads\/2024\/12\/17\/1qo2ru1our1.jpg?ver=02616590fe2b61176459a2cbbbdff790 1600w, https:\/\/brtk.net\/wp-content\/uploads\/2024\/12\/17\/1qo2ru1our1-300x108.jpg?ver=02616590fe2b61176459a2cbbbdff790 300w, https:\/\/brtk.net\/wp-content\/uploads\/2024\/12\/17\/1qo2ru1our1-1024x368.jpg?ver=02616590fe2b61176459a2cbbbdff790 1024w, https:\/\/brtk.net\/wp-content\/uploads\/2024\/12\/17\/1qo2ru1our1-768x276.jpg?ver=02616590fe2b61176459a2cbbbdff790 768w, https:\/\/brtk.net\/wp-content\/uploads\/2024\/12\/17\/1qo2ru1our1-1536x552.jpg?ver=3f106a30039b752f8888658f91ea5d42 1536w\"\/>                            <\/div>\n<p> Tar\u0131m ve Do\u011fal Kaynaklar Bakan\u0131 H\u00fcseyin \u00c7avu\u015f, T\u00fcrk D\u00fcnyas\u0131 M\u00fchendisler ve Mimarlar Birli\u011fi Genel Ba\u015fkan\u0131 \u0130lyas Demirci ve Birlik \u00fcyesi temsilcilerinden olu\u015fan heyeti kabul etti.<\/p>\n<p>Bakanl\u0131ktan yap\u0131lan yaz\u0131l\u0131 a\u00e7\u0131klamaya g\u00f6re, g\u00f6r\u00fc\u015fmeye, T\u00fcrkiye Cumhuriyeti Tar\u0131m ve Orman Eski Bakan Yard\u0131mc\u0131s\u0131 Akif \u00d6zkald\u0131, K\u0131br\u0131s T\u00fcrk Sanayi Odas\u0131 temsilcileri, bilim insanlar\u0131, i\u015f d\u00fcnyas\u0131 temsilcileri ile m\u00fchendislik ve mimarl\u0131k alan\u0131nda uzman isimler kat\u0131ld\u0131.<\/p>\n<p>G\u00f6r\u00fc\u015fmede, Bakanl\u0131k b\u00fcnyesindeki ilgili birim m\u00fcd\u00fcrleri ve uzmanlar da haz\u0131r bulundu.<\/p>\n<p>A\u00e7\u0131klamaya g\u00f6re, g\u00f6r\u00fc\u015fmede, tar\u0131m sekt\u00f6r\u00fc ve ilgili m\u00fchendislik alanlar\u0131nda ortak projelerin geli\u015ftirilmesi, teknik bilgi payla\u015f\u0131m\u0131 ve do\u011fal kaynaklar\u0131n s\u00fcrd\u00fcr\u00fclebilir kullan\u0131m\u0131 gibi konular ele al\u0131nd\u0131, T\u00fcrkiye ile Kuzey K\u0131br\u0131s T\u00fcrk Cumhuriyeti aras\u0131ndaki i\u015f birli\u011fini ve ekonomik etkile\u015fimi g\u00fc\u00e7lendirmek ad\u0131na, KKTC\u2019de Yat\u0131r\u0131mlar ve \u0130\u015fbirli\u011fi Geli\u015ftirme Program\u0131 ile birlikte K\u00fcresel \u0130klim De\u011fi\u015fikli\u011fi ele al\u0131narak, kar\u015f\u0131l\u0131kl\u0131 faydaya dayal\u0131 s\u00fcrd\u00fcr\u00fclebilir i\u015f modelleri geli\u015ftirilmesi \u00fczerinde duruldu.<\/p>\n<p>K\u00fcresel iklim de\u011fi\u015fikli\u011finin tar\u0131ma etkilerini minimize etmek ve \u00e7evresel s\u00fcrd\u00fcr\u00fclebilirli\u011fi sa\u011flamak amac\u0131yla yap\u0131lacak i\u015f birli\u011fi ile ilgili g\u00f6r\u00fc\u015f al\u0131\u015fveri\u015finde bulunulan g\u00f6r\u00fc\u015fmede, gelecekte ortak projelerin hayata ge\u00e7irilmesi ve i\u015f birli\u011finin geli\u015ftirilmesi y\u00f6n\u00fcnde fikir birli\u011fine var\u0131ld\u0131.<\/p>\n<p>-\u00c7avu\u015f<\/p>\n<p>Bakan H\u00fcseyin \u00c7avu\u015f konu\u015fmas\u0131nda i\u015f d\u00fcnyas\u0131nda kad\u0131n\u0131n rol\u00fc, iklim de\u011fi\u015fikli\u011fi, tar\u0131m sekt\u00f6r\u00fcne sa\u011flanan destekler ve T\u00fcrkiye ile KKTC aras\u0131ndaki ekonomik i\u015f birli\u011fi konular\u0131na dikkat \u00e7ekti.  <\/p>\n<p>\u00c7avu\u015f, kad\u0131nlar\u0131n i\u015f d\u00fcnyas\u0131nda daha fazla yer almas\u0131n\u0131n s\u00fcrd\u00fcr\u00fclebilir kalk\u0131nma hedefleri i\u00e7in kritik bir \u00f6neme sahip oldu\u011funu vurgularken, tar\u0131m ve m\u00fchendislik alan\u0131nda kad\u0131n istihdam\u0131n\u0131n art\u0131r\u0131lmas\u0131n\u0131n sekt\u00f6re dinamizm kazand\u0131raca\u011f\u0131n\u0131 ifade etti.<\/p>\n<p>\u0130klim de\u011fi\u015fikli\u011finin tar\u0131m \u00fczerindeki etkilerine de de\u011finen \u00c7avu\u015f, bu etkilerin azalt\u0131lmas\u0131 ve do\u011fal kaynaklar\u0131n etkin y\u00f6netimi i\u00e7in bilim insanlar\u0131 ve uzmanlarla i\u015f birli\u011finin ka\u00e7\u0131n\u0131lmaz oldu\u011funu belirtti.<\/p>\n<p>Bakan \u00c7avu\u015f ayr\u0131ca, tar\u0131m sekt\u00f6r\u00fcn\u00fcn geli\u015ftirilmesi i\u00e7in sa\u011flanan desteklere de\u011findi.<\/p>\n<p>\u00c7ift\u00e7ilere ve \u00fcreticilere y\u00f6nelik sa\u011flanan te\u015fvikler, teknik destekler ve finansal katk\u0131lar sayesinde tar\u0131msal \u00fcretimde verimlili\u011finin art\u0131r\u0131ld\u0131\u011f\u0131n\u0131 belirten \u00c7avu\u015f, bu desteklerin yaln\u0131zca \u00fcretime de\u011fil, ayn\u0131 zamanda k\u0131rsal kalk\u0131nmaya da \u00f6nemli katk\u0131lar sa\u011flad\u0131\u011f\u0131n\u0131 ifade etti.<\/p>\n<p>-Demirci<\/p>\n<p>T\u00fcrk D\u00fcnyas\u0131 M\u00fchendisler ve Mimarlar Birli\u011fi Genel Ba\u015fkan\u0131 \u0130lyas Demirci ise tar\u0131m sekt\u00f6r\u00fc ve do\u011fal kaynak y\u00f6netimi alan\u0131ndaki i\u015f birli\u011fini g\u00fc\u00e7lendirmek i\u00e7in t\u00fcm olanaklar\u0131 seferber edeceklerini dile getirdi.<\/p>\n<\/p><\/div>\n<p><script async\n                    defer\n                    crossorigin=\"anonymous\"\n                    src=\"https:\/\/connect.facebook.net\/tr_TR\/sdk.js#xfbml=1&#038;version=v3.3\"\n            ><\/script><br \/>\n<br \/><br \/>\n<br \/><a href=\"https:\/\/brtk.net\/tarim-ve-dogal-kaynaklar-bakani-cavus-turk-dunyasi-muhendisler-ve-mimarlar-birligi-heyetini-kabul-etti\/\">Kaynak BRT <\/a><\/p>\n","protected":false},"excerpt":{"rendered":"<p>Tar\u0131m ve Do\u011fal Kaynaklar Bakan\u0131 H\u00fcseyin \u00c7avu\u015f, T\u00fcrk D\u00fcnyas\u0131 M\u00fchendisler ve Mimarlar Birli\u011fi Genel Ba\u015fkan\u0131 \u0130lyas Demirci ve Birlik \u00fcyesi temsilcilerinden olu\u015fan heyeti kabul etti. Bakanl\u0131ktan yap\u0131lan yaz\u0131l\u0131 a\u00e7\u0131klamaya g\u00f6re, g\u00f6r\u00fc\u015fmeye, T\u00fcrkiye Cumhuriyeti Tar\u0131m ve Orman Eski Bakan Yard\u0131mc\u0131s\u0131 Akif \u00d6zkald\u0131, K\u0131br\u0131s T\u00fcrk Sanayi Odas\u0131 temsilcileri, bilim insanlar\u0131, i\u015f d\u00fcnyas\u0131 temsilcileri ile m\u00fchendislik ve mimarl\u0131k [&hellip;]<\/p>\n","protected":false},"author":908,"featured_media":14180,"comment_status":"open","ping_status":"open","sticky":false,"template":"","format":"standard","meta":{"_jetpack_memberships_contains_paid_content":false,"footnotes":"","jetpack_publicize_message":"","jetpack_publicize_feature_enabled":true,"jetpack_social_post_already_shared":true,"jetpack_social_options":{"image_generator_settings":{"template":"highway","default_image_id":0,"font":"","enabled":false},"version":2}},"categories":[253],"tags":[],"class_list":["post-14179","post","type-post","status-publish","format-standard","has-post-thumbnail","hentry","category-gundem"],"jetpack_publicize_connections":[],"jetpack_featured_media_url":"https:\/\/kibrisayna.com\/wp-content\/uploads\/2024\/12\/1qo2ru1our1.jpg","jetpack_sharing_enabled":true,"_links":{"self":[{"href":"https:\/\/kibrisayna.com\/index.php\/wp-json\/wp\/v2\/posts\/14179","targetHints":{"allow":["GET"]}}],"collection":[{"href":"https:\/\/kibrisayna.com\/index.php\/wp-json\/wp\/v2\/posts"}],"about":[{"href":"https:\/\/kibrisayna.com\/index.php\/wp-json\/wp\/v2\/types\/post"}],"author":[{"embeddable":true,"href":"https:\/\/kibrisayna.com\/index.php\/wp-json\/wp\/v2\/users\/908"}],"replies":[{"embeddable":true,"href":"https:\/\/kibrisayna.com\/index.php\/wp-json\/wp\/v2\/comments?post=14179"}],"version-history":[{"count":0,"href":"https:\/\/kibrisayna.com\/index.php\/wp-json\/wp\/v2\/posts\/14179\/revisions"}],"wp:featuredmedia":[{"embeddable":true,"href":"https:\/\/kibrisayna.com\/index.php\/wp-json\/wp\/v2\/media\/14180"}],"wp:attachment":[{"href":"https:\/\/kibrisayna.com\/index.php\/wp-json\/wp\/v2\/media?parent=14179"}],"wp:term":[{"taxonomy":"category","embeddable":true,"href":"https:\/\/kibrisayna.com\/index.php\/wp-json\/wp\/v2\/categories?post=14179"},{"taxonomy":"post_tag","embeddable":true,"href":"https:\/\/kibrisayna.com\/index.php\/wp-json\/wp\/v2\/tags?post=14179"}],"curies":[{"name":"wp","href":"https:\/\/api.w.org\/{rel}","templated":true}]}}