{"id":14177,"date":"2024-12-17T19:07:26","date_gmt":"2024-12-17T16:07:26","guid":{"rendered":"https:\/\/kibrisayna.com\/index.php\/2024\/12\/17\/dalinda-kalan-valenciya-urunune-ton-basina-6-bin-tl-destek-odenecek-brtk\/"},"modified":"2024-12-17T19:07:26","modified_gmt":"2024-12-17T16:07:26","slug":"dalinda-kalan-valenciya-urunune-ton-basina-6-bin-tl-destek-odenecek-brtk","status":"publish","type":"post","link":"https:\/\/kibrisayna.com\/index.php\/2024\/12\/17\/dalinda-kalan-valenciya-urunune-ton-basina-6-bin-tl-destek-odenecek-brtk\/","title":{"rendered":"Dal\u0131nda kalan Valenciya \u00fcr\u00fcn\u00fcne ton ba\u015f\u0131na 6 bin TL destek \u00f6denecek \u2013 BRTK"},"content":{"rendered":"<p> <br \/>\n<\/p>\n<div>\n<div class=\"mariselle-image-container center\">\n                <img loading=\"lazy\" decoding=\"async\" width=\"600\" height=\"450\" class=\"lazy-image\" alt=\"\" sizes=\"auto, (max-width: 600px) 100vw, 600px\" src=\"https:\/\/brtk.net\/wp-content\/uploads\/2024\/12\/17\/Valenciya.jpg?ver=58469bc7ec91576e88774fbd2050861d\" srcset=\"https:\/\/brtk.net\/wp-content\/uploads\/2024\/12\/17\/Valenciya.jpg?ver=58469bc7ec91576e88774fbd2050861d 600w, https:\/\/brtk.net\/wp-content\/uploads\/2024\/12\/17\/Valenciya-300x225.jpg?ver=85dfba534c24b02aece0f8389d0730c8 300w\"\/>                            <\/div>\n<p>Bakanlar Kurulu, dal\u0131nda kalan Valenciya t\u00fcr\u00fc portakal \u00fcr\u00fcn\u00fc i\u00e7in \u00fcreticilere ton ba\u015f\u0131na 6 bin TL destek \u00f6denmesine karar verdi.<\/p>\n<p>Resmi Gazete\u2019nin bug\u00fcnk\u00fc say\u0131s\u0131nda yay\u0131mlanan Bakanlar Kurulu karar\u0131nda, narenciye \u00fcreticilerinin kay\u0131plar\u0131n\u0131 minimize etmek, narenciye sekt\u00f6r\u00fcn\u00fcn s\u00fcrd\u00fcr\u00fclebilirli\u011finin sa\u011flanmas\u0131 ad\u0131na bir defaya mahsus olmak kayd\u0131yla, dal\u0131nda kalan Valenciya \u00fcr\u00fcn\u00fcne 6 bin TL\/ton destek \u00f6demesi yap\u0131laca\u011f\u0131 kaydedildi.<\/p>\n<\/p><\/div>\n<p><script async\n                    defer\n                    crossorigin=\"anonymous\"\n                    src=\"https:\/\/connect.facebook.net\/tr_TR\/sdk.js#xfbml=1&#038;version=v3.3\"\n            ><\/script><br \/>\n<br \/><br \/>\n<br \/><a href=\"https:\/\/brtk.net\/dalinda-kalan-valenciya-urunune-ton-basina-6-bin-tl-destek-odenecek\/\">Kaynak BRT <\/a><\/p>\n","protected":false},"excerpt":{"rendered":"<p>Bakanlar Kurulu, dal\u0131nda kalan Valenciya t\u00fcr\u00fc portakal \u00fcr\u00fcn\u00fc i\u00e7in \u00fcreticilere ton ba\u015f\u0131na 6 bin TL destek \u00f6denmesine karar verdi. Resmi Gazete\u2019nin bug\u00fcnk\u00fc say\u0131s\u0131nda yay\u0131mlanan Bakanlar Kurulu karar\u0131nda, narenciye \u00fcreticilerinin kay\u0131plar\u0131n\u0131 minimize etmek, narenciye sekt\u00f6r\u00fcn\u00fcn s\u00fcrd\u00fcr\u00fclebilirli\u011finin sa\u011flanmas\u0131 ad\u0131na bir defaya mahsus olmak kayd\u0131yla, dal\u0131nda kalan Valenciya \u00fcr\u00fcn\u00fcne 6 bin TL\/ton destek \u00f6demesi yap\u0131laca\u011f\u0131 kaydedildi. Kaynak BRT<\/p>\n","protected":false},"author":908,"featured_media":14178,"comment_status":"open","ping_status":"open","sticky":false,"template":"","format":"standard","meta":{"_jetpack_memberships_contains_paid_content":false,"footnotes":"","jetpack_publicize_message":"","jetpack_publicize_feature_enabled":true,"jetpack_social_post_already_shared":true,"jetpack_social_options":{"image_generator_settings":{"template":"highway","default_image_id":0,"font":"","enabled":false},"version":2}},"categories":[253],"tags":[],"class_list":["post-14177","post","type-post","status-publish","format-standard","has-post-thumbnail","hentry","category-gundem"],"jetpack_publicize_connections":[],"jetpack_featured_media_url":"https:\/\/kibrisayna.com\/wp-content\/uploads\/2024\/12\/Valenciya.jpg","jetpack_sharing_enabled":true,"_links":{"self":[{"href":"https:\/\/kibrisayna.com\/index.php\/wp-json\/wp\/v2\/posts\/14177","targetHints":{"allow":["GET"]}}],"collection":[{"href":"https:\/\/kibrisayna.com\/index.php\/wp-json\/wp\/v2\/posts"}],"about":[{"href":"https:\/\/kibrisayna.com\/index.php\/wp-json\/wp\/v2\/types\/post"}],"author":[{"embeddable":true,"href":"https:\/\/kibrisayna.com\/index.php\/wp-json\/wp\/v2\/users\/908"}],"replies":[{"embeddable":true,"href":"https:\/\/kibrisayna.com\/index.php\/wp-json\/wp\/v2\/comments?post=14177"}],"version-history":[{"count":0,"href":"https:\/\/kibrisayna.com\/index.php\/wp-json\/wp\/v2\/posts\/14177\/revisions"}],"wp:featuredmedia":[{"embeddable":true,"href":"https:\/\/kibrisayna.com\/index.php\/wp-json\/wp\/v2\/media\/14178"}],"wp:attachment":[{"href":"https:\/\/kibrisayna.com\/index.php\/wp-json\/wp\/v2\/media?parent=14177"}],"wp:term":[{"taxonomy":"category","embeddable":true,"href":"https:\/\/kibrisayna.com\/index.php\/wp-json\/wp\/v2\/categories?post=14177"},{"taxonomy":"post_tag","embeddable":true,"href":"https:\/\/kibrisayna.com\/index.php\/wp-json\/wp\/v2\/tags?post=14177"}],"curies":[{"name":"wp","href":"https:\/\/api.w.org\/{rel}","templated":true}]}}