{"id":14176,"date":"2024-12-17T19:01:25","date_gmt":"2024-12-17T16:01:25","guid":{"rendered":"https:\/\/kibrisayna.com\/index.php\/2024\/12\/17\/maaslardaki-konsolideyi-kaldirmayi-ongoren-tasarilar-halkin-bilgisine-sunuldu-brtk\/"},"modified":"2024-12-17T19:01:25","modified_gmt":"2024-12-17T16:01:25","slug":"maaslardaki-konsolideyi-kaldirmayi-ongoren-tasarilar-halkin-bilgisine-sunuldu-brtk","status":"publish","type":"post","link":"https:\/\/kibrisayna.com\/index.php\/2024\/12\/17\/maaslardaki-konsolideyi-kaldirmayi-ongoren-tasarilar-halkin-bilgisine-sunuldu-brtk\/","title":{"rendered":"Maa\u015flardaki konsolideyi kald\u0131rmay\u0131 \u00f6ng\u00f6ren tasar\u0131lar halk\u0131n bilgisine sunuldu \u2013 BRTK"},"content":{"rendered":"<p> <br \/>\n<\/p>\n<div>\n<div class=\"mariselle-image-container center\">\n                <img loading=\"lazy\" decoding=\"async\" width=\"612\" height=\"303\" class=\"lazy-image\" alt=\"\" sizes=\"auto, (max-width: 612px) 100vw, 612px\" src=\"https:\/\/brtk.net\/wp-content\/uploads\/2024\/08\/23\/k-k-t-c-resmi-gazete-logosu3.png?ver=457270f68a6e476aeaac42434363a383\" srcset=\"https:\/\/brtk.net\/wp-content\/uploads\/2024\/08\/23\/k-k-t-c-resmi-gazete-logosu3.png?ver=457270f68a6e476aeaac42434363a383 612w, https:\/\/brtk.net\/wp-content\/uploads\/2024\/08\/23\/k-k-t-c-resmi-gazete-logosu3-300x149.png?ver=e5e21e5b08c97b41b26b51077707c288 300w\"\/>                            <\/div>\n<p> Kamu \u00e7al\u0131\u015fanlar\u0131 ve emekliler yan\u0131nda sigorta emeklilerinin maa\u015flar\u0131ndaki konsolide uygulamas\u0131n\u0131 kald\u0131rmay\u0131 \u00f6ng\u00f6ren yasa tasar\u0131lar\u0131, Resmi Gazete\u2019de yay\u0131mlanarak halk\u0131n bilgisine sunuldu.<\/p>\n<p>Tasar\u0131larla ilgili g\u00f6r\u00fc\u015f ve \u00f6nerilerin yirmi g\u00fcn i\u00e7inde yaz\u0131l\u0131 olarak Meclis Ba\u015fkanl\u0131\u011f\u0131\u2019na iletilebilece\u011fi belirtildi.<\/p>\n<p>H\u00fck\u00fcmetin ald\u0131\u011f\u0131 karar do\u011frultusunda, kamudan maa\u015f \u00e7eken herkesi etkileyecek bu d\u00fczenlemeler, ilgili t\u00fcm yasalarda \u00f6ng\u00f6r\u00fcl\u00fcyor.<\/p>\n<p>Tasar\u0131lar\u0131n genel gerek\u00e7esinde, \u201c\u00e7al\u0131\u015fanlara ve emeklilere, t\u00fcketici fiyatlar\u0131 endeksi oran\u0131nda konsolide edilerek ocak ve temmuz aylar\u0131nda verilen hayat pahal\u0131l\u0131\u011f\u0131 \u00f6dene\u011fi uygulamas\u0131n\u0131n, maa\u015flardaki fiili art\u0131\u015f\u0131n s\u00f6z konusu y\u0131l\u0131n t\u00fcketici fiyatlar\u0131 endeksi oran\u0131n\u0131n \u00fczerinde oldu\u011fu ve konsolide olarak maa\u015flara uygulanan art\u0131\u015f\u0131n devlet b\u00fct\u00e7esine ek m\u00fckellefiyet getirdi\u011fi\u201d belirtiliyor.<\/p>\n<p>Bu nedenle s\u00f6z konusu yasalar\u0131n ilgili maddesinden konsolide uygulamas\u0131 kald\u0131r\u0131larak yasalar\u0131n yeniden d\u00fczenlendi\u011fi kaydediliyor.<\/p>\n<p>Resmi Gazete\u2019de yay\u0131mlanan tasar\u0131lar \u015f\u00f6yle:<\/p>\n<p>G\u00fcvenlik Kamu G\u00f6revlileri (De\u011fi\u015fiklik) Yasa Tasar\u0131s\u0131, Kamu Sa\u011fl\u0131k \u00c7al\u0131\u015fanlar\u0131 (De\u011fi\u015fiklik) Yasas\u0131, Polis \u00d6rg\u00fct\u00fc (Kurulu\u015f, G\u00f6rev ve Yetkiler) (De\u011fi\u015fiklik) Yasa Tasar\u0131s\u0131, Vak\u0131flar \u00d6rg\u00fct\u00fc ve Din \u0130\u015fleri Dairesi (Kurulu\u015f G\u00f6rev ve \u00c7al\u0131\u015f\u0131na Esaslar\u0131) (De\u011fi\u015fiklik) Yasa Tasar\u0131s\u0131, Sivil Savunma Te\u015fkilat\u0131 Personel (De\u011fi\u015fiklik) Yasa Tasar\u0131s\u0131, Kamu G\u00f6revlileri (De\u011fi\u015fiklik) Yasa Tasar\u0131s\u0131, \u00d6\u011fretmenler (De\u011fi\u015fiklik) Yasa Tasar\u0131s\u0131, Emeklilik (De\u011fi\u015fiklik) Yasa Tasar\u0131s\u0131, Atat\u00fcrk \u00d6\u011fretmen Akademisi Kurulu\u015f (De\u011fi\u015fiklik) Yasa Tasar\u0131s\u0131, K\u0131br\u0131s T\u00fcrk Sosyal Sigortalar (De\u011fi\u015fiklik) Yasa Tasar\u0131s\u0131, Sosyal G\u00fcvenlik (De\u011fi\u015fiklik) Yasa Tasar\u0131s\u0131.\u201d<\/p>\n<p>Sosyal Sigortalar ve Sosyal G\u00fcvenlik yasalar\u0131ndaki de\u011fi\u015fikli\u011fin genel gerek\u00e7elerinde, yasa kapsam\u0131nda ayl\u0131k ve gelir alanlara hayat pahal\u0131l\u0131\u011f\u0131n\u0131n konsolide yap\u0131lmaks\u0131z\u0131n verilmesinin ama\u00e7land\u0131\u011f\u0131 kaydedildi.<\/p>\n<p>(G\u00dcL)<\/p>\n<\/p><\/div>\n<p><script async\n                    defer\n                    crossorigin=\"anonymous\"\n                    src=\"https:\/\/connect.facebook.net\/tr_TR\/sdk.js#xfbml=1&#038;version=v3.3\"\n            ><\/script><br \/>\n<br \/><br \/>\n<br \/><a href=\"https:\/\/brtk.net\/maaslardaki-konsolideyi-kaldirmayi-ongoren-tasarilar-halkin-bilgisine-sunuldu\/\">Kaynak BRT <\/a><\/p>\n","protected":false},"excerpt":{"rendered":"<p>Kamu \u00e7al\u0131\u015fanlar\u0131 ve emekliler yan\u0131nda sigorta emeklilerinin maa\u015flar\u0131ndaki konsolide uygulamas\u0131n\u0131 kald\u0131rmay\u0131 \u00f6ng\u00f6ren yasa tasar\u0131lar\u0131, Resmi Gazete\u2019de yay\u0131mlanarak halk\u0131n bilgisine sunuldu. Tasar\u0131larla ilgili g\u00f6r\u00fc\u015f ve \u00f6nerilerin yirmi g\u00fcn i\u00e7inde yaz\u0131l\u0131 olarak Meclis Ba\u015fkanl\u0131\u011f\u0131\u2019na iletilebilece\u011fi belirtildi. H\u00fck\u00fcmetin ald\u0131\u011f\u0131 karar do\u011frultusunda, kamudan maa\u015f \u00e7eken herkesi etkileyecek bu d\u00fczenlemeler, ilgili t\u00fcm yasalarda \u00f6ng\u00f6r\u00fcl\u00fcyor. Tasar\u0131lar\u0131n genel gerek\u00e7esinde, \u201c\u00e7al\u0131\u015fanlara ve emeklilere, [&hellip;]<\/p>\n","protected":false},"author":908,"featured_media":3037,"comment_status":"open","ping_status":"open","sticky":false,"template":"","format":"standard","meta":{"_jetpack_memberships_contains_paid_content":false,"footnotes":"","jetpack_publicize_message":"","jetpack_publicize_feature_enabled":true,"jetpack_social_post_already_shared":true,"jetpack_social_options":{"image_generator_settings":{"template":"highway","default_image_id":0,"font":"","enabled":false},"version":2}},"categories":[253],"tags":[],"class_list":["post-14176","post","type-post","status-publish","format-standard","has-post-thumbnail","hentry","category-gundem"],"jetpack_publicize_connections":[],"jetpack_featured_media_url":"https:\/\/kibrisayna.com\/wp-content\/uploads\/2024\/08\/k-k-t-c-resmi-gazete-logosu3.png","jetpack_sharing_enabled":true,"_links":{"self":[{"href":"https:\/\/kibrisayna.com\/index.php\/wp-json\/wp\/v2\/posts\/14176","targetHints":{"allow":["GET"]}}],"collection":[{"href":"https:\/\/kibrisayna.com\/index.php\/wp-json\/wp\/v2\/posts"}],"about":[{"href":"https:\/\/kibrisayna.com\/index.php\/wp-json\/wp\/v2\/types\/post"}],"author":[{"embeddable":true,"href":"https:\/\/kibrisayna.com\/index.php\/wp-json\/wp\/v2\/users\/908"}],"replies":[{"embeddable":true,"href":"https:\/\/kibrisayna.com\/index.php\/wp-json\/wp\/v2\/comments?post=14176"}],"version-history":[{"count":0,"href":"https:\/\/kibrisayna.com\/index.php\/wp-json\/wp\/v2\/posts\/14176\/revisions"}],"wp:featuredmedia":[{"embeddable":true,"href":"https:\/\/kibrisayna.com\/index.php\/wp-json\/wp\/v2\/media\/3037"}],"wp:attachment":[{"href":"https:\/\/kibrisayna.com\/index.php\/wp-json\/wp\/v2\/media?parent=14176"}],"wp:term":[{"taxonomy":"category","embeddable":true,"href":"https:\/\/kibrisayna.com\/index.php\/wp-json\/wp\/v2\/categories?post=14176"},{"taxonomy":"post_tag","embeddable":true,"href":"https:\/\/kibrisayna.com\/index.php\/wp-json\/wp\/v2\/tags?post=14176"}],"curies":[{"name":"wp","href":"https:\/\/api.w.org\/{rel}","templated":true}]}}