{"id":14173,"date":"2024-12-17T18:39:12","date_gmt":"2024-12-17T15:39:12","guid":{"rendered":"https:\/\/kibrisayna.com\/index.php\/2024\/12\/17\/fevzi-beyar-sporun-vizyonu-egitim-semineri-brtk\/"},"modified":"2024-12-17T18:39:12","modified_gmt":"2024-12-17T15:39:12","slug":"fevzi-beyar-sporun-vizyonu-egitim-semineri-brtk","status":"publish","type":"post","link":"https:\/\/kibrisayna.com\/index.php\/2024\/12\/17\/fevzi-beyar-sporun-vizyonu-egitim-semineri-brtk\/","title":{"rendered":"\u201cFevzi Beyar Sporun Vizyonu E\u011fitim Semineri\u201d \u2013 BRTK"},"content":{"rendered":"<p> <br \/>\n<\/p>\n<div>\n<div class=\"mariselle-image-container center\">\n                <img loading=\"lazy\" decoding=\"async\" width=\"971\" height=\"551\" class=\"lazy-image\" alt=\"\" sizes=\"auto, (max-width: 971px) 100vw, 971px\" src=\"https:\/\/brtk.net\/wp-content\/uploads\/2024\/12\/17\/BAS-HABER-FEVZI-BEYAR.jpeg?ver=5d73e7f8648df8c252fbec7d4a0e0aed\" srcset=\"https:\/\/brtk.net\/wp-content\/uploads\/2024\/12\/17\/BAS-HABER-FEVZI-BEYAR.jpeg?ver=5d73e7f8648df8c252fbec7d4a0e0aed 971w, https:\/\/brtk.net\/wp-content\/uploads\/2024\/12\/17\/BAS-HABER-FEVZI-BEYAR-300x170.jpeg?ver=66548101a2d5f97401568e9c2bc3a355 300w, https:\/\/brtk.net\/wp-content\/uploads\/2024\/12\/17\/BAS-HABER-FEVZI-BEYAR-768x436.jpeg?ver=66548101a2d5f97401568e9c2bc3a355 768w\"\/>                            <\/div>\n<p>K\u0131br\u0131s T\u00fcrk Spor Yazarlar\u0131 Derne\u011fi geleneksel olarak Ocak ay\u0131nda d\u00fczenledi\u011fi \u201cSporun Vizyonu E\u011fitim Semineri\u201d organizasyonunu bu kez Gaziantep \u015fehrinde ger\u00e7ekle\u015ftirecek. <\/p>\n<p>9 \u2013 12 Ocak 2025 tarihinde Gaziantep\u2019te yap\u0131lacak olacak \u201cSporun Vizyonu E\u011fitim Semineri\u201d \u00f6ncesinde \u00e7al\u0131\u015fmalar\u0131n\u0131 s\u00fcrd\u00fcren Necati \u00d6zsoy ba\u015fkanl\u0131\u011f\u0131ndaki K\u0131br\u0131s T\u00fcrk Spor Yazarlar\u0131 Derne\u011fi y\u00f6netim kurulu, ge\u00e7ti\u011fimiz ak\u015fam ger\u00e7ekle\u015ftirdi\u011fi toplant\u0131da, Sporun Vizyonu E\u011fitim Semineri\u2019ne, k\u0131sa s\u00fcre \u00f6nce hayat\u0131n\u0131 kaybeden KTSYD \u00fcyesi Fevzi Beyar\u2019\u0131n isminin verilmesini kararla\u015ft\u0131rd\u0131. <\/p>\n<p>K\u0131br\u0131s T\u00fcrk Spor Yazarlar\u0131 Derne\u011fi y\u00f6netim kurulu taraf\u0131ndan al\u0131nan karar sonras\u0131nda seminer, \u201cFevzi Beyar Sporun Vizyonu E\u011fitim Semineri\u201d olarak ger\u00e7ekle\u015ftirilecek.<\/p>\n<\/p><\/div>\n<p><script async\n                    defer\n                    crossorigin=\"anonymous\"\n                    src=\"https:\/\/connect.facebook.net\/tr_TR\/sdk.js#xfbml=1&#038;version=v3.3\"\n            ><\/script><br \/>\n<br \/><br \/>\n<br \/><a href=\"https:\/\/brtk.net\/fevzi-beyar-sporun-vizyonu-egitim-semineri\/\">Kaynak BRT <\/a><\/p>\n","protected":false},"excerpt":{"rendered":"<p>K\u0131br\u0131s T\u00fcrk Spor Yazarlar\u0131 Derne\u011fi geleneksel olarak Ocak ay\u0131nda d\u00fczenledi\u011fi \u201cSporun Vizyonu E\u011fitim Semineri\u201d organizasyonunu bu kez Gaziantep \u015fehrinde ger\u00e7ekle\u015ftirecek. 9 \u2013 12 Ocak 2025 tarihinde Gaziantep\u2019te yap\u0131lacak olacak \u201cSporun Vizyonu E\u011fitim Semineri\u201d \u00f6ncesinde \u00e7al\u0131\u015fmalar\u0131n\u0131 s\u00fcrd\u00fcren Necati \u00d6zsoy ba\u015fkanl\u0131\u011f\u0131ndaki K\u0131br\u0131s T\u00fcrk Spor Yazarlar\u0131 Derne\u011fi y\u00f6netim kurulu, ge\u00e7ti\u011fimiz ak\u015fam ger\u00e7ekle\u015ftirdi\u011fi toplant\u0131da, Sporun Vizyonu E\u011fitim Semineri\u2019ne, k\u0131sa [&hellip;]<\/p>\n","protected":false},"author":908,"featured_media":14174,"comment_status":"open","ping_status":"open","sticky":false,"template":"","format":"standard","meta":{"_jetpack_memberships_contains_paid_content":false,"footnotes":"","jetpack_publicize_message":"","jetpack_publicize_feature_enabled":true,"jetpack_social_post_already_shared":true,"jetpack_social_options":{"image_generator_settings":{"template":"highway","default_image_id":0,"font":"","enabled":false},"version":2}},"categories":[9],"tags":[],"class_list":["post-14173","post","type-post","status-publish","format-standard","has-post-thumbnail","hentry","category-spor"],"jetpack_publicize_connections":[],"jetpack_featured_media_url":"https:\/\/kibrisayna.com\/wp-content\/uploads\/2024\/12\/BAS-HABER-FEVZI-BEYAR.jpeg","jetpack_sharing_enabled":true,"_links":{"self":[{"href":"https:\/\/kibrisayna.com\/index.php\/wp-json\/wp\/v2\/posts\/14173","targetHints":{"allow":["GET"]}}],"collection":[{"href":"https:\/\/kibrisayna.com\/index.php\/wp-json\/wp\/v2\/posts"}],"about":[{"href":"https:\/\/kibrisayna.com\/index.php\/wp-json\/wp\/v2\/types\/post"}],"author":[{"embeddable":true,"href":"https:\/\/kibrisayna.com\/index.php\/wp-json\/wp\/v2\/users\/908"}],"replies":[{"embeddable":true,"href":"https:\/\/kibrisayna.com\/index.php\/wp-json\/wp\/v2\/comments?post=14173"}],"version-history":[{"count":0,"href":"https:\/\/kibrisayna.com\/index.php\/wp-json\/wp\/v2\/posts\/14173\/revisions"}],"wp:featuredmedia":[{"embeddable":true,"href":"https:\/\/kibrisayna.com\/index.php\/wp-json\/wp\/v2\/media\/14174"}],"wp:attachment":[{"href":"https:\/\/kibrisayna.com\/index.php\/wp-json\/wp\/v2\/media?parent=14173"}],"wp:term":[{"taxonomy":"category","embeddable":true,"href":"https:\/\/kibrisayna.com\/index.php\/wp-json\/wp\/v2\/categories?post=14173"},{"taxonomy":"post_tag","embeddable":true,"href":"https:\/\/kibrisayna.com\/index.php\/wp-json\/wp\/v2\/tags?post=14173"}],"curies":[{"name":"wp","href":"https:\/\/api.w.org\/{rel}","templated":true}]}}