{"id":14172,"date":"2024-12-17T18:34:16","date_gmt":"2024-12-17T15:34:16","guid":{"rendered":"https:\/\/kibrisayna.com\/index.php\/2024\/12\/17\/gecen-hafta-11-adet-yangin-32-adet-ozel-servis-olayi-meydana-geldi-brtk\/"},"modified":"2024-12-17T18:34:16","modified_gmt":"2024-12-17T15:34:16","slug":"gecen-hafta-11-adet-yangin-32-adet-ozel-servis-olayi-meydana-geldi-brtk","status":"publish","type":"post","link":"https:\/\/kibrisayna.com\/index.php\/2024\/12\/17\/gecen-hafta-11-adet-yangin-32-adet-ozel-servis-olayi-meydana-geldi-brtk\/","title":{"rendered":"Ge\u00e7en hafta 11 adet yang\u0131n, 32 adet \u00f6zel servis olay\u0131 meydana geldi \u2013 BRTK"},"content":{"rendered":"<p> <br \/>\n<\/p>\n<div>\n<div class=\"mariselle-image-container center\">\n                <img loading=\"lazy\" decoding=\"async\" width=\"916\" height=\"1020\" class=\"lazy-image\" alt=\"\" sizes=\"auto, (max-width: 916px) 100vw, 916px\" src=\"https:\/\/brtk.net\/wp-content\/uploads\/2024\/12\/16\/1734361593940itfaiye.jpg?ver=4254c2138838202aacfb0de3daca5ad8\" srcset=\"https:\/\/brtk.net\/wp-content\/uploads\/2024\/12\/16\/1734361593940itfaiye.jpg?ver=4254c2138838202aacfb0de3daca5ad8 916w, https:\/\/brtk.net\/wp-content\/uploads\/2024\/12\/16\/1734361593940itfaiye-269x300.jpg?ver=511a74b2b1eb548fd9bcc6a937578f95 269w, https:\/\/brtk.net\/wp-content\/uploads\/2024\/12\/16\/1734361593940itfaiye-768x855.jpg?ver=ace65cca1c3a4ed116a8f29aae7dafd0 768w\"\/>                            <\/div>\n<p>KKTC\u2019de ge\u00e7en hafta toplam 11 adet yang\u0131n ve 32 adet \u00f6zel servis olay\u0131 meydana geldi.<\/p>\n<p>\u0130tfaiye M\u00fcd\u00fcrl\u00fc\u011f\u00fc\u2019nden yap\u0131lan a\u00e7\u0131klamaya g\u00f6re, 9-15 Aral\u0131k tarihlerini kapsayan s\u00fcredeki yang\u0131nlar sonucu 2 milyon 615 bin TL\u2019lik zarar olu\u015ftu.<\/p>\n<p>Yang\u0131nlar\u0131n 4\u2019\u00fc Lefko\u015fa, 3\u2019\u00fc Vadili, 2\u2019si Gazima\u011fusa, 1\u2019i G\u00fczelyurt, 1\u2019i ise \u00c7a\u011flayan\u2019da; \u00f6zel servis olaylar\u0131n\u0131n 14\u2019\u00fc Lefko\u015fa, 9\u2019u Girne, 4\u2019\u00fc Gazima\u011fusa, 3\u2019\u00fc \u0130skele, 1\u2019i G\u00fczelyurt, 1\u2019i ise Ye\u015filk\u00f6y\u2019de meydana geldi.<\/p>\n<p>Yang\u0131nlar\u0131n muhtemel sebepleri; elektrik kaynakl\u0131 k\u0131sa devre, akaryak\u0131t s\u0131z\u0131nt\u0131s\u0131, elektrik tesisat\u0131n\u0131n y\u00fcklenip alevlenmesi, odun sobas\u0131n\u0131 tutu\u015fturmak i\u00e7in kullan\u0131lan benzinin alevlenmesi ve ki\u015fi\/ler taraf\u0131ndan yakma olarak s\u0131raland\u0131.<\/p>\n<p>\u00d6zel servis olaylar\u0131 ise; i\u015f yerinin dam\u0131nda mahsur kalan kedinin kurtar\u0131lmas\u0131, yang\u0131na kar\u015f\u0131 tedbir al\u0131nmas\u0131, asans\u00f6rde mahsur kalan \u015fah\u0131slar\u0131n kurtar\u0131lmas\u0131, trafik kazas\u0131nda ara\u00e7 i\u00e7erisinde s\u0131k\u0131\u015fan \u015fah\u0131slar\u0131n kurtar\u0131lmas\u0131, yang\u0131n e\u011fitimi verilmesi ve hayat\u0131n\u0131 kaybeden \u015fah\u0131slar\u0131n adli soru\u015fturma ama\u00e7l\u0131 hastaneye sevkinin sa\u011flanmas\u0131 olarak yer ald\u0131.<\/p>\n<\/p><\/div>\n<p><script async\n                    defer\n                    crossorigin=\"anonymous\"\n                    src=\"https:\/\/connect.facebook.net\/tr_TR\/sdk.js#xfbml=1&#038;version=v3.3\"\n            ><\/script><br \/>\n<br \/><br \/>\n<br \/><a href=\"https:\/\/brtk.net\/gecen-hafta-11-adet-yangin-32-adet-ozel-servis-olayi-meydana-geldi\/\"> <\/a><\/p>\n","protected":false},"excerpt":{"rendered":"<p>KKTC\u2019de ge\u00e7en hafta toplam 11 adet yang\u0131n ve 32 adet \u00f6zel servis olay\u0131 meydana geldi. \u0130tfaiye M\u00fcd\u00fcrl\u00fc\u011f\u00fc\u2019nden yap\u0131lan a\u00e7\u0131klamaya g\u00f6re, 9-15 Aral\u0131k tarihlerini kapsayan s\u00fcredeki yang\u0131nlar sonucu 2 milyon 615 bin TL\u2019lik zarar olu\u015ftu. Yang\u0131nlar\u0131n 4\u2019\u00fc Lefko\u015fa, 3\u2019\u00fc Vadili, 2\u2019si Gazima\u011fusa, 1\u2019i G\u00fczelyurt, 1\u2019i ise \u00c7a\u011flayan\u2019da; \u00f6zel servis olaylar\u0131n\u0131n 14\u2019\u00fc Lefko\u015fa, 9\u2019u Girne, 4\u2019\u00fc Gazima\u011fusa, [&hellip;]<\/p>\n","protected":false},"author":908,"featured_media":7827,"comment_status":"open","ping_status":"open","sticky":false,"template":"","format":"standard","meta":{"_jetpack_memberships_contains_paid_content":false,"footnotes":"","jetpack_publicize_message":"","jetpack_publicize_feature_enabled":true,"jetpack_social_post_already_shared":true,"jetpack_social_options":{"image_generator_settings":{"template":"highway","default_image_id":0,"font":"","enabled":false},"version":2}},"categories":[253,19],"tags":[],"class_list":["post-14172","post","type-post","status-publish","format-standard","has-post-thumbnail","hentry","category-gundem","category-manset"],"jetpack_publicize_connections":[],"jetpack_featured_media_url":"https:\/\/kibrisayna.com\/wp-content\/uploads\/2024\/10\/itfaiye-raporuuuuuuu-haftalik.jpg","jetpack_sharing_enabled":true,"_links":{"self":[{"href":"https:\/\/kibrisayna.com\/index.php\/wp-json\/wp\/v2\/posts\/14172","targetHints":{"allow":["GET"]}}],"collection":[{"href":"https:\/\/kibrisayna.com\/index.php\/wp-json\/wp\/v2\/posts"}],"about":[{"href":"https:\/\/kibrisayna.com\/index.php\/wp-json\/wp\/v2\/types\/post"}],"author":[{"embeddable":true,"href":"https:\/\/kibrisayna.com\/index.php\/wp-json\/wp\/v2\/users\/908"}],"replies":[{"embeddable":true,"href":"https:\/\/kibrisayna.com\/index.php\/wp-json\/wp\/v2\/comments?post=14172"}],"version-history":[{"count":0,"href":"https:\/\/kibrisayna.com\/index.php\/wp-json\/wp\/v2\/posts\/14172\/revisions"}],"wp:featuredmedia":[{"embeddable":true,"href":"https:\/\/kibrisayna.com\/index.php\/wp-json\/wp\/v2\/media\/7827"}],"wp:attachment":[{"href":"https:\/\/kibrisayna.com\/index.php\/wp-json\/wp\/v2\/media?parent=14172"}],"wp:term":[{"taxonomy":"category","embeddable":true,"href":"https:\/\/kibrisayna.com\/index.php\/wp-json\/wp\/v2\/categories?post=14172"},{"taxonomy":"post_tag","embeddable":true,"href":"https:\/\/kibrisayna.com\/index.php\/wp-json\/wp\/v2\/tags?post=14172"}],"curies":[{"name":"wp","href":"https:\/\/api.w.org\/{rel}","templated":true}]}}