{"id":14167,"date":"2024-12-17T17:30:37","date_gmt":"2024-12-17T14:30:37","guid":{"rendered":"https:\/\/kibrisayna.com\/index.php\/2024\/12\/17\/cumhurbaskani-tatar-bm-genel-sekreterinin-kibris-ozel-temsilcisi-colin-stewarti-kabul-etti-brtk\/"},"modified":"2024-12-17T17:30:37","modified_gmt":"2024-12-17T14:30:37","slug":"cumhurbaskani-tatar-bm-genel-sekreterinin-kibris-ozel-temsilcisi-colin-stewarti-kabul-etti-brtk","status":"publish","type":"post","link":"https:\/\/kibrisayna.com\/index.php\/2024\/12\/17\/cumhurbaskani-tatar-bm-genel-sekreterinin-kibris-ozel-temsilcisi-colin-stewarti-kabul-etti-brtk\/","title":{"rendered":"Cumhurba\u015fkan\u0131 Tatar, BM Genel Sekreterinin K\u0131br\u0131s \u00d6zel Temsilcisi Colin Stewart\u2019\u0131 kabul etti \u2013 BRTK"},"content":{"rendered":"<p> <br \/>\n<\/p>\n<div>\n<div class=\"mariselle-image-container center\">\n                <img loading=\"lazy\" decoding=\"async\" width=\"2560\" height=\"1921\" class=\"lazy-image\" alt=\"\" sizes=\"auto, (max-width: 2560px) 100vw, 2560px\" src=\"https:\/\/brtk.net\/wp-content\/uploads\/2024\/12\/17\/stewart-scaled.jpg?ver=9be0e94d185bf7e5f2a05b8ac3c005e5\" srcset=\"https:\/\/brtk.net\/wp-content\/uploads\/2024\/12\/17\/stewart-scaled.jpg?ver=9be0e94d185bf7e5f2a05b8ac3c005e5 2560w, https:\/\/brtk.net\/wp-content\/uploads\/2024\/12\/17\/stewart-300x225.jpg?ver=9be0e94d185bf7e5f2a05b8ac3c005e5 300w, https:\/\/brtk.net\/wp-content\/uploads\/2024\/12\/17\/stewart-1024x769.jpg?ver=b708ef9dcb92d797b7353c6751936dc2 1024w, https:\/\/brtk.net\/wp-content\/uploads\/2024\/12\/17\/stewart-768x576.jpg?ver=fda441bbf088e92cc15dcd5bf3d42f52 768w, https:\/\/brtk.net\/wp-content\/uploads\/2024\/12\/17\/stewart-1536x1153.jpg?ver=97fb12cf22b854e63feec6091507cfaf 1536w, https:\/\/brtk.net\/wp-content\/uploads\/2024\/12\/17\/stewart-2048x1537.jpg?ver=54a3729294bf55966192e4dfc5f45909 2048w\"\/>                            <\/div>\n<p>Cumhurba\u015fkan\u0131 Ersin Tatar BM Genel Sekreterinin K\u0131br\u0131s  \u00d6zel Temsilcisi ve K\u0131br\u0131s\u2019taki BM Bar\u0131\u015f G\u00fcc\u00fc Misyon \u015eefi Colin Stewart\u2019\u0131 kabul etti.<\/p>\n<p>Cumhurba\u015fkanl\u0131\u011f\u0131\u2019nda saat 15.00\u2019de ba\u015flayan g\u00f6r\u00fc\u015fmede Tatar\u2019a Cumhurba\u015fkanl\u0131\u011f\u0131 \u00d6zel Temsilcisi G\u00fcne\u015f Onar, Hukuk Dan\u0131\u015fman\u0131 S\u00fclen Karabacak, G\u00fcven Yarat\u0131c\u0131 \u00d6nlemler ve \u0130ki tarafl\u0131 Komiteler Koordinat\u00f6r\u00fc Seniha Birand \u00c7\u0131nar ve Uluslararas\u0131  \u0130li\u015fkiler ve Diplomasi \u00d6zel Dan\u0131\u015fman\u0131 H\u00fcsey\u0131n I\u015f\u0131ksal; Stewart\u2019a ise BM ekibi e\u015flik ediyor.<\/p>\n<p>Colin Stewart 16 Ocak\u2019ta New York\u2019a giderek  BM G\u00fcvenlik Konseyi toplant\u0131s\u0131na kat\u0131lacak, Konsey\u2019i K\u0131br\u0131s konusundaki son geli\u015fmelerle ilgili bilgilendirecek ve rapor sunacak. <\/p>\n<p>Stewart Tatar\u2019dan \u00f6nce Rum Y\u00f6netimi Ba\u015fkan\u0131 Nikos Hristodulidis\u2019le bir araya gelmi\u015f; g\u00f6r\u00fc\u015fme sonras\u0131nda Rum H\u00fck\u00fcmet S\u00f6zc\u00fcs\u00fc Konstantinos Letimbiotis g\u00f6r\u00fc\u015fmede  K\u0131br\u0131s sorununa ili\u015fkin m\u00fczakerelerin ba\u015flamas\u0131, yeni ge\u00e7i\u015f kap\u0131lar\u0131n\u0131n a\u00e7\u0131lmas\u0131 ve  \u00e7oklu konferans konular\u0131n\u0131n ele al\u0131nd\u0131\u011f\u0131n\u0131 a\u00e7\u0131klam\u0131\u015ft\u0131.<br \/>(ID\/\u00d6Z)<\/p>\n<\/p><\/div>\n<p><script async\n                    defer\n                    crossorigin=\"anonymous\"\n                    src=\"https:\/\/connect.facebook.net\/tr_TR\/sdk.js#xfbml=1&#038;version=v3.3\"\n            ><\/script><br \/>\n<br \/><br \/>\n<br \/><a href=\"https:\/\/brtk.net\/cumhurbaskani-tatar-bm-genel-sekreterinin-kibris-ozel-temsilcisi-colin-stewarti-kabul-etti\/\">Kaynak BRT <\/a><\/p>\n","protected":false},"excerpt":{"rendered":"<p>Cumhurba\u015fkan\u0131 Ersin Tatar BM Genel Sekreterinin K\u0131br\u0131s \u00d6zel Temsilcisi ve K\u0131br\u0131s\u2019taki BM Bar\u0131\u015f G\u00fcc\u00fc Misyon \u015eefi Colin Stewart\u2019\u0131 kabul etti. Cumhurba\u015fkanl\u0131\u011f\u0131\u2019nda saat 15.00\u2019de ba\u015flayan g\u00f6r\u00fc\u015fmede Tatar\u2019a Cumhurba\u015fkanl\u0131\u011f\u0131 \u00d6zel Temsilcisi G\u00fcne\u015f Onar, Hukuk Dan\u0131\u015fman\u0131 S\u00fclen Karabacak, G\u00fcven Yarat\u0131c\u0131 \u00d6nlemler ve \u0130ki tarafl\u0131 Komiteler Koordinat\u00f6r\u00fc Seniha Birand \u00c7\u0131nar ve Uluslararas\u0131 \u0130li\u015fkiler ve Diplomasi \u00d6zel Dan\u0131\u015fman\u0131 H\u00fcsey\u0131n I\u015f\u0131ksal; [&hellip;]<\/p>\n","protected":false},"author":908,"featured_media":14168,"comment_status":"open","ping_status":"open","sticky":false,"template":"","format":"standard","meta":{"_jetpack_memberships_contains_paid_content":false,"footnotes":"","jetpack_publicize_message":"","jetpack_publicize_feature_enabled":true,"jetpack_social_post_already_shared":true,"jetpack_social_options":{"image_generator_settings":{"template":"highway","default_image_id":0,"font":"","enabled":false},"version":2}},"categories":[253],"tags":[],"class_list":["post-14167","post","type-post","status-publish","format-standard","has-post-thumbnail","hentry","category-gundem"],"jetpack_publicize_connections":[],"jetpack_featured_media_url":"https:\/\/kibrisayna.com\/wp-content\/uploads\/2024\/12\/stewart-scaled.jpg","jetpack_sharing_enabled":true,"_links":{"self":[{"href":"https:\/\/kibrisayna.com\/index.php\/wp-json\/wp\/v2\/posts\/14167","targetHints":{"allow":["GET"]}}],"collection":[{"href":"https:\/\/kibrisayna.com\/index.php\/wp-json\/wp\/v2\/posts"}],"about":[{"href":"https:\/\/kibrisayna.com\/index.php\/wp-json\/wp\/v2\/types\/post"}],"author":[{"embeddable":true,"href":"https:\/\/kibrisayna.com\/index.php\/wp-json\/wp\/v2\/users\/908"}],"replies":[{"embeddable":true,"href":"https:\/\/kibrisayna.com\/index.php\/wp-json\/wp\/v2\/comments?post=14167"}],"version-history":[{"count":0,"href":"https:\/\/kibrisayna.com\/index.php\/wp-json\/wp\/v2\/posts\/14167\/revisions"}],"wp:featuredmedia":[{"embeddable":true,"href":"https:\/\/kibrisayna.com\/index.php\/wp-json\/wp\/v2\/media\/14168"}],"wp:attachment":[{"href":"https:\/\/kibrisayna.com\/index.php\/wp-json\/wp\/v2\/media?parent=14167"}],"wp:term":[{"taxonomy":"category","embeddable":true,"href":"https:\/\/kibrisayna.com\/index.php\/wp-json\/wp\/v2\/categories?post=14167"},{"taxonomy":"post_tag","embeddable":true,"href":"https:\/\/kibrisayna.com\/index.php\/wp-json\/wp\/v2\/tags?post=14167"}],"curies":[{"name":"wp","href":"https:\/\/api.w.org\/{rel}","templated":true}]}}