{"id":14165,"date":"2024-12-17T17:23:26","date_gmt":"2024-12-17T14:23:26","guid":{"rendered":"https:\/\/kibrisayna.com\/index.php\/2024\/12\/17\/adada-huzur-ve-guveni-saglaman-tek-yolu-esit-muamele-brtk\/"},"modified":"2024-12-17T17:23:26","modified_gmt":"2024-12-17T14:23:26","slug":"adada-huzur-ve-guveni-saglaman-tek-yolu-esit-muamele-brtk","status":"publish","type":"post","link":"https:\/\/kibrisayna.com\/index.php\/2024\/12\/17\/adada-huzur-ve-guveni-saglaman-tek-yolu-esit-muamele-brtk\/","title":{"rendered":"\u201cAdada huzur ve g\u00fcveni sa\u011flaman tek yolu e\u015fit muamele\u201d \u2013 BRTK"},"content":{"rendered":"<p> <br \/>\n<\/p>\n<div>\n<div class=\"mariselle-image-container center\">\n                <img loading=\"lazy\" decoding=\"async\" width=\"1600\" height=\"849\" class=\"lazy-image\" alt=\"\" sizes=\"auto, (max-width: 1600px) 100vw, 1600px\" src=\"https:\/\/brtk.net\/wp-content\/uploads\/2024\/01\/30\/tahsin-meclis.jpg?ver=5bdb5780caf80661f3373a5dd38f17e0\" srcset=\"https:\/\/brtk.net\/wp-content\/uploads\/2024\/01\/30\/tahsin-meclis.jpg?ver=5bdb5780caf80661f3373a5dd38f17e0 1600w, https:\/\/brtk.net\/wp-content\/uploads\/2024\/01\/30\/tahsin-meclis-300x159.jpg?ver=5bdb5780caf80661f3373a5dd38f17e0 300w, https:\/\/brtk.net\/wp-content\/uploads\/2024\/01\/30\/tahsin-meclis-1024x543.jpg?ver=09b2c3f20061b21317caafd69accc73e 1024w, https:\/\/brtk.net\/wp-content\/uploads\/2024\/01\/30\/tahsin-meclis-768x408.jpg?ver=09b2c3f20061b21317caafd69accc73e 768w, https:\/\/brtk.net\/wp-content\/uploads\/2024\/01\/30\/tahsin-meclis-1536x815.jpg?ver=09b2c3f20061b21317caafd69accc73e 1536w\"\/>                            <\/div>\n<p> Cumhuriyet Meclisi Genel Kurulu\u2019nda ilk olarak 897 milyon 914 bin TL\u2019lik D\u0131\u015fi\u015fleri Bakanl\u0131\u011f\u0131 b\u00fct\u00e7esi g\u00f6r\u00fc\u015f\u00fcl\u00fcyor.<\/p>\n<p>Bakanl\u0131\u011f\u0131n\u0131n b\u00fct\u00e7esiyle ilgili konu\u015fan D\u0131\u015fi\u015fleri Bakan\u0131 Tahsin Ertu\u011frulo\u011flu, \u201cD\u0131\u015fi\u015fleri Bakanl\u0131\u011f\u0131 olarak muhataplar\u0131m\u0131za her f\u0131rsatta adada huzur ve g\u00fcvenin sa\u011flanmas\u0131n\u0131n tek yolunun taraflara e\u015fit muamele ile m\u00fcmk\u00fcn olabilece\u011fini vurguluyoruz.\u201d dedi.<\/p>\n<p>-Ertu\u011frulo\u011flu: \u201cDevletler aras\u0131 ili\u015fkilerde yeni dengelerin belirlenmekte oldu\u011fu bir zamanday\u0131z\u201d<\/p>\n<p>B\u00fct\u00e7eyle ilgili ilk s\u00f6z\u00fc D\u0131\u015fi\u015fleri Bakan\u0131 Tahsin Ertu\u011frulo\u011flu ald\u0131. Ertu\u011frulo\u011flu, D\u0131\u015fi\u015fleri Bakanl\u0131\u011f\u0131 olarak temel hedeflerinin K\u0131br\u0131s T\u00fcrk halk\u0131n\u0131n haklar\u0131n\u0131 her yer ve ko\u015fulda savunmak oldu\u011funu dile getirdi.<\/p>\n<p>GKRY taraf\u0131ndan \u00fclke aleyhinde y\u00fcr\u00fct\u00fclen her t\u00fcrl\u00fc propaganda ve faaliyete kar\u015f\u0131 ad\u0131mlar\u0131n at\u0131lmas\u0131 i\u00e7in gayret g\u00f6sterdiklerini belirten Ertu\u011frulo\u011flu, 50 y\u0131l\u0131 a\u015fk\u0131nd\u0131r s\u00fcren federasyon m\u00fczakerelerinin ba\u015far\u0131s\u0131z oldu\u011funu kaydederek mevcut ger\u00e7ekler \u0131\u015f\u0131\u011f\u0131nda belirlenen yeni devlet politikas\u0131n\u0131n d\u00fcnyaya duyuruldu\u011funu an\u0131msatt\u0131.<\/p>\n<p>Belirli alanlarda i\u015f birli\u011finin m\u00fczakere edilebilece\u011fini kaydeden Ertu\u011frulo\u011flu, T\u00fcrkiye Cumhurba\u015fkan\u0131 Recep Tayyip Erdo\u011fan\u2019\u0131n KKTC\u2019nin tan\u0131nmas\u0131 y\u00f6n\u00fcndeki \u00e7a\u011fr\u0131lar\u0131na da i\u015faret etti.<\/p>\n<p>Uluslararas\u0131 sistemin b\u00fcy\u00fck bir de\u011fi\u015fim ve d\u00f6n\u00fc\u015f\u00fcm i\u00e7inde oldu\u011funu dile getiren Ertu\u011frulo\u011flu gerek k\u00fcresel gerek b\u00f6lgesel akt\u00f6rlerle i\u015f birli\u011fi i\u00e7inde olduklar\u0131n\u0131 kaydetti.<\/p>\n<p>\u201cDevletler aras\u0131 ili\u015fkilerde yeni dengelerin belirlenmekte oldu\u011fu bir zamanday\u0131z\u201d diyen Ertu\u011frulo\u011flu, Rum liderli\u011finin de bu h\u0131zl\u0131 de\u011fi\u015fim d\u00f6neminde gerek k\u00fcresel gerekse b\u00f6lgesel akt\u00f6rlerle bilhassa askeri alanda i\u015f birlikleri geli\u015ftirmeye \u00e7al\u0131\u015ft\u0131\u011f\u0131n\u0131 dile getirdi ve \u015f\u00f6yle devam etti:<\/p>\n<p>\u201cFig\u00fcranl\u0131\u011f\u0131 akt\u00f6rl\u00fckle kar\u0131\u015ft\u0131ran Rum kom\u015fular\u0131m\u0131z\u0131n boylar\u0131n\u0131 a\u015fan i\u015flere giri\u015fmesi h\u00fcsranla sonu\u00e7lanmaya mahkumdur. Ku\u015fkusuz k\u00fcresel etkisi g\u00fcn ge\u00e7tik\u00e7e artan b\u00f6lgenin tek g\u00fcc\u00fc Anavatan T\u00fcrkiye\u2019dir ve hi\u00e7bir g\u00fc\u00e7 Anavatan T\u00fcrkiye ile K\u0131br\u0131s T\u00fcrk halk\u0131n\u0131n Do\u011fu Akdeniz b\u00f6lgesindeki varl\u0131\u011f\u0131n\u0131 ve haklar\u0131n\u0131 yok saymaya yetmeyecektir.\u201d<\/p>\n<p>K\u0131br\u0131s T\u00fcrk halk\u0131 \u00fczerinde y\u0131llardan bu yana devam eden haks\u0131z ve insanl\u0131k d\u0131\u015f\u0131 izolasyon ve ambargolar\u0131n kald\u0131r\u0131lmas\u0131 ve K\u0131br\u0131s T\u00fcrk halk\u0131n\u0131n d\u00fcnya ile bulu\u015fmas\u0131n\u0131n \u00f6n\u00fcndeki engellerin kald\u0131r\u0131lmas\u0131 i\u00e7in Anavatan T\u00fcrkiye ile birlikte m\u00fccadeleye devam edeceklerini s\u00f6yleyen Ertu\u011frulo\u011flu, \u201cD\u0131\u015fi\u015fleri Bakanl\u0131\u011f\u0131 olarak muhataplar\u0131m\u0131za her f\u0131rsatta adada huzur ve g\u00fcvenin sa\u011flanmas\u0131n\u0131n tek yolunun taraflara e\u015fit muamele ile m\u00fcmk\u00fcn olabilece\u011fini vurguluyoruz.\u201d diye konu\u015ftu.<\/p>\n<p>T\u00fcrkiye Cumhuriyeti\u2019nin g\u00fc\u00e7l\u00fc deste\u011fi sayesinde 2022 y\u0131l\u0131nda g\u00f6zlemci \u00fcye olunan T\u00fcrk Devletleri Te\u015fkilat\u0131 nezihinde y\u00fcr\u00fct\u00fclen temsiliyetin \u00f6nemine i\u015faret eden Ertu\u011frulo\u011flu, \u201cD\u0131\u015fi\u015fleri Bakanl\u0131\u011f\u0131 olarak izledi\u011fimiz proaktif ve giri\u015fimci siyaset uyar\u0131nca 2024 y\u0131l\u0131 i\u00e7inde T\u00fcrk Devletler Te\u015fkilat\u0131\u2019n\u0131n yan\u0131 s\u0131ra \u0130slam \u0130\u015fbirli\u011fi Te\u015fkilat\u0131 ve Ekonomik \u0130\u015fbirli\u011fi Te\u015fkilat\u0131\u2019n\u0131n toplant\u0131lar\u0131na da kat\u0131ld\u0131k, bir\u00e7ok \u00fclkede temaslarda bulunduk\u201d dedi.<\/p>\n<p>Ertu\u011frulo\u011flu, bakanl\u0131k personelinin Cumhurba\u015fkanl\u0131\u011f\u0131 taraf\u0131ndan y\u00fcr\u00fct\u00fclen \u00e7e\u015fitli \u00e7al\u0131\u015fmalarda \u00f6zellikle iki tarafl\u0131 teknik komitelerde aktif olarak g\u00f6rev ald\u0131klar\u0131n\u0131 da dile getirdi.<\/p>\n<p>-D\u0131\u015fi\u015fleri b\u00fct\u00e7esine ayr\u0131lan pay y\u00fczde 0,6<\/p>\n<p>D\u0131\u015fi\u015fleri Bakanl\u0131\u011f\u0131\u2019na devlet genel b\u00fct\u00e7esi i\u00e7inden ayr\u0131lan pay\u0131n y\u00fczde 0,6\u2019ya tekab\u00fcl etti\u011fine i\u015faret eden Ertu\u011frulo\u011flu, bakanl\u0131\u011f\u0131n merkez \u00f6rg\u00fct\u00fc ve say\u0131s\u0131 27\u2019ye ula\u015fan ve yenileri a\u00e7\u0131lmas\u0131 \u00f6ng\u00f6r\u00fclen yurt d\u0131\u015f\u0131 uygulama birimleriyle faaliyetlerini \u00e7ok k\u0131s\u0131tl\u0131 imkanlara ra\u011fmen en iyi \u015fekilde yerine getirmek i\u00e7in takdire \u015fayan gayret g\u00f6sterdi\u011fini vurgulad\u0131.<\/p>\n<p>Her y\u0131l al\u0131nan yeni meslek memurlar\u0131 ile bakanl\u0131k kadrolar\u0131n\u0131n geni\u015fledi\u011fini ve g\u00fc\u00e7lendi\u011fini anlatan Ertu\u011frulo\u011flu, \u201cK\u0131br\u0131s T\u00fcrk halk\u0131n\u0131n hakl\u0131 taleplerini ortaya koymak ve seslerini duyurmak yurt d\u0131\u015f\u0131 temaslarla m\u00fcmk\u00fcn olmaktad\u0131r. Bu ba\u011flamda bakanl\u0131\u011f\u0131m\u0131zca yurt d\u0131\u015f\u0131 ge\u00e7ici g\u00f6rev yolluklar\u0131 kalemi \u00f6nem arz etmektedir. T\u00fcm imkanlar\u0131 zorlayarak temaslar\u0131m\u0131z\u0131 art\u0131rmakta kararl\u0131y\u0131z\u201d dedi.<\/p>\n<p>-T\u00f6re<\/p>\n<p>UBP Milletvekili Zorlu T\u00f6re de d\u0131\u015f ili\u015fkilerin olduk\u00e7a \u00f6nemli oldu\u011funu kaydetti. K\u0131br\u0131s T\u00fcrk halk\u0131n\u0131n en b\u00fcy\u00fck eserinin KKTC oldu\u011funu belirten T\u00f6re, KKTC\u2019ye d\u00f6rt elle sar\u0131lmak ve cumhuriyeti ya\u015fatman\u0131n en b\u00fcy\u00fck g\u00f6rev oldu\u011funu dile getirdi.<\/p>\n<p>Mill\u00ee m\u00fccadele tarihine i\u015faret eden ve yok olu\u015fa kar\u015f\u0131 bir m\u00fccadele verildi\u011fini s\u00f6yleyen T\u00f6re, m\u00fccahitlerin b\u00fcy\u00fck bir m\u00fccadele verdi\u011fini ifade etti.<\/p>\n<p>O d\u00f6nem T\u00fcrkiye\u2019nin m\u00fcdahalesinin fevkalade \u00f6nemli oldu\u011funu kaydeden T\u00f6re, ihtar u\u00e7u\u015flar\u0131 ve m\u00fcdahaleler yap\u0131lmasa ya\u015fanacaklar\u0131 anlatt\u0131.<\/p>\n<p>Federasyonun K\u0131br\u0131s T\u00fcrk\u00fc i\u00e7in felaketi getirebilece\u011fini s\u00f6yleyen T\u00f6re, bug\u00fcn Rumlar Annan Plan\u0131\u2019na benzer bir haritay\u0131 kabul etse 100 binden fazla K\u0131br\u0131sl\u0131 T\u00fcrk\u2019\u00fcn g\u00f6\u00e7men durumuna d\u00fc\u015fece\u011fini dile getirdi.<\/p>\n<p>T\u00f6re, egemen bir devlet yap\u0131s\u0131ndan vazge\u00e7menin asla m\u00fcmk\u00fcn olmayaca\u011f\u0131n\u0131 vurgulad\u0131.<\/p>\n<p>Zorlu T\u00f6re, hem yurt i\u00e7i hem de yurt d\u0131\u015f\u0131 temsilciliklerinde \u00e7al\u0131\u015fan D\u0131\u015fi\u015fleri Bakanl\u0131\u011f\u0131 personelini de \u00e7al\u0131\u015fmalar\u0131 i\u00e7in tebrik etti.<\/p>\n<p>-Toros<\/p>\n<p>CTP Milletvekili Fikri Toros ise \u00f6nemli bir g\u00f6rev yerine getiren D\u0131\u015fi\u015fleri Bakanl\u0131\u011f\u0131\u2019nda kapasite art\u0131r\u0131m\u0131na ihtiya\u00e7 duydu\u011funu dile getirdi.<\/p>\n<p>B\u00fct\u00e7eye y\u00fczde 70 art\u0131\u015f yap\u0131l\u0131rken D\u0131\u015fi\u015fleri Bakanl\u0131\u011f\u0131\u2019na y\u00fczde 20 civar\u0131 bir art\u0131\u015f yap\u0131ld\u0131\u011f\u0131na de\u011finen Toros, hi\u00e7 ge\u00e7 kalmadan bu durumun d\u00fczeltilmesi gerekti\u011fini kaydetti.<\/p>\n<p>Toros, \u015fu an gerek say\u0131sal gerek nitelik a\u00e7\u0131s\u0131ndan yetersiz kalan kapasitenin, mevcut b\u00fct\u00e7e \u00e7er\u00e7evesinde mevcut konumunu dahi korumakta zorlanaca\u011f\u0131n\u0131 dile getirdi.<\/p>\n<p>K\u0131br\u0131s\u2019\u0131 \u00e7evreleyen jeopolitik geli\u015fmelere i\u015faret eden Toros, \u201cK\u0131br\u0131s sorunu ve onun ma\u011fduru olan K\u0131br\u0131s T\u00fcrk halk\u0131 s\u00fcrekli olarak derinle\u015fen bir sosyal k\u00fclt\u00fcrel ve ekonomik erozyon etkisi alt\u0131ndad\u0131r ve bununla birlikte uluslararas\u0131 toplumdan ve uluslararas\u0131 hukuktan tecrit edilmi\u015f olmam\u0131z, K\u0131br\u0131s\u2019\u0131n kuzeyini adeta bir su\u00e7 faaliyeti cenneti bir yozla\u015fma \u00f6rne\u011fi ve istikrars\u0131zl\u0131\u011fa bo\u011fmu\u015ftur\u201d dedi.<\/p>\n<p>K\u0131br\u0131s sorununun \u00e7\u00f6z\u00fcm\u00fcnde T\u00fcrk taraf\u0131n\u0131n sahip oldu\u011fu moral \u00fcst\u00fcnl\u00fc\u011f\u00fcn zedelendi\u011fini dile getiren Toros, bunun s\u00fcre\u00e7lerin ba\u015far\u0131s\u0131zl\u0131\u011fa u\u011framas\u0131nda en b\u00fcy\u00fck pay\u0131 olan K\u0131br\u0131s Rum liderli\u011finin ekme\u011fine ya\u011f s\u00fcrd\u00fc\u011f\u00fcn\u00fc kaydetti.<\/p>\n<p>M\u00fczakerelerin 60 y\u0131ld\u0131r s\u00fcrmedi\u011fini, m\u00fczakerelerin anlam\u0131 olarak Annan Plan\u0131 taraflara sunuldu\u011fu g\u00fcnden Crans Montana Konferans\u0131\u2019na kadar devam etti\u011fini ifade eden Toros, \u015fu anda ate\u015fkes konumunun devam etti\u011fini s\u00f6yledi.<\/p>\n<p>Hi\u00e7bir bar\u0131\u015f s\u00fcrecinin kesin bir takvim belirlenmeden sonuca varmad\u0131\u011f\u0131n\u0131 dile getiren Fikri Toros, bir takvim belirlenmesi ve sonu\u00e7 odakl\u0131 ilerlenmesi gerekti\u011fini ifade etti.<\/p>\n<p>\u201c7 Aral\u0131k 2023 tarihli Atina Deklarasyonu taht\u0131nda iyi kom\u015fuluk ve dostane ili\u015fkiler temeli T\u00fcrkiye Yunanistan yak\u0131nla\u015fmas\u0131 ve Do\u011fu Akdeniz\u2019de devam eden de\u011fi\u015fken jeopolitik geli\u015fmeler, t\u00fcm zorluklara ra\u011fmen K\u0131br\u0131s sorununa y\u00f6nelik \u00e7\u00f6z\u00fcm \u00e7abalarla yeni bir hizmet kazand\u0131rd\u0131\u201d diyen Toros, \u201cOcak 2024 ay\u0131nda bir ki\u015fisel temsilcinin atanmas\u0131n\u0131 takiben 15 Ekim\u2019de New York\u2019ta Birle\u015fmi\u015f Milletler Genel Sekreteri ev sahipli\u011finde ger\u00e7ekle\u015fen gayriresmi liderler toplant\u0131s\u0131, \u00e7\u00f6z\u00fcm \u00e7abalar\u0131n\u0131n yeniden canland\u0131\u011f\u0131na dair fiili i\u015faretlerdir\u201d diye konu\u015ftu.<\/p>\n<p>Toros, \u201c\u00d6n\u00fcm\u00fczdeki aylarda garant\u00f6r \u00fclkelerin de kat\u0131l\u0131m\u0131yla geni\u015fletilmi\u015f formatta bir gayriresmi toplant\u0131n\u0131n ger\u00e7ekle\u015ftirilecek olmas\u0131, yeni ge\u00e7i\u015f noktalar\u0131 \u00fczerinde \u00e7al\u0131\u015fmalar\u0131n\u0131n devam ediyor olmas\u0131 ve yerel sorunlar\u0131n ele al\u0131naca\u011f\u0131 liderler aras\u0131 diyalog niyetinin belirtilmi\u015f olmas\u0131, do\u011fru yolda at\u0131lan k\u00fc\u00e7\u00fck fakat olumlu ad\u0131mlar olarak de\u011ferlendirilmelidir\u201d dedi.<\/p>\n<\/p><\/div>\n<p><script async\n                    defer\n                    crossorigin=\"anonymous\"\n                    src=\"https:\/\/connect.facebook.net\/tr_TR\/sdk.js#xfbml=1&#038;version=v3.3\"\n            ><\/script><br \/>\n<br \/><br \/>\n<br \/><a href=\"https:\/\/brtk.net\/mecliste-disisleri-bakanligi-butcesi-gorusuluyor-ertugruloglu-adada-huzur-ve-guveni-saglaman-tek-yolu-esit-muamele\/\">Kaynak BRT <\/a><\/p>\n","protected":false},"excerpt":{"rendered":"<p>Cumhuriyet Meclisi Genel Kurulu\u2019nda ilk olarak 897 milyon 914 bin TL\u2019lik D\u0131\u015fi\u015fleri Bakanl\u0131\u011f\u0131 b\u00fct\u00e7esi g\u00f6r\u00fc\u015f\u00fcl\u00fcyor. Bakanl\u0131\u011f\u0131n\u0131n b\u00fct\u00e7esiyle ilgili konu\u015fan D\u0131\u015fi\u015fleri Bakan\u0131 Tahsin Ertu\u011frulo\u011flu, \u201cD\u0131\u015fi\u015fleri Bakanl\u0131\u011f\u0131 olarak muhataplar\u0131m\u0131za her f\u0131rsatta adada huzur ve g\u00fcvenin sa\u011flanmas\u0131n\u0131n tek yolunun taraflara e\u015fit muamele ile m\u00fcmk\u00fcn olabilece\u011fini vurguluyoruz.\u201d dedi. -Ertu\u011frulo\u011flu: \u201cDevletler aras\u0131 ili\u015fkilerde yeni dengelerin belirlenmekte oldu\u011fu bir zamanday\u0131z\u201d B\u00fct\u00e7eyle [&hellip;]<\/p>\n","protected":false},"author":908,"featured_media":14166,"comment_status":"open","ping_status":"open","sticky":false,"template":"","format":"standard","meta":{"_jetpack_memberships_contains_paid_content":false,"footnotes":"","jetpack_publicize_message":"","jetpack_publicize_feature_enabled":true,"jetpack_social_post_already_shared":true,"jetpack_social_options":{"image_generator_settings":{"template":"highway","default_image_id":0,"font":"","enabled":false},"version":2}},"categories":[253],"tags":[],"class_list":["post-14165","post","type-post","status-publish","format-standard","has-post-thumbnail","hentry","category-gundem"],"jetpack_publicize_connections":[],"jetpack_featured_media_url":"https:\/\/kibrisayna.com\/wp-content\/uploads\/2024\/12\/tahsin-meclis.jpg","jetpack_sharing_enabled":true,"_links":{"self":[{"href":"https:\/\/kibrisayna.com\/index.php\/wp-json\/wp\/v2\/posts\/14165","targetHints":{"allow":["GET"]}}],"collection":[{"href":"https:\/\/kibrisayna.com\/index.php\/wp-json\/wp\/v2\/posts"}],"about":[{"href":"https:\/\/kibrisayna.com\/index.php\/wp-json\/wp\/v2\/types\/post"}],"author":[{"embeddable":true,"href":"https:\/\/kibrisayna.com\/index.php\/wp-json\/wp\/v2\/users\/908"}],"replies":[{"embeddable":true,"href":"https:\/\/kibrisayna.com\/index.php\/wp-json\/wp\/v2\/comments?post=14165"}],"version-history":[{"count":0,"href":"https:\/\/kibrisayna.com\/index.php\/wp-json\/wp\/v2\/posts\/14165\/revisions"}],"wp:featuredmedia":[{"embeddable":true,"href":"https:\/\/kibrisayna.com\/index.php\/wp-json\/wp\/v2\/media\/14166"}],"wp:attachment":[{"href":"https:\/\/kibrisayna.com\/index.php\/wp-json\/wp\/v2\/media?parent=14165"}],"wp:term":[{"taxonomy":"category","embeddable":true,"href":"https:\/\/kibrisayna.com\/index.php\/wp-json\/wp\/v2\/categories?post=14165"},{"taxonomy":"post_tag","embeddable":true,"href":"https:\/\/kibrisayna.com\/index.php\/wp-json\/wp\/v2\/tags?post=14165"}],"curies":[{"name":"wp","href":"https:\/\/api.w.org\/{rel}","templated":true}]}}