{"id":14164,"date":"2024-12-17T16:33:40","date_gmt":"2024-12-17T13:33:40","guid":{"rendered":"https:\/\/kibrisayna.com\/index.php\/2024\/12\/17\/abde-tiktoka-secim-incelemesi-son-dakika-teknoloji-haberleri\/"},"modified":"2024-12-17T16:33:40","modified_gmt":"2024-12-17T13:33:40","slug":"abde-tiktoka-secim-incelemesi-son-dakika-teknoloji-haberleri","status":"publish","type":"post","link":"https:\/\/kibrisayna.com\/index.php\/2024\/12\/17\/abde-tiktoka-secim-incelemesi-son-dakika-teknoloji-haberleri\/","title":{"rendered":"AB&#8217;de TikTok&#8217;a se\u00e7im incelemesi &#8211; Son Dakika Teknoloji Haberleri"},"content":{"rendered":"<p> <br \/>\n<\/p>\n<div>\n<p><a href=\"https:\/\/www.ntv.com.tr\/avrupa\" target=\"_blank\" rel=\"tag noopener\">Avrupa<\/a> Komisyonu, se\u00e7imlere m\u00fcdahale edilmesinin \u00f6n\u00fcne ge\u00e7mek i\u00e7in yeterli \u00f6nlemleri almad\u0131\u011f\u0131 iddias\u0131yla sosyal medya \u015firketi TikTok&#8217;a kar\u015f\u0131 resmi inceleme ba\u015flatt\u0131.<\/p>\n<p>Komisyon, Dijital Hizmetler Kanunu kapsam\u0131nda Romanya&#8217;daki iptal edilen cumhurba\u015fkanl\u0131\u011f\u0131 se\u00e7imleriyle ilgili verileri incelenmek \u00fczere muhafaza etmesini TikTok&#8217;tan 5 Aral\u0131k&#8217;ta talep etmi\u015fti.<\/p>\n<p><strong>ROMANYA&#8217;DA SE\u00c7\u0130M \u0130PTAL ED\u0130LD\u0130<\/strong><\/p>\n<p>Romanya Anayasa Mahkemesi, Rusya&#8217;n\u0131n Romanya&#8217;daki cumhurba\u015fkanl\u0131\u011f\u0131 se\u00e7imlerine m\u00fcdahale etti\u011fi iddialar\u0131n\u0131n ve Rusya yanl\u0131s\u0131 a\u015f\u0131r\u0131 milliyet\u00e7i Calin Georgescu&#8217;nun ilk tur se\u00e7imlerini kazanmas\u0131n\u0131n ard\u0131ndan se\u00e7imin ilk turunun sonu\u00e7lar\u0131n\u0131 aral\u0131k ba\u015f\u0131nda iptal etmi\u015fti.<\/p>\n<p>Komisyon, bilgi talep edece\u011fini, TikTok&#8217;un siyasi reklam ve \u00fccret kar\u015f\u0131l\u0131\u011f\u0131 yap\u0131lan siyasi i\u00e7erik politikalar\u0131n\u0131, TikTok&#8217;un \u00f6nerilen i\u00e7erikleri belirleme sistemlerini ve bu sistemlerin manip\u00fcle edilme risklerini inceleyece\u011fini a\u00e7\u0131klad\u0131.<\/p>\n<p><strong>YEN\u0130 YAPTIRIM KARARLARI ALINAB\u0130L\u0130R<\/strong><\/p>\n<p>Resmi incelemenin ba\u015flamas\u0131yla Komisyon, yeni yapt\u0131r\u0131m kararlar\u0131 alabilir ve TikTok&#8217;un verdi\u011fi taahh\u00fctleri de\u011ferlendirebilir. S\u00fcrecin ne zaman tamamlanaca\u011f\u0131na dair net bir tarih yok.<\/p>\n<p>\u00c7inli Bytedance \u015firketine ait TikTok, 150&#8217;den fazla se\u00e7im s\u00fcrecinde platformunun politikalara uygunlu\u011funu sa\u011flad\u0131\u011f\u0131n\u0131 ve Avrupa Komisyonu&#8217;na kapsaml\u0131 bilgi sa\u011flad\u0131\u011f\u0131n\u0131 a\u00e7\u0131klad\u0131.<\/p>\n<p><strong>\u0130K\u0130 KR\u0130T\u0130K SE\u00c7\u0130M \u00d6NCES\u0130 KR\u0130T\u0130K HAMLE<\/strong><\/p>\n<p>TikTok, \u00fccretli siyasi reklam kabul etmedi\u011fini, yanl\u0131\u015f bilgi ve nefret s\u00f6ylemleri politikalar\u0131n\u0131 \u00e7i\u011fneyen i\u00e7erikleri etkin bir \u015fekilde kald\u0131rd\u0131\u011f\u0131n\u0131 belirtti.<\/p>\n<p>Komisyon, \u015fubat ay\u0131nda yap\u0131lacak Almanya parlamento se\u00e7imleri ve 29 Aral\u0131k&#8217;ta H\u0131rvatistan&#8217;da yap\u0131lacak cumhurba\u015fkanl\u0131\u011f\u0131 se\u00e7imlerine m\u00fcdahale edilebilece\u011fine dair risklerin fark\u0131nda oldu\u011funu belirtti.<\/p>\n<\/div>\n<p><br \/>\n<br \/><a href=\"https:\/\/www.ntv.com.tr\/teknoloji\/abde-tiktoka-secim-incelemesi,q_7HCgihfUmpWV9Iu6m1_g\"><\/a><\/p>\n","protected":false},"excerpt":{"rendered":"<p>Avrupa Komisyonu, se\u00e7imlere m\u00fcdahale edilmesinin \u00f6n\u00fcne ge\u00e7mek i\u00e7in yeterli \u00f6nlemleri almad\u0131\u011f\u0131 iddias\u0131yla sosyal medya \u015firketi TikTok&#8217;a kar\u015f\u0131 resmi inceleme ba\u015flatt\u0131. Komisyon, Dijital Hizmetler Kanunu kapsam\u0131nda Romanya&#8217;daki iptal edilen cumhurba\u015fkanl\u0131\u011f\u0131 se\u00e7imleriyle ilgili verileri incelenmek \u00fczere muhafaza etmesini TikTok&#8217;tan 5 Aral\u0131k&#8217;ta talep etmi\u015fti. ROMANYA&#8217;DA SE\u00c7\u0130M \u0130PTAL ED\u0130LD\u0130 Romanya Anayasa Mahkemesi, Rusya&#8217;n\u0131n Romanya&#8217;daki cumhurba\u015fkanl\u0131\u011f\u0131 se\u00e7imlerine m\u00fcdahale etti\u011fi iddialar\u0131n\u0131n [&hellip;]<\/p>\n","protected":false},"author":908,"featured_media":2988,"comment_status":"open","ping_status":"open","sticky":false,"template":"","format":"standard","meta":{"_jetpack_memberships_contains_paid_content":false,"footnotes":"","jetpack_publicize_message":"","jetpack_publicize_feature_enabled":true,"jetpack_social_post_already_shared":true,"jetpack_social_options":{"image_generator_settings":{"template":"highway","default_image_id":0,"font":"","enabled":false},"version":2}},"categories":[12],"tags":[],"class_list":["post-14164","post","type-post","status-publish","format-standard","has-post-thumbnail","hentry","category-teknoloji"],"jetpack_publicize_connections":[],"jetpack_featured_media_url":"https:\/\/kibrisayna.com\/wp-content\/uploads\/2024\/08\/8I6E5LbKAkaaPYZwa69Ogw.jpg","jetpack_sharing_enabled":true,"_links":{"self":[{"href":"https:\/\/kibrisayna.com\/index.php\/wp-json\/wp\/v2\/posts\/14164","targetHints":{"allow":["GET"]}}],"collection":[{"href":"https:\/\/kibrisayna.com\/index.php\/wp-json\/wp\/v2\/posts"}],"about":[{"href":"https:\/\/kibrisayna.com\/index.php\/wp-json\/wp\/v2\/types\/post"}],"author":[{"embeddable":true,"href":"https:\/\/kibrisayna.com\/index.php\/wp-json\/wp\/v2\/users\/908"}],"replies":[{"embeddable":true,"href":"https:\/\/kibrisayna.com\/index.php\/wp-json\/wp\/v2\/comments?post=14164"}],"version-history":[{"count":0,"href":"https:\/\/kibrisayna.com\/index.php\/wp-json\/wp\/v2\/posts\/14164\/revisions"}],"wp:featuredmedia":[{"embeddable":true,"href":"https:\/\/kibrisayna.com\/index.php\/wp-json\/wp\/v2\/media\/2988"}],"wp:attachment":[{"href":"https:\/\/kibrisayna.com\/index.php\/wp-json\/wp\/v2\/media?parent=14164"}],"wp:term":[{"taxonomy":"category","embeddable":true,"href":"https:\/\/kibrisayna.com\/index.php\/wp-json\/wp\/v2\/categories?post=14164"},{"taxonomy":"post_tag","embeddable":true,"href":"https:\/\/kibrisayna.com\/index.php\/wp-json\/wp\/v2\/tags?post=14164"}],"curies":[{"name":"wp","href":"https:\/\/api.w.org\/{rel}","templated":true}]}}