{"id":14162,"date":"2024-12-17T16:09:30","date_gmt":"2024-12-17T13:09:30","guid":{"rendered":"https:\/\/kibrisayna.com\/index.php\/2024\/12\/17\/cumhurbaskani-tatar-kandilli-rasathanesi-ve-deprem-arastirma-enstitusu-muduru-ozeli-kabul-etti-brtk\/"},"modified":"2024-12-17T16:09:30","modified_gmt":"2024-12-17T13:09:30","slug":"cumhurbaskani-tatar-kandilli-rasathanesi-ve-deprem-arastirma-enstitusu-muduru-ozeli-kabul-etti-brtk","status":"publish","type":"post","link":"https:\/\/kibrisayna.com\/index.php\/2024\/12\/17\/cumhurbaskani-tatar-kandilli-rasathanesi-ve-deprem-arastirma-enstitusu-muduru-ozeli-kabul-etti-brtk\/","title":{"rendered":"Cumhurba\u015fkan\u0131 Tatar, Kandilli Rasathanesi ve Deprem Ara\u015ft\u0131rma Enstit\u00fcs\u00fc M\u00fcd\u00fcr\u00fc \u00d6zel\u2019i kabul etti \u2013 BRTK"},"content":{"rendered":"<p> <br \/>\n<\/p>\n<div>\n<div class=\"mariselle-image-container center\">\n                <img loading=\"lazy\" decoding=\"async\" width=\"1600\" height=\"1066\" class=\"lazy-image\" alt=\"\" sizes=\"auto, (max-width: 1600px) 100vw, 1600px\" src=\"https:\/\/brtk.net\/wp-content\/uploads\/2024\/12\/17\/prqriqip.jpg?ver=8e4fa383c227ea8077616b29ba68052c\" srcset=\"https:\/\/brtk.net\/wp-content\/uploads\/2024\/12\/17\/prqriqip.jpg?ver=8e4fa383c227ea8077616b29ba68052c 1600w, https:\/\/brtk.net\/wp-content\/uploads\/2024\/12\/17\/prqriqip-300x200.jpg?ver=8e4fa383c227ea8077616b29ba68052c 300w, https:\/\/brtk.net\/wp-content\/uploads\/2024\/12\/17\/prqriqip-1024x682.jpg?ver=a30486fa8859d7b02d06a1fb14f9188c 1024w, https:\/\/brtk.net\/wp-content\/uploads\/2024\/12\/17\/prqriqip-768x512.jpg?ver=a30486fa8859d7b02d06a1fb14f9188c 768w, https:\/\/brtk.net\/wp-content\/uploads\/2024\/12\/17\/prqriqip-1536x1023.jpg?ver=336407ee6e453dee7ebb9345ab85828f 1536w\"\/>                            <\/div>\n<p>Cumhurba\u015fkan\u0131 Ersin Tatar, Kandilli Rasathanesi ve Deprem Ara\u015ft\u0131rma Enstit\u00fcs\u00fc M\u00fcd\u00fcr\u00fc Prof. Dr. Nurcan Meral \u00d6zel\u2019i kabul etti.<\/p>\n<p>Cumhurba\u015fkanl\u0131\u011f\u0131\u2019ndan verilen bilgiye g\u00f6re Tatar, Enstit\u00fc\u2019n\u00fcn T\u00fcrkiye\u2019nin \u00f6nemli kurulu\u015flar\u0131 aras\u0131nda yer ald\u0131\u011f\u0131n\u0131 vurgulayarak, en \u00fcst teknolojiyle gerek iklim de\u011fi\u015fikli\u011fi gerekse do\u011fal afetlerin yak\u0131ndan takip edilmesi konusunda y\u00fcr\u00fct\u00fclen \u00e7al\u0131\u015fmalar\u0131n \u00f6nemine de\u011findi. <\/p>\n<p>Elde edilen deneyimleri ve \u00e7al\u0131\u015fmalar\u0131n bilgi birikimlerini Kuzey K\u0131br\u0131s T\u00fcrk Cumhuriyeti ile de payla\u015f\u0131lmas\u0131n\u0131n bir de\u011fer oldu\u011funu vurgulayan Tatar, \u201cEnstit\u00fc\u2019n\u00fcn bu payla\u015f\u0131m\u0131, bizim kurumlar\u0131m\u0131z\u0131n bilgi birikimini g\u00fc\u00e7lendirmesi ad\u0131na destek niteli\u011findedir. Bu ba\u011flamda, sunmu\u015f oldu\u011funuz olanaklardan dolay\u0131 sizlere te\u015fekk\u00fcr ederim.\u201d dedi.<\/p>\n<p>Kabulde haz\u0131r bulunan Meteoroloji Dairesi M\u00fcd\u00fcr\u00fc Sinan G\u00fcne\u015f\u2019e de te\u015fekk\u00fcr eden Cumhurba\u015fkan\u0131 Tatar, ziyaretten duydu\u011fu memnuniyeti yineledi.<\/p>\n<p>Kandilli Rasathanesi ve Deprem Ara\u015ft\u0131rma Enstit\u00fcs\u00fc M\u00fcd\u00fcr\u00fc Prof. Dr. Nurcan Meral \u00d6zel de, y\u00fcr\u00fct\u00fclen \u00e7al\u0131\u015fmalar hakk\u0131nda Cumhurba\u015fkan\u0131 Ersin Tatar\u2019a bilgi verdi ve i\u015f birli\u011finin \u00f6nemine de\u011finerek her konuda yard\u0131ma haz\u0131r olduklar\u0131n\u0131 ifade etti.<\/p>\n<\/p><\/div>\n<p><script async\n                    defer\n                    crossorigin=\"anonymous\"\n                    src=\"https:\/\/connect.facebook.net\/tr_TR\/sdk.js#xfbml=1&#038;version=v3.3\"\n            ><\/script><br \/>\n<br \/><br \/>\n<br \/><a href=\"https:\/\/brtk.net\/cumhurbaskani-tatar-kandilli-rasathanesi-ve-deprem-arastirma-enstitusu-muduru-ozeli-kabul-etti\/\">Kaynak BRT <\/a><\/p>\n","protected":false},"excerpt":{"rendered":"<p>Cumhurba\u015fkan\u0131 Ersin Tatar, Kandilli Rasathanesi ve Deprem Ara\u015ft\u0131rma Enstit\u00fcs\u00fc M\u00fcd\u00fcr\u00fc Prof. Dr. Nurcan Meral \u00d6zel\u2019i kabul etti. Cumhurba\u015fkanl\u0131\u011f\u0131\u2019ndan verilen bilgiye g\u00f6re Tatar, Enstit\u00fc\u2019n\u00fcn T\u00fcrkiye\u2019nin \u00f6nemli kurulu\u015flar\u0131 aras\u0131nda yer ald\u0131\u011f\u0131n\u0131 vurgulayarak, en \u00fcst teknolojiyle gerek iklim de\u011fi\u015fikli\u011fi gerekse do\u011fal afetlerin yak\u0131ndan takip edilmesi konusunda y\u00fcr\u00fct\u00fclen \u00e7al\u0131\u015fmalar\u0131n \u00f6nemine de\u011findi. Elde edilen deneyimleri ve \u00e7al\u0131\u015fmalar\u0131n bilgi birikimlerini Kuzey [&hellip;]<\/p>\n","protected":false},"author":908,"featured_media":14163,"comment_status":"open","ping_status":"open","sticky":false,"template":"","format":"standard","meta":{"_jetpack_memberships_contains_paid_content":false,"footnotes":"","jetpack_publicize_message":"","jetpack_publicize_feature_enabled":true,"jetpack_social_post_already_shared":true,"jetpack_social_options":{"image_generator_settings":{"template":"highway","default_image_id":0,"font":"","enabled":false},"version":2}},"categories":[253],"tags":[],"class_list":["post-14162","post","type-post","status-publish","format-standard","has-post-thumbnail","hentry","category-gundem"],"jetpack_publicize_connections":[],"jetpack_featured_media_url":"https:\/\/kibrisayna.com\/wp-content\/uploads\/2024\/12\/prqriqip.jpg","jetpack_sharing_enabled":true,"_links":{"self":[{"href":"https:\/\/kibrisayna.com\/index.php\/wp-json\/wp\/v2\/posts\/14162","targetHints":{"allow":["GET"]}}],"collection":[{"href":"https:\/\/kibrisayna.com\/index.php\/wp-json\/wp\/v2\/posts"}],"about":[{"href":"https:\/\/kibrisayna.com\/index.php\/wp-json\/wp\/v2\/types\/post"}],"author":[{"embeddable":true,"href":"https:\/\/kibrisayna.com\/index.php\/wp-json\/wp\/v2\/users\/908"}],"replies":[{"embeddable":true,"href":"https:\/\/kibrisayna.com\/index.php\/wp-json\/wp\/v2\/comments?post=14162"}],"version-history":[{"count":0,"href":"https:\/\/kibrisayna.com\/index.php\/wp-json\/wp\/v2\/posts\/14162\/revisions"}],"wp:featuredmedia":[{"embeddable":true,"href":"https:\/\/kibrisayna.com\/index.php\/wp-json\/wp\/v2\/media\/14163"}],"wp:attachment":[{"href":"https:\/\/kibrisayna.com\/index.php\/wp-json\/wp\/v2\/media?parent=14162"}],"wp:term":[{"taxonomy":"category","embeddable":true,"href":"https:\/\/kibrisayna.com\/index.php\/wp-json\/wp\/v2\/categories?post=14162"},{"taxonomy":"post_tag","embeddable":true,"href":"https:\/\/kibrisayna.com\/index.php\/wp-json\/wp\/v2\/tags?post=14162"}],"curies":[{"name":"wp","href":"https:\/\/api.w.org\/{rel}","templated":true}]}}