{"id":14161,"date":"2024-12-17T16:08:04","date_gmt":"2024-12-17T13:08:04","guid":{"rendered":"https:\/\/kibrisayna.com\/index.php\/2024\/12\/17\/maliye-duyurdu30-euro-ve-altindaki-esyalarin-kktcden-turkiyeye-girisindeki-vergi-orani-yuzde-60dan-30a-dusuruldu-brtk\/"},"modified":"2024-12-17T16:08:04","modified_gmt":"2024-12-17T13:08:04","slug":"maliye-duyurdu30-euro-ve-altindaki-esyalarin-kktcden-turkiyeye-girisindeki-vergi-orani-yuzde-60dan-30a-dusuruldu-brtk","status":"publish","type":"post","link":"https:\/\/kibrisayna.com\/index.php\/2024\/12\/17\/maliye-duyurdu30-euro-ve-altindaki-esyalarin-kktcden-turkiyeye-girisindeki-vergi-orani-yuzde-60dan-30a-dusuruldu-brtk\/","title":{"rendered":"Maliye duyurdu:30 euro ve alt\u0131ndaki e\u015fyalar\u0131n KKTC\u2019den T\u00fcrkiye\u2019ye giri\u015findeki vergi oran\u0131 y\u00fczde 60\u2019dan 30\u2019a d\u00fc\u015f\u00fcr\u00fcld\u00fc \u2013 BRTK"},"content":{"rendered":"<p> <br \/>\n<\/p>\n<div>\n<div class=\"mariselle-image-container center\">\n                <img loading=\"lazy\" decoding=\"async\" width=\"1024\" height=\"682\" class=\"lazy-image\" alt=\"\" sizes=\"auto, (max-width: 1024px) 100vw, 1024px\" src=\"https:\/\/brtk.net\/wp-content\/uploads\/2024\/08\/08\/maliye-bakanligi31.jpeg?ver=c1691d4924de2950d6e948c43bae08f4\" srcset=\"https:\/\/brtk.net\/wp-content\/uploads\/2024\/08\/08\/maliye-bakanligi31.jpeg?ver=c1691d4924de2950d6e948c43bae08f4 1024w, https:\/\/brtk.net\/wp-content\/uploads\/2024\/08\/08\/maliye-bakanligi31-300x200.jpeg?ver=c1691d4924de2950d6e948c43bae08f4 300w, https:\/\/brtk.net\/wp-content\/uploads\/2024\/08\/08\/maliye-bakanligi31-768x512.jpeg?ver=c1691d4924de2950d6e948c43bae08f4 768w\"\/>                            <\/div>\n<p>Maliye Bakanl\u0131\u011f\u0131, 30 euro ve alt\u0131ndaki e\u015fyalar\u0131n KKTC\u2019den T\u00fcrkiye\u2019ye giri\u015findeki vergi oran\u0131n\u0131n y\u00fczde 60\u2019tan y\u00fczde 30\u2019a d\u00fc\u015f\u00fcr\u00fcld\u00fc\u011f\u00fcn\u00fc duyurdu.<\/p>\n<p>Anadolu Ajans\u0131\u2019ndan (AA) servis edilen, T\u00fcrk Ajans\u0131 K\u0131br\u0131s\u2019\u0131n (TAK) haber b\u00fclteninde de yer alan \u201cKKTC\u2019den T\u00fcrkiye\u2019ye Giden E\u015fyaya AB Standartlar\u0131nda Vergi Uygulanacak\u201d ba\u015fl\u0131kl\u0131 haberin baz\u0131 bas\u0131n yay\u0131n organlar\u0131nda farkl\u0131 yorumland\u0131\u011f\u0131 kaydeden Maliye Bakanl\u0131\u011f\u0131, yaz\u0131l\u0131 a\u00e7\u0131klama yapt\u0131.<\/p>\n<p>A\u00e7\u0131klamada, karar\u0131n 30 euro ve alt\u0131ndaki mallar\u0131n vergilerinin \u00f6denmesiyle yolcu beraberinde veya posta yoluyla ya da h\u0131zl\u0131 kargo ta\u015f\u0131mac\u0131l\u0131\u011f\u0131yla serbest dola\u015f\u0131ma sokulacak e\u015fyalarla ilgili oldu\u011fu belirtildi.<\/p>\n<p>Buna g\u00f6re, s\u00f6z konusu e\u015fyalarla ilgili daha \u00f6nce y\u00fczde 60 tek ve maktu vergi tahsil edilirken, yeni d\u00f6nemde bu oran AB \u00fclkelerinden gelen e\u015fyalar i\u00e7in uygulanan y\u00fczde 30\u2019luk orana d\u00fc\u015f\u00fcr\u00fcld\u00fc.<\/p>\n<\/p><\/div>\n<p><script async\n                    defer\n                    crossorigin=\"anonymous\"\n                    src=\"https:\/\/connect.facebook.net\/tr_TR\/sdk.js#xfbml=1&#038;version=v3.3\"\n            ><\/script><br \/>\n<br \/><br \/>\n<br \/><a href=\"https:\/\/brtk.net\/maliye-duyurdu30-euro-ve-altindaki-esyalarin-kktcden-turkiyeye-girisindeki-vergi-orani-yuzde-60dan-30a-dusuruldu\/\">Kaynak BRT <\/a><\/p>\n","protected":false},"excerpt":{"rendered":"<p>Maliye Bakanl\u0131\u011f\u0131, 30 euro ve alt\u0131ndaki e\u015fyalar\u0131n KKTC\u2019den T\u00fcrkiye\u2019ye giri\u015findeki vergi oran\u0131n\u0131n y\u00fczde 60\u2019tan y\u00fczde 30\u2019a d\u00fc\u015f\u00fcr\u00fcld\u00fc\u011f\u00fcn\u00fc duyurdu. Anadolu Ajans\u0131\u2019ndan (AA) servis edilen, T\u00fcrk Ajans\u0131 K\u0131br\u0131s\u2019\u0131n (TAK) haber b\u00fclteninde de yer alan \u201cKKTC\u2019den T\u00fcrkiye\u2019ye Giden E\u015fyaya AB Standartlar\u0131nda Vergi Uygulanacak\u201d ba\u015fl\u0131kl\u0131 haberin baz\u0131 bas\u0131n yay\u0131n organlar\u0131nda farkl\u0131 yorumland\u0131\u011f\u0131 kaydeden Maliye Bakanl\u0131\u011f\u0131, yaz\u0131l\u0131 a\u00e7\u0131klama yapt\u0131. A\u00e7\u0131klamada, [&hellip;]<\/p>\n","protected":false},"author":908,"featured_media":12396,"comment_status":"open","ping_status":"open","sticky":false,"template":"","format":"standard","meta":{"_jetpack_memberships_contains_paid_content":false,"footnotes":"","jetpack_publicize_message":"","jetpack_publicize_feature_enabled":true,"jetpack_social_post_already_shared":true,"jetpack_social_options":{"image_generator_settings":{"template":"highway","default_image_id":0,"font":"","enabled":false},"version":2}},"categories":[253],"tags":[],"class_list":["post-14161","post","type-post","status-publish","format-standard","has-post-thumbnail","hentry","category-gundem"],"jetpack_publicize_connections":[],"jetpack_featured_media_url":"https:\/\/kibrisayna.com\/wp-content\/uploads\/2024\/11\/maliye-bakanligi31.jpeg","jetpack_sharing_enabled":true,"_links":{"self":[{"href":"https:\/\/kibrisayna.com\/index.php\/wp-json\/wp\/v2\/posts\/14161","targetHints":{"allow":["GET"]}}],"collection":[{"href":"https:\/\/kibrisayna.com\/index.php\/wp-json\/wp\/v2\/posts"}],"about":[{"href":"https:\/\/kibrisayna.com\/index.php\/wp-json\/wp\/v2\/types\/post"}],"author":[{"embeddable":true,"href":"https:\/\/kibrisayna.com\/index.php\/wp-json\/wp\/v2\/users\/908"}],"replies":[{"embeddable":true,"href":"https:\/\/kibrisayna.com\/index.php\/wp-json\/wp\/v2\/comments?post=14161"}],"version-history":[{"count":0,"href":"https:\/\/kibrisayna.com\/index.php\/wp-json\/wp\/v2\/posts\/14161\/revisions"}],"wp:featuredmedia":[{"embeddable":true,"href":"https:\/\/kibrisayna.com\/index.php\/wp-json\/wp\/v2\/media\/12396"}],"wp:attachment":[{"href":"https:\/\/kibrisayna.com\/index.php\/wp-json\/wp\/v2\/media?parent=14161"}],"wp:term":[{"taxonomy":"category","embeddable":true,"href":"https:\/\/kibrisayna.com\/index.php\/wp-json\/wp\/v2\/categories?post=14161"},{"taxonomy":"post_tag","embeddable":true,"href":"https:\/\/kibrisayna.com\/index.php\/wp-json\/wp\/v2\/tags?post=14161"}],"curies":[{"name":"wp","href":"https:\/\/api.w.org\/{rel}","templated":true}]}}