{"id":14157,"date":"2024-12-17T15:57:09","date_gmt":"2024-12-17T12:57:09","guid":{"rendered":"https:\/\/kibrisayna.com\/index.php\/2024\/12\/17\/sendikalar-grev-yasagiyla-ilgili-kararname-aleyhine-ara-emri-basvurusu-yapti-brtk\/"},"modified":"2024-12-17T15:57:09","modified_gmt":"2024-12-17T12:57:09","slug":"sendikalar-grev-yasagiyla-ilgili-kararname-aleyhine-ara-emri-basvurusu-yapti-brtk","status":"publish","type":"post","link":"https:\/\/kibrisayna.com\/index.php\/2024\/12\/17\/sendikalar-grev-yasagiyla-ilgili-kararname-aleyhine-ara-emri-basvurusu-yapti-brtk\/","title":{"rendered":"Sendikalar grev yasa\u011f\u0131yla ilgili kararname aleyhine ara emri ba\u015fvurusu yapt\u0131 \u2013 BRTK"},"content":{"rendered":"<p> <br \/>\n<\/p>\n<div>\n<div class=\"mariselle-image-container center\">\n                <img loading=\"lazy\" decoding=\"async\" width=\"1935\" height=\"745\" class=\"lazy-image\" alt=\"\" sizes=\"auto, (max-width: 1935px) 100vw, 1935px\" src=\"https:\/\/brtk.net\/wp-content\/uploads\/2024\/12\/17\/sdksakdska.jpeg?ver=fb816bc264cee039c9ff22e649c57045\" srcset=\"https:\/\/brtk.net\/wp-content\/uploads\/2024\/12\/17\/sdksakdska.jpeg?ver=fb816bc264cee039c9ff22e649c57045 1935w, https:\/\/brtk.net\/wp-content\/uploads\/2024\/12\/17\/sdksakdska-300x116.jpeg?ver=fb816bc264cee039c9ff22e649c57045 300w, https:\/\/brtk.net\/wp-content\/uploads\/2024\/12\/17\/sdksakdska-1024x394.jpeg?ver=aeaff3006bf6db430897cb119e05a46b 1024w, https:\/\/brtk.net\/wp-content\/uploads\/2024\/12\/17\/sdksakdska-768x296.jpeg?ver=aeaff3006bf6db430897cb119e05a46b 768w, https:\/\/brtk.net\/wp-content\/uploads\/2024\/12\/17\/sdksakdska-1536x591.jpeg?ver=aeaff3006bf6db430897cb119e05a46b 1536w\"\/>                            <\/div>\n<p>Kamuda yetkili be\u015f sendika, \u201cElzem Hizmetlerde Grev Yasa\u011f\u0131n\u0131n D\u00fczenlenmesi Hakk\u0131ndaki Yasa G\u00fcc\u00fcnde Kararname\u2019ye\u201d kar\u015f\u0131 Anayasa Mahkemesi\u2019nde dava dosyalad\u0131, ara emri ba\u015fvurusunda bulundu.<\/p>\n<p>K\u0131br\u0131s T\u00fcrk Amme Memurlar\u0131 Sendikas\u0131 (KTAMS), Kamu G\u00f6revlileri Sendikas\u0131 (KAMUSEN), Kamu \u0130\u015f\u00e7ileri Sendikas\u0131 (KAMU-\u0130\u015e), K\u0131br\u0131s T\u00fcrk \u00d6\u011fretmenler Sendikas\u0131 (KT\u00d6S) ve K\u0131br\u0131s T\u00fcrk Orta E\u011fitim \u00d6\u011fretmenler Sendikas\u0131 (KTOE\u00d6S) yetkilileri, ba\u015fvuru \u00f6ncesinde Mahkemeler \u00f6n\u00fcnde bas\u0131n a\u00e7\u0131klamas\u0131 yaparak, \u00e7al\u0131\u015fanlar\u0131n grev hakk\u0131n\u0131n ellerinden al\u0131nmas\u0131 amac\u0131yla haz\u0131rland\u0131\u011f\u0131n\u0131 savunduklar\u0131 kararnameyi ele\u015ftirdi.<\/p>\n<p>-Eylem<\/p>\n<p>KTOE\u00d6S Ba\u015fkan\u0131 Selma Eylem, yasa g\u00fcc\u00fcnde kararname \u00e7\u0131kararak, Hava Trafik Kontrol\u00f6rleri Sendikas\u0131\u2019n\u0131n grev hakk\u0131n\u0131n ertelendi\u011fini hat\u0131rlatarak, bunun Anayasa\u2019ya ayk\u0131r\u0131 oldu\u011funu kaydetti.<\/p>\n<p>Sendikalara ve sendikal haklara sald\u0131r\u0131lar\u0131n devam etti\u011fini savunan Eylem, hem hukuki hem de eylemsel anlamda m\u00fccadelelerinin s\u00fcrece\u011fini belirtti.<\/p>\n<p>-Bengihan<\/p>\n<p>KTAMS Ba\u015fkan\u0131 G\u00fcven Bengihan, Meclis\u2019in a\u00e7\u0131k oldu\u011fu bir d\u00f6nemde Bakanlar Kurulu\u2019nun, yasa g\u00fcc\u00fcnde kararname \u00e7\u0131kar\u0131p, temel hak ve \u00f6zg\u00fcrl\u00fcklerin k\u0131s\u0131tlanmas\u0131n\u0131n Anayasa\u2019ya ayk\u0131r\u0131 oldu\u011funu kaydetti.<\/p>\n<p>Anayasa\u2019n\u0131n 11\u2019inci maddesinin, \u201cTemel hak ve \u00f6zg\u00fcrl\u00fckler yasayla s\u0131n\u0131rland\u0131r\u0131labilir\u201d dedi\u011fine i\u015faret eden Bengihan, yasa g\u00fcc\u00fcnde kararnamelerin, ekonomik konularda ivedilik varsa \u00e7\u0131kar\u0131labilece\u011fini ifade etti. Bengihan, temel hak ve \u00f6zg\u00fcrl\u00fcklerin yasa g\u00fcc\u00fcnde kararnameyle s\u0131n\u0131rland\u0131r\u0131lamayaca\u011f\u0131n\u0131 belirtti.<\/p>\n<p>Toplu \u0130\u015f S\u00f6zle\u015fmesi, Grev ve Referandum Yasas\u0131\u2019nda grevlerin ne \u015fekilde yasaklanaca\u011f\u0131 ve hangi s\u00fcrelerde k\u0131s\u0131tlanaca\u011f\u0131n\u0131n a\u00e7\u0131k oldu\u011funu kaydeden Bengihan, bunun y\u0131lda iki kere 60 g\u00fcn s\u00fcreyle oldu\u011funu s\u00f6yledi.<\/p>\n<p>Bakanlar Kurulu\u2019nun \u0130ngiliz d\u00f6neminden kalma fas\u0131llarla elzem yerler i\u00e7in kendine verilen yetkilerle grevleri s\u00fcrekli yasaklamas\u0131n\u0131n \u201ckabul edilemez\u201d oldu\u011funu savunan Bengihan, \u201cBu KKTC\u2019nin demokratik, laik, hukuk devleti ilkesine de ayk\u0131r\u0131d\u0131r\u201d dedi.<\/p>\n<p>KTAMS Ba\u015fkan\u0131 Bengihan, yabanc\u0131lara mal sat\u0131\u015f\u0131yla ilgili Meclis\u2019in a\u00e7\u0131k oldu\u011fu bir d\u00f6nemde yine yasa g\u00fcc\u00fcnde kararname \u00e7\u0131kar\u0131ld\u0131\u011f\u0131n\u0131 hat\u0131rlatt\u0131.<\/p>\n<p>Toplu \u0130\u015f S\u00f6zle\u015fmesi Grev ve Referandum Yasas\u0131 ile hayat pahal\u0131l\u0131\u011f\u0131 hesaplama y\u00f6nteminin de\u011fi\u015ftirilmek istenmesi hakk\u0131nda da hem hukuksal hem de eylemsel hareket edeceklerini ifade eden Bengihan, hayat pahal\u0131l\u0131\u011f\u0131 konusunun g\u00f6r\u00fc\u015f\u00fclmeye ba\u015fland\u0131\u011f\u0131 g\u00fcn Meclis\u2019te grev gidilece\u011fini a\u00e7\u0131klad\u0131.<\/p>\n<p>Bengihan, at\u0131lacak ad\u0131mlara sessiz kalmayacaklar\u0131n\u0131, demokratik eylem haklar\u0131n\u0131 kullanacaklar\u0131n\u0131 belirtti.<\/p>\n<p>-Atan<\/p>\n<p>K\u0131br\u0131s T\u00fcrk Kamu G\u00f6revlileri Sendikas\u0131 (KAMUSEN) Ba\u015fkan\u0131 Metin Atan da, bunun \u201chak ve \u00f6zg\u00fcrl\u00fcklere yap\u0131lan bir darbe\u201d oldu\u011funu savunarak, Toplu \u0130\u015f S\u00f6zle\u015fmesi Grev ve Referandum Yasas\u0131\u2019ndaki b\u00fct\u00fcn \u00f6zg\u00fcrl\u00fcklerin k\u0131s\u0131tlanmaya ba\u015flad\u0131\u011f\u0131n\u0131 ileri s\u00fcrd\u00fc.<\/p>\n<p>Anayasa\u2019ya ayk\u0131r\u0131 davran\u0131lmas\u0131n\u0131 ele\u015ftiren Atan, yasa g\u00fcc\u00fcnde kararnamelerin, do\u011fal afet veya ekonomik kriz d\u00f6neminde \u00e7\u0131kar\u0131labilece\u011fini dile getirdi.<\/p>\n<p>Atan, sendikalar olarak gerekli duru\u015fu sergileyeceklerini belirtti.<\/p>\n<p>-Mavi\u015f<\/p>\n<p>K\u0131br\u0131s T\u00fcrk \u00d6\u011fretmenler Sendikas\u0131 (KT\u00d6S) Genel Sekreteri Burak Mavi\u015f ise, \u201c\u0130yi ki sendikalar var\u201d diyerek, sendikalar\u0131n h\u00fck\u00fcmete kar\u015f\u0131 duru\u015f sergiledi\u011fini ifade etti.<\/p>\n<p>Toplu \u0130\u015f S\u00f6zle\u015fmesi Grev ve Referandum Yasas\u0131\u2019nda de\u011fi\u015fiklikler yap\u0131larak, \u00f6rg\u00fctlenmeye k\u0131s\u0131tlama getirilmek istendi\u011fini \u00f6ne s\u00fcren Mavi\u015f, hayat pahal\u0131l\u0131\u011f\u0131 y\u00f6ntemi de\u011fi\u015ftirilerek, halk\u0131n fakirle\u015fmeye, yoksulla\u015fmaya, yoklu\u011fa ve g\u00f6\u00e7e zorlanmak istendi\u011fini savundu.<\/p>\n<p>H\u00fck\u00fcmete ele\u015ftirilerde bulunan Burak Mavi\u015f, siyasi parti, oda ve birliklere \u00e7a\u011fr\u0131 yapt\u0131. Mavi\u015f, \u201cBu sadece sendikalar\u0131n sorunu de\u011fil, t\u00fcm vatanda\u015flar\u0131n sorunudur\u201d diyerek, toplumu da m\u00fccadeleye davet etti.<\/p>\n<p>Konu\u015fmalar\u0131n ard\u0131ndan Anayasa Mahkemesi\u2019ne ara emri ba\u015fvurusu yap\u0131ld\u0131.<\/p>\n<p>-\u00c7ulhao\u011flu<\/p>\n<p>Ba\u015fvurunun ard\u0131ndan konu\u015fan Avukat U\u011fur \u00c7ulhao\u011flu, KTAMS vas\u0131tas\u0131yla dava ikame edildi\u011fini ve ara emri ba\u015fvurusu yap\u0131ld\u0131\u011f\u0131n\u0131 s\u00f6yledi.<\/p>\n<p>Tek tarafl\u0131 ba\u015fvuru nedeniyle Anayasa Mahkemesi\u2019nin k\u0131sa bir s\u00fcre i\u00e7erisinde g\u00fcn vermesini beklediklerini ifade eden \u00c7ulhao\u011flu, \u00f6ncelikle ara emri ba\u015fvurusunun de\u011ferlendirilip, tek tarafl\u0131 karar \u00fcretilece\u011fini kaydetti.<\/p>\n<\/p><\/div>\n<p><script async\n                    defer\n                    crossorigin=\"anonymous\"\n                    src=\"https:\/\/connect.facebook.net\/tr_TR\/sdk.js#xfbml=1&#038;version=v3.3\"\n            ><\/script><br \/>\n<br \/><br \/>\n<br \/><a href=\"https:\/\/brtk.net\/sendikalar-grev-yasagiyla-ilgili-kararname-aleyhine-ara-emri-basvurusu-yapti\/\">Kaynak BRT <\/a><\/p>\n","protected":false},"excerpt":{"rendered":"<p>Kamuda yetkili be\u015f sendika, \u201cElzem Hizmetlerde Grev Yasa\u011f\u0131n\u0131n D\u00fczenlenmesi Hakk\u0131ndaki Yasa G\u00fcc\u00fcnde Kararname\u2019ye\u201d kar\u015f\u0131 Anayasa Mahkemesi\u2019nde dava dosyalad\u0131, ara emri ba\u015fvurusunda bulundu. K\u0131br\u0131s T\u00fcrk Amme Memurlar\u0131 Sendikas\u0131 (KTAMS), Kamu G\u00f6revlileri Sendikas\u0131 (KAMUSEN), Kamu \u0130\u015f\u00e7ileri Sendikas\u0131 (KAMU-\u0130\u015e), K\u0131br\u0131s T\u00fcrk \u00d6\u011fretmenler Sendikas\u0131 (KT\u00d6S) ve K\u0131br\u0131s T\u00fcrk Orta E\u011fitim \u00d6\u011fretmenler Sendikas\u0131 (KTOE\u00d6S) yetkilileri, ba\u015fvuru \u00f6ncesinde Mahkemeler \u00f6n\u00fcnde bas\u0131n [&hellip;]<\/p>\n","protected":false},"author":908,"featured_media":14158,"comment_status":"open","ping_status":"open","sticky":false,"template":"","format":"standard","meta":{"_jetpack_memberships_contains_paid_content":false,"footnotes":"","jetpack_publicize_message":"","jetpack_publicize_feature_enabled":true,"jetpack_social_post_already_shared":true,"jetpack_social_options":{"image_generator_settings":{"template":"highway","default_image_id":0,"font":"","enabled":false},"version":2}},"categories":[253],"tags":[],"class_list":["post-14157","post","type-post","status-publish","format-standard","has-post-thumbnail","hentry","category-gundem"],"jetpack_publicize_connections":[],"jetpack_featured_media_url":"https:\/\/kibrisayna.com\/wp-content\/uploads\/2024\/12\/sdksakdska.jpeg","jetpack_sharing_enabled":true,"_links":{"self":[{"href":"https:\/\/kibrisayna.com\/index.php\/wp-json\/wp\/v2\/posts\/14157","targetHints":{"allow":["GET"]}}],"collection":[{"href":"https:\/\/kibrisayna.com\/index.php\/wp-json\/wp\/v2\/posts"}],"about":[{"href":"https:\/\/kibrisayna.com\/index.php\/wp-json\/wp\/v2\/types\/post"}],"author":[{"embeddable":true,"href":"https:\/\/kibrisayna.com\/index.php\/wp-json\/wp\/v2\/users\/908"}],"replies":[{"embeddable":true,"href":"https:\/\/kibrisayna.com\/index.php\/wp-json\/wp\/v2\/comments?post=14157"}],"version-history":[{"count":0,"href":"https:\/\/kibrisayna.com\/index.php\/wp-json\/wp\/v2\/posts\/14157\/revisions"}],"wp:featuredmedia":[{"embeddable":true,"href":"https:\/\/kibrisayna.com\/index.php\/wp-json\/wp\/v2\/media\/14158"}],"wp:attachment":[{"href":"https:\/\/kibrisayna.com\/index.php\/wp-json\/wp\/v2\/media?parent=14157"}],"wp:term":[{"taxonomy":"category","embeddable":true,"href":"https:\/\/kibrisayna.com\/index.php\/wp-json\/wp\/v2\/categories?post=14157"},{"taxonomy":"post_tag","embeddable":true,"href":"https:\/\/kibrisayna.com\/index.php\/wp-json\/wp\/v2\/tags?post=14157"}],"curies":[{"name":"wp","href":"https:\/\/api.w.org\/{rel}","templated":true}]}}