{"id":14139,"date":"2024-12-17T14:42:49","date_gmt":"2024-12-17T11:42:49","guid":{"rendered":"https:\/\/kibrisayna.com\/index.php\/2024\/12\/17\/ktoeos-yarin-grev-ve-eylem-yapacak-brtk\/"},"modified":"2024-12-17T14:42:49","modified_gmt":"2024-12-17T11:42:49","slug":"ktoeos-yarin-grev-ve-eylem-yapacak-brtk","status":"publish","type":"post","link":"https:\/\/kibrisayna.com\/index.php\/2024\/12\/17\/ktoeos-yarin-grev-ve-eylem-yapacak-brtk\/","title":{"rendered":"KTOE\u00d6S yar\u0131n grev ve eylem yapacak \u2013 BRTK"},"content":{"rendered":"<p> <br \/>\n<\/p>\n<div>\n<div class=\"mariselle-image-container center\">\n                <img loading=\"lazy\" decoding=\"async\" width=\"971\" height=\"551\" class=\"lazy-image\" alt=\"\" sizes=\"auto, (max-width: 971px) 100vw, 971px\" src=\"https:\/\/brtk.net\/wp-content\/uploads\/2024\/03\/01\/ktoeos-15765036339.jpg?ver=bde19ca1ca77349dc36bcbc780806bcc\" srcset=\"https:\/\/brtk.net\/wp-content\/uploads\/2024\/03\/01\/ktoeos-15765036339.jpg?ver=bde19ca1ca77349dc36bcbc780806bcc 971w, https:\/\/brtk.net\/wp-content\/uploads\/2024\/03\/01\/ktoeos-15765036339-300x170.jpg?ver=bde19ca1ca77349dc36bcbc780806bcc 300w, https:\/\/brtk.net\/wp-content\/uploads\/2024\/03\/01\/ktoeos-15765036339-768x436.jpg?ver=461850242332abeed4930130373094ce 768w\"\/>                            <\/div>\n<p> K\u0131br\u0131s T\u00fcrk Orta E\u011fitim \u00d6\u011fretmenler Sendikas\u0131 (KTOE\u00d6S), yar\u0131n 11.30 \u2013 13.05 saatleri aras\u0131nda t\u00fcm Lefko\u015fa okullar\u0131nda grev ve Meclis \u00f6n\u00fcnde eylem yapaca\u011f\u0131n\u0131 duyurdu.<\/p>\n<p>KTOE\u00d6S Ba\u015fkan\u0131 Selma Eylem taraf\u0131ndan yap\u0131lan a\u00e7\u0131klamaya g\u00f6re, \u201cE\u011fitimde ve okullarda ya\u015fanan sorunlara, hayat pahal\u0131l\u0131\u011f\u0131 ile halk\u0131n cebine yap\u0131lan sald\u0131r\u0131lara, yasa d\u0131\u015f\u0131l\u0131k, e\u015fitsizlik, yolsuzluk, h\u0131rs\u0131zl\u0131k ve adaletsizliklere, Sosyal G\u00fcvenlik ve g\u00f6\u00e7 yasas\u0131ndan atanan \u00f6\u011fretmenlerin ya\u015fad\u0131\u011f\u0131 sorunlara, toplu i\u015f s\u00f6zle\u015fmesi ve yasa g\u00fcc\u00fcnde kararnamelerle sendikalara yap\u0131lan sald\u0131r\u0131lara yeter demek i\u00e7in\u201d grev ve eylem yap\u0131lacak.<\/p>\n<p>Grev yar\u0131n 11.30 \u2013 13.05 saatleri aras\u0131nda t\u00fcm Lefko\u015fa okullar\u0131nda uygulanacakken, \u00f6\u011fretmenler saat 11.45\u2019te Sendika binas\u0131nda toplanarak Meclis ve  T\u00fcrkiye B\u00fcy\u00fckel\u00e7ili\u011fi  \u00f6n\u00fcne y\u00fcr\u00fcyecek.<\/p>\n<\/p><\/div>\n<p><script async\n                    defer\n                    crossorigin=\"anonymous\"\n                    src=\"https:\/\/connect.facebook.net\/tr_TR\/sdk.js#xfbml=1&#038;version=v3.3\"\n            ><\/script><br \/>\n<br \/><br \/>\n<br \/><a href=\"https:\/\/brtk.net\/ktoeos-yarin-grev-ve-eylem-yapacak\/\">Kaynak BRT <\/a><\/p>\n","protected":false},"excerpt":{"rendered":"<p>K\u0131br\u0131s T\u00fcrk Orta E\u011fitim \u00d6\u011fretmenler Sendikas\u0131 (KTOE\u00d6S), yar\u0131n 11.30 \u2013 13.05 saatleri aras\u0131nda t\u00fcm Lefko\u015fa okullar\u0131nda grev ve Meclis \u00f6n\u00fcnde eylem yapaca\u011f\u0131n\u0131 duyurdu. KTOE\u00d6S Ba\u015fkan\u0131 Selma Eylem taraf\u0131ndan yap\u0131lan a\u00e7\u0131klamaya g\u00f6re, \u201cE\u011fitimde ve okullarda ya\u015fanan sorunlara, hayat pahal\u0131l\u0131\u011f\u0131 ile halk\u0131n cebine yap\u0131lan sald\u0131r\u0131lara, yasa d\u0131\u015f\u0131l\u0131k, e\u015fitsizlik, yolsuzluk, h\u0131rs\u0131zl\u0131k ve adaletsizliklere, Sosyal G\u00fcvenlik ve g\u00f6\u00e7 yasas\u0131ndan [&hellip;]<\/p>\n","protected":false},"author":908,"featured_media":14140,"comment_status":"open","ping_status":"open","sticky":false,"template":"","format":"standard","meta":{"_jetpack_memberships_contains_paid_content":false,"footnotes":"","jetpack_publicize_message":"","jetpack_publicize_feature_enabled":true,"jetpack_social_post_already_shared":true,"jetpack_social_options":{"image_generator_settings":{"template":"highway","default_image_id":0,"font":"","enabled":false},"version":2}},"categories":[253],"tags":[],"class_list":["post-14139","post","type-post","status-publish","format-standard","has-post-thumbnail","hentry","category-gundem"],"jetpack_publicize_connections":[],"jetpack_featured_media_url":"https:\/\/kibrisayna.com\/wp-content\/uploads\/2024\/12\/ktoeos-15765036339.jpg","jetpack_sharing_enabled":true,"_links":{"self":[{"href":"https:\/\/kibrisayna.com\/index.php\/wp-json\/wp\/v2\/posts\/14139","targetHints":{"allow":["GET"]}}],"collection":[{"href":"https:\/\/kibrisayna.com\/index.php\/wp-json\/wp\/v2\/posts"}],"about":[{"href":"https:\/\/kibrisayna.com\/index.php\/wp-json\/wp\/v2\/types\/post"}],"author":[{"embeddable":true,"href":"https:\/\/kibrisayna.com\/index.php\/wp-json\/wp\/v2\/users\/908"}],"replies":[{"embeddable":true,"href":"https:\/\/kibrisayna.com\/index.php\/wp-json\/wp\/v2\/comments?post=14139"}],"version-history":[{"count":0,"href":"https:\/\/kibrisayna.com\/index.php\/wp-json\/wp\/v2\/posts\/14139\/revisions"}],"wp:featuredmedia":[{"embeddable":true,"href":"https:\/\/kibrisayna.com\/index.php\/wp-json\/wp\/v2\/media\/14140"}],"wp:attachment":[{"href":"https:\/\/kibrisayna.com\/index.php\/wp-json\/wp\/v2\/media?parent=14139"}],"wp:term":[{"taxonomy":"category","embeddable":true,"href":"https:\/\/kibrisayna.com\/index.php\/wp-json\/wp\/v2\/categories?post=14139"},{"taxonomy":"post_tag","embeddable":true,"href":"https:\/\/kibrisayna.com\/index.php\/wp-json\/wp\/v2\/tags?post=14139"}],"curies":[{"name":"wp","href":"https:\/\/api.w.org\/{rel}","templated":true}]}}