{"id":14137,"date":"2024-12-17T14:37:03","date_gmt":"2024-12-17T11:37:03","guid":{"rendered":"https:\/\/kibrisayna.com\/index.php\/2024\/12\/17\/genc-avukatlar-calistayi-duzenlendi-brtk\/"},"modified":"2024-12-17T14:37:03","modified_gmt":"2024-12-17T11:37:03","slug":"genc-avukatlar-calistayi-duzenlendi-brtk","status":"publish","type":"post","link":"https:\/\/kibrisayna.com\/index.php\/2024\/12\/17\/genc-avukatlar-calistayi-duzenlendi-brtk\/","title":{"rendered":"\u201cGen\u00e7 Avukatlar \u00c7al\u0131\u015ftay\u0131\u201d d\u00fczenlendi \u2013 BRTK"},"content":{"rendered":"<p> <br \/>\n<\/p>\n<div>\n<div class=\"mariselle-image-container center\">\n                <img loading=\"lazy\" decoding=\"async\" width=\"2048\" height=\"935\" class=\"lazy-image\" alt=\"\" sizes=\"auto, (max-width: 2048px) 100vw, 2048px\" src=\"https:\/\/brtk.net\/wp-content\/uploads\/2024\/12\/17\/u41ou41po1.jpeg?ver=7e130ebbe90f7449128b90e862ec704b\" srcset=\"https:\/\/brtk.net\/wp-content\/uploads\/2024\/12\/17\/u41ou41po1.jpeg?ver=7e130ebbe90f7449128b90e862ec704b 2048w, https:\/\/brtk.net\/wp-content\/uploads\/2024\/12\/17\/u41ou41po1-300x137.jpeg?ver=769497aa7345b42839760432c0af9408 300w, https:\/\/brtk.net\/wp-content\/uploads\/2024\/12\/17\/u41ou41po1-1024x468.jpeg?ver=769497aa7345b42839760432c0af9408 1024w, https:\/\/brtk.net\/wp-content\/uploads\/2024\/12\/17\/u41ou41po1-768x351.jpeg?ver=3cf386757f738e99200ad018e29e11a9 768w, https:\/\/brtk.net\/wp-content\/uploads\/2024\/12\/17\/u41ou41po1-1536x701.jpeg?ver=3cf386757f738e99200ad018e29e11a9 1536w\"\/>                            <\/div>\n<p>K\u0131br\u0131s T\u00fcrk Barolar Birli\u011fi Stajyer ve Yeni Avukatlar Komitesi ile Gen\u00e7lik Federasyonu Gen\u00e7lik Politikalar\u0131 Komisyonu taraf\u0131ndan, Bah\u00e7e\u015fehir K\u0131br\u0131s \u00dcniversitesi (BA\u00dc) katk\u0131lar\u0131yla \u201cGen\u00e7 Avukatlar \u00c7al\u0131\u015ftay\u0131\u201d d\u00fczenlendi.<\/p>\n<p>\u00c7al\u0131\u015ftayda BA\u00dc ile Barolar Birli\u011fi aras\u0131nda bir protokol de imzaland\u0131. Protokol kapsam\u0131nda, baro \u00fcyelerine BA\u00dc\u2019de e\u011fitim indirimi sa\u011flanaca\u011f\u0131 ve m\u00fc\u015fterek e\u011fitim faaliyetlerinin s\u00fcrd\u00fcr\u00fclece\u011fi duyuruldu.<\/p>\n<p>Barolar Birli\u011fi\u2019nden verilen bilgiye g\u00f6re, \u00e7al\u0131\u015ftay sonucunda elde edilen sonu\u00e7 bildirgesi ilerleyen g\u00fcnlerde kamuoyuyla payla\u015f\u0131lacak.<\/p>\n<\/p><\/div>\n<p><script async\n                    defer\n                    crossorigin=\"anonymous\"\n                    src=\"https:\/\/connect.facebook.net\/tr_TR\/sdk.js#xfbml=1&#038;version=v3.3\"\n            ><\/script><br \/>\n<br \/><br \/>\n<br \/><a href=\"https:\/\/brtk.net\/genc-avukatlar-calistayi-duzenlendi\/\">Kaynak BRT <\/a><\/p>\n","protected":false},"excerpt":{"rendered":"<p>K\u0131br\u0131s T\u00fcrk Barolar Birli\u011fi Stajyer ve Yeni Avukatlar Komitesi ile Gen\u00e7lik Federasyonu Gen\u00e7lik Politikalar\u0131 Komisyonu taraf\u0131ndan, Bah\u00e7e\u015fehir K\u0131br\u0131s \u00dcniversitesi (BA\u00dc) katk\u0131lar\u0131yla \u201cGen\u00e7 Avukatlar \u00c7al\u0131\u015ftay\u0131\u201d d\u00fczenlendi. \u00c7al\u0131\u015ftayda BA\u00dc ile Barolar Birli\u011fi aras\u0131nda bir protokol de imzaland\u0131. Protokol kapsam\u0131nda, baro \u00fcyelerine BA\u00dc\u2019de e\u011fitim indirimi sa\u011flanaca\u011f\u0131 ve m\u00fc\u015fterek e\u011fitim faaliyetlerinin s\u00fcrd\u00fcr\u00fclece\u011fi duyuruldu. Barolar Birli\u011fi\u2019nden verilen bilgiye g\u00f6re, \u00e7al\u0131\u015ftay [&hellip;]<\/p>\n","protected":false},"author":908,"featured_media":14138,"comment_status":"open","ping_status":"open","sticky":false,"template":"","format":"standard","meta":{"_jetpack_memberships_contains_paid_content":false,"footnotes":"","jetpack_publicize_message":"","jetpack_publicize_feature_enabled":true,"jetpack_social_post_already_shared":true,"jetpack_social_options":{"image_generator_settings":{"template":"highway","default_image_id":0,"font":"","enabled":false},"version":2}},"categories":[253],"tags":[],"class_list":["post-14137","post","type-post","status-publish","format-standard","has-post-thumbnail","hentry","category-gundem"],"jetpack_publicize_connections":[],"jetpack_featured_media_url":"https:\/\/kibrisayna.com\/wp-content\/uploads\/2024\/12\/u41ou41po1.jpeg","jetpack_sharing_enabled":true,"_links":{"self":[{"href":"https:\/\/kibrisayna.com\/index.php\/wp-json\/wp\/v2\/posts\/14137","targetHints":{"allow":["GET"]}}],"collection":[{"href":"https:\/\/kibrisayna.com\/index.php\/wp-json\/wp\/v2\/posts"}],"about":[{"href":"https:\/\/kibrisayna.com\/index.php\/wp-json\/wp\/v2\/types\/post"}],"author":[{"embeddable":true,"href":"https:\/\/kibrisayna.com\/index.php\/wp-json\/wp\/v2\/users\/908"}],"replies":[{"embeddable":true,"href":"https:\/\/kibrisayna.com\/index.php\/wp-json\/wp\/v2\/comments?post=14137"}],"version-history":[{"count":0,"href":"https:\/\/kibrisayna.com\/index.php\/wp-json\/wp\/v2\/posts\/14137\/revisions"}],"wp:featuredmedia":[{"embeddable":true,"href":"https:\/\/kibrisayna.com\/index.php\/wp-json\/wp\/v2\/media\/14138"}],"wp:attachment":[{"href":"https:\/\/kibrisayna.com\/index.php\/wp-json\/wp\/v2\/media?parent=14137"}],"wp:term":[{"taxonomy":"category","embeddable":true,"href":"https:\/\/kibrisayna.com\/index.php\/wp-json\/wp\/v2\/categories?post=14137"},{"taxonomy":"post_tag","embeddable":true,"href":"https:\/\/kibrisayna.com\/index.php\/wp-json\/wp\/v2\/tags?post=14137"}],"curies":[{"name":"wp","href":"https:\/\/api.w.org\/{rel}","templated":true}]}}