{"id":14121,"date":"2024-12-17T13:15:25","date_gmt":"2024-12-17T10:15:25","guid":{"rendered":"https:\/\/kibrisayna.com\/index.php\/2024\/12\/17\/lefkosa-kaza-tapu-amirligindeki-grev-askiya-alindi-brtk\/"},"modified":"2024-12-17T13:15:25","modified_gmt":"2024-12-17T10:15:25","slug":"lefkosa-kaza-tapu-amirligindeki-grev-askiya-alindi-brtk","status":"publish","type":"post","link":"https:\/\/kibrisayna.com\/index.php\/2024\/12\/17\/lefkosa-kaza-tapu-amirligindeki-grev-askiya-alindi-brtk\/","title":{"rendered":"Lefko\u015fa Kaza Tapu Amirli\u011fi\u2019ndeki grev ask\u0131ya al\u0131nd\u0131 \u2013 BRTK"},"content":{"rendered":"<p> <br \/>\n<\/p>\n<div>\n<div class=\"mariselle-image-container center\">\n                <img loading=\"lazy\" decoding=\"async\" width=\"2480\" height=\"1656\" class=\"lazy-image\" alt=\"\" sizes=\"auto, (max-width: 2480px) 100vw, 2480px\" src=\"https:\/\/brtk.net\/wp-content\/uploads\/2024\/12\/17\/sadssss.jpg?ver=68ba00485355ab313356f6543f06c31b\" srcset=\"https:\/\/brtk.net\/wp-content\/uploads\/2024\/12\/17\/sadssss.jpg?ver=68ba00485355ab313356f6543f06c31b 2480w, https:\/\/brtk.net\/wp-content\/uploads\/2024\/12\/17\/sadssss-300x200.jpg?ver=68ba00485355ab313356f6543f06c31b 300w, https:\/\/brtk.net\/wp-content\/uploads\/2024\/12\/17\/sadssss-1024x684.jpg?ver=1c87c77be619abe70a8f2f6e6e7532e3 1024w, https:\/\/brtk.net\/wp-content\/uploads\/2024\/12\/17\/sadssss-768x513.jpg?ver=1c87c77be619abe70a8f2f6e6e7532e3 768w, https:\/\/brtk.net\/wp-content\/uploads\/2024\/12\/17\/sadssss-1536x1026.jpg?ver=a746aacf737523c0320391c453ecd200 1536w, https:\/\/brtk.net\/wp-content\/uploads\/2024\/12\/17\/sadssss-2048x1368.jpg?ver=4e3925903c6162e07d22a4b79cd32b6f 2048w\"\/>                            <\/div>\n<p> K\u0131br\u0131s T\u00fcrk Amme Memurlar\u0131 Sendikas\u0131 (KTAMS), K\u0131br\u0131s T\u00fcrk Kamu G\u00f6revlileri Sendikas\u0131 (KAMUSEN), Kamu \u0130\u015f\u00e7ileri Sendikas\u0131 (KAMU-\u0130\u015e) ve E\u015fit Hak ve Adalet Sendikas\u0131 (HAKSEN), d\u00fcn Lefko\u015fa Kaza Tapu Amirli\u011fi\u2019nde ba\u015flatt\u0131klar\u0131 grevi, sorunlar\u0131n \u00e7\u00f6z\u00fcm\u00fc y\u00f6n\u00fcnde olumlu ad\u0131m at\u0131lmas\u0131 \u00fczerine ask\u0131ya ald\u0131klar\u0131n\u0131 a\u00e7\u0131klad\u0131lar.<\/p>\n<p>Sendikalar ad\u0131na KTAMS Ba\u015fkan\u0131 G\u00fcven Bengihan taraf\u0131ndan yap\u0131lan a\u00e7\u0131klamaya g\u00f6re, d\u00fcn ba\u015flat\u0131lan ve bug\u00fcn de devam eden grev, bug\u00fcn saat 12.00\u2019den itibaren ask\u0131ya al\u0131nd\u0131.<\/p>\n<p>Sendikalar, Lefko\u015fa Kaza Tapu Amirli\u011fi\u2019nde personel, ara\u00e7 \u2013 gere\u00e7 ve altyap\u0131 eksiklikleriyle ilgili sorunlar\u0131n giderilmemesi gerek\u00e7esiyle grev ba\u015flatm\u0131\u015ft\u0131.<\/p>\n<\/p><\/div>\n<p><script async\n                    defer\n                    crossorigin=\"anonymous\"\n                    src=\"https:\/\/connect.facebook.net\/tr_TR\/sdk.js#xfbml=1&#038;version=v3.3\"\n            ><\/script><br \/>\n<br \/><br \/>\n<br \/><a href=\"https:\/\/brtk.net\/lefkosa-kaza-tapu-amirligindeki-grev-askiya-alindi\/\">Kaynak BRT <\/a><\/p>\n","protected":false},"excerpt":{"rendered":"<p>K\u0131br\u0131s T\u00fcrk Amme Memurlar\u0131 Sendikas\u0131 (KTAMS), K\u0131br\u0131s T\u00fcrk Kamu G\u00f6revlileri Sendikas\u0131 (KAMUSEN), Kamu \u0130\u015f\u00e7ileri Sendikas\u0131 (KAMU-\u0130\u015e) ve E\u015fit Hak ve Adalet Sendikas\u0131 (HAKSEN), d\u00fcn Lefko\u015fa Kaza Tapu Amirli\u011fi\u2019nde ba\u015flatt\u0131klar\u0131 grevi, sorunlar\u0131n \u00e7\u00f6z\u00fcm\u00fc y\u00f6n\u00fcnde olumlu ad\u0131m at\u0131lmas\u0131 \u00fczerine ask\u0131ya ald\u0131klar\u0131n\u0131 a\u00e7\u0131klad\u0131lar. Sendikalar ad\u0131na KTAMS Ba\u015fkan\u0131 G\u00fcven Bengihan taraf\u0131ndan yap\u0131lan a\u00e7\u0131klamaya g\u00f6re, d\u00fcn ba\u015flat\u0131lan ve bug\u00fcn de [&hellip;]<\/p>\n","protected":false},"author":908,"featured_media":14122,"comment_status":"open","ping_status":"open","sticky":false,"template":"","format":"standard","meta":{"_jetpack_memberships_contains_paid_content":false,"footnotes":"","jetpack_publicize_message":"","jetpack_publicize_feature_enabled":true,"jetpack_social_post_already_shared":true,"jetpack_social_options":{"image_generator_settings":{"template":"highway","default_image_id":0,"font":"","enabled":false},"version":2}},"categories":[253],"tags":[],"class_list":["post-14121","post","type-post","status-publish","format-standard","has-post-thumbnail","hentry","category-gundem"],"jetpack_publicize_connections":[],"jetpack_featured_media_url":"https:\/\/kibrisayna.com\/wp-content\/uploads\/2024\/12\/sadssss.jpg","jetpack_sharing_enabled":true,"_links":{"self":[{"href":"https:\/\/kibrisayna.com\/index.php\/wp-json\/wp\/v2\/posts\/14121","targetHints":{"allow":["GET"]}}],"collection":[{"href":"https:\/\/kibrisayna.com\/index.php\/wp-json\/wp\/v2\/posts"}],"about":[{"href":"https:\/\/kibrisayna.com\/index.php\/wp-json\/wp\/v2\/types\/post"}],"author":[{"embeddable":true,"href":"https:\/\/kibrisayna.com\/index.php\/wp-json\/wp\/v2\/users\/908"}],"replies":[{"embeddable":true,"href":"https:\/\/kibrisayna.com\/index.php\/wp-json\/wp\/v2\/comments?post=14121"}],"version-history":[{"count":0,"href":"https:\/\/kibrisayna.com\/index.php\/wp-json\/wp\/v2\/posts\/14121\/revisions"}],"wp:featuredmedia":[{"embeddable":true,"href":"https:\/\/kibrisayna.com\/index.php\/wp-json\/wp\/v2\/media\/14122"}],"wp:attachment":[{"href":"https:\/\/kibrisayna.com\/index.php\/wp-json\/wp\/v2\/media?parent=14121"}],"wp:term":[{"taxonomy":"category","embeddable":true,"href":"https:\/\/kibrisayna.com\/index.php\/wp-json\/wp\/v2\/categories?post=14121"},{"taxonomy":"post_tag","embeddable":true,"href":"https:\/\/kibrisayna.com\/index.php\/wp-json\/wp\/v2\/tags?post=14121"}],"curies":[{"name":"wp","href":"https:\/\/api.w.org\/{rel}","templated":true}]}}