{"id":14120,"date":"2024-12-17T13:09:48","date_gmt":"2024-12-17T10:09:48","guid":{"rendered":"https:\/\/kibrisayna.com\/index.php\/2024\/12\/17\/bay-senden-sok-eylem-uyarisitoplu-is-sozlesmesinin-imzalanmamasi-durumunda-eylem-yapilacagi-duyuruldu-brtk\/"},"modified":"2024-12-17T13:09:48","modified_gmt":"2024-12-17T10:09:48","slug":"bay-senden-sok-eylem-uyarisitoplu-is-sozlesmesinin-imzalanmamasi-durumunda-eylem-yapilacagi-duyuruldu-brtk","status":"publish","type":"post","link":"https:\/\/kibrisayna.com\/index.php\/2024\/12\/17\/bay-senden-sok-eylem-uyarisitoplu-is-sozlesmesinin-imzalanmamasi-durumunda-eylem-yapilacagi-duyuruldu-brtk\/","title":{"rendered":"Bay-Sen\u2019den \u015fok eylem uyar\u0131s\u0131:Toplu \u0130\u015f S\u00f6zle\u015fmesi\u2019nin imzalanmamas\u0131 durumunda eylem yap\u0131laca\u011f\u0131 duyuruldu \u2013 BRTK"},"content":{"rendered":"<p> <br \/>\n<\/p>\n<div>\n<div class=\"mariselle-image-container center\">\n                <img loading=\"lazy\" decoding=\"async\" width=\"971\" height=\"551\" class=\"lazy-image\" alt=\"\" sizes=\"auto, (max-width: 971px) 100vw, 971px\" src=\"https:\/\/brtk.net\/wp-content\/uploads\/2023\/03\/07\/baysen_son_5899d944.jpg?ver=53bbc06d3cb3e4a90c8934cab2415ec9\" srcset=\"https:\/\/brtk.net\/wp-content\/uploads\/2023\/03\/07\/baysen_son_5899d944.jpg?ver=53bbc06d3cb3e4a90c8934cab2415ec9 971w, https:\/\/brtk.net\/wp-content\/uploads\/2023\/03\/07\/baysen_son_5899d944-300x170.jpg?ver=53bbc06d3cb3e4a90c8934cab2415ec9 300w, https:\/\/brtk.net\/wp-content\/uploads\/2023\/03\/07\/baysen_son_5899d944-768x436.jpg?ver=53bbc06d3cb3e4a90c8934cab2415ec9 768w\"\/>                            <\/div>\n<p>\nBayrak Radyo Televizyon Kurumu \u00c7al\u0131\u015fanlar\u0131 Sendikas\u0131, 2024-2025 y\u0131llar\u0131n\u0131 kapsayan Toplu \u0130\u015f S\u00f6zle\u015fmesi imzalanmad\u0131\u011f\u0131 gerek\u00e7esi ile eylem uyar\u0131s\u0131nda bulundu.<\/p>\n<p>Sendika, 31 Aral\u0131k 2023\u2019te s\u00fcresi dolan ve 11 ayd\u0131r imzalanmayan Toplu \u0130\u015f S\u00f6zle\u015fmesi\u2019nin 26 Aral\u0131k Per\u015fembe g\u00fcn\u00fc mesai bitimine kadar imzalanmamas\u0131 durumunda 27 Aral\u0131k\u2019ta ger\u00e7ekle\u015fecek Bayrak Radyo Televizyon Kurumu\u2019nun Kurulu\u015f Y\u0131ld\u00f6n\u00fcm\u00fc Resepsiyonu\u2019nda siyasileri protesto etmek amac\u0131yla \u015fok eylemler yap\u0131laca\u011f\u0131n\u0131 duyurdu.<\/p>\n<\/p><\/div>\n<p><script async\n                    defer\n                    crossorigin=\"anonymous\"\n                    src=\"https:\/\/connect.facebook.net\/tr_TR\/sdk.js#xfbml=1&#038;version=v3.3\"\n            ><\/script><br \/>\n<br \/><br \/>\n<br \/><a href=\"https:\/\/brtk.net\/bay-senden-sok-eylem-uyarisitoplu-is-sozlesmesinin-imzalanmamasi-durumunda-eylem-yapilacagi-duyuruldu\/\">Kaynak BRT <\/a><\/p>\n","protected":false},"excerpt":{"rendered":"<p>Bayrak Radyo Televizyon Kurumu \u00c7al\u0131\u015fanlar\u0131 Sendikas\u0131, 2024-2025 y\u0131llar\u0131n\u0131 kapsayan Toplu \u0130\u015f S\u00f6zle\u015fmesi imzalanmad\u0131\u011f\u0131 gerek\u00e7esi ile eylem uyar\u0131s\u0131nda bulundu. Sendika, 31 Aral\u0131k 2023\u2019te s\u00fcresi dolan ve 11 ayd\u0131r imzalanmayan Toplu \u0130\u015f S\u00f6zle\u015fmesi\u2019nin 26 Aral\u0131k Per\u015fembe g\u00fcn\u00fc mesai bitimine kadar imzalanmamas\u0131 durumunda 27 Aral\u0131k\u2019ta ger\u00e7ekle\u015fecek Bayrak Radyo Televizyon Kurumu\u2019nun Kurulu\u015f Y\u0131ld\u00f6n\u00fcm\u00fc Resepsiyonu\u2019nda siyasileri protesto etmek amac\u0131yla \u015fok [&hellip;]<\/p>\n","protected":false},"author":908,"featured_media":3170,"comment_status":"open","ping_status":"open","sticky":false,"template":"","format":"standard","meta":{"_jetpack_memberships_contains_paid_content":false,"footnotes":"","jetpack_publicize_message":"","jetpack_publicize_feature_enabled":true,"jetpack_social_post_already_shared":true,"jetpack_social_options":{"image_generator_settings":{"template":"highway","default_image_id":0,"font":"","enabled":false},"version":2}},"categories":[253],"tags":[],"class_list":["post-14120","post","type-post","status-publish","format-standard","has-post-thumbnail","hentry","category-gundem"],"jetpack_publicize_connections":[],"jetpack_featured_media_url":"https:\/\/kibrisayna.com\/wp-content\/uploads\/2024\/08\/baysen_son_5899d944.jpg","jetpack_sharing_enabled":true,"_links":{"self":[{"href":"https:\/\/kibrisayna.com\/index.php\/wp-json\/wp\/v2\/posts\/14120","targetHints":{"allow":["GET"]}}],"collection":[{"href":"https:\/\/kibrisayna.com\/index.php\/wp-json\/wp\/v2\/posts"}],"about":[{"href":"https:\/\/kibrisayna.com\/index.php\/wp-json\/wp\/v2\/types\/post"}],"author":[{"embeddable":true,"href":"https:\/\/kibrisayna.com\/index.php\/wp-json\/wp\/v2\/users\/908"}],"replies":[{"embeddable":true,"href":"https:\/\/kibrisayna.com\/index.php\/wp-json\/wp\/v2\/comments?post=14120"}],"version-history":[{"count":0,"href":"https:\/\/kibrisayna.com\/index.php\/wp-json\/wp\/v2\/posts\/14120\/revisions"}],"wp:featuredmedia":[{"embeddable":true,"href":"https:\/\/kibrisayna.com\/index.php\/wp-json\/wp\/v2\/media\/3170"}],"wp:attachment":[{"href":"https:\/\/kibrisayna.com\/index.php\/wp-json\/wp\/v2\/media?parent=14120"}],"wp:term":[{"taxonomy":"category","embeddable":true,"href":"https:\/\/kibrisayna.com\/index.php\/wp-json\/wp\/v2\/categories?post=14120"},{"taxonomy":"post_tag","embeddable":true,"href":"https:\/\/kibrisayna.com\/index.php\/wp-json\/wp\/v2\/tags?post=14120"}],"curies":[{"name":"wp","href":"https:\/\/api.w.org\/{rel}","templated":true}]}}