{"id":14106,"date":"2024-12-16T22:35:30","date_gmt":"2024-12-16T19:35:30","guid":{"rendered":"https:\/\/kibrisayna.com\/index.php\/2024\/12\/16\/kuzey-kibris-yuzme-takimi-samsunda-duzenelenen-11-yas-ulusal-gelisim-ligi-turkiye-finallerinde-onemli-basarilara-imza-atti-brtk\/"},"modified":"2024-12-16T22:35:30","modified_gmt":"2024-12-16T19:35:30","slug":"kuzey-kibris-yuzme-takimi-samsunda-duzenelenen-11-yas-ulusal-gelisim-ligi-turkiye-finallerinde-onemli-basarilara-imza-atti-brtk","status":"publish","type":"post","link":"https:\/\/kibrisayna.com\/index.php\/2024\/12\/16\/kuzey-kibris-yuzme-takimi-samsunda-duzenelenen-11-yas-ulusal-gelisim-ligi-turkiye-finallerinde-onemli-basarilara-imza-atti-brtk\/","title":{"rendered":"Kuzey K\u0131br\u0131s Y\u00fczme Tak\u0131m\u0131 Samsun\u2019da Duzenelenen \u201c11 Ya\u015f Ulusal Geli\u015fim Ligi T\u00fcrkiye Finallerinde \u00d6nemli Basar\u0131lara \u0130mza Att\u0131\u2026 \u2013 BRTK"},"content":{"rendered":"<p> <br \/>\n<\/p>\n<div>\n<div class=\"mariselle-image-container center\">\n                <img loading=\"lazy\" decoding=\"async\" width=\"2048\" height=\"1152\" class=\"lazy-image\" alt=\"\" sizes=\"auto, (max-width: 2048px) 100vw, 2048px\" src=\"https:\/\/brtk.net\/wp-content\/uploads\/2024\/12\/16\/YUZME.jpeg?ver=59ee5ed342fff078ed1ecaf76b8dc832\" srcset=\"https:\/\/brtk.net\/wp-content\/uploads\/2024\/12\/16\/YUZME.jpeg?ver=59ee5ed342fff078ed1ecaf76b8dc832 2048w, https:\/\/brtk.net\/wp-content\/uploads\/2024\/12\/16\/YUZME-300x169.jpeg?ver=59ee5ed342fff078ed1ecaf76b8dc832 300w, https:\/\/brtk.net\/wp-content\/uploads\/2024\/12\/16\/YUZME-1024x576.jpeg?ver=be26e079b83c98304b99e162e324ab6e 1024w, https:\/\/brtk.net\/wp-content\/uploads\/2024\/12\/16\/YUZME-768x432.jpeg?ver=be26e079b83c98304b99e162e324ab6e 768w, https:\/\/brtk.net\/wp-content\/uploads\/2024\/12\/16\/YUZME-1536x864.jpeg?ver=46a6141f2213601450d103ad6d67f076 1536w\"\/>                            <\/div>\n<p>Kuzey K\u0131br\u0131s Su Sporlar\u0131 Federasyonu\u2019na ba\u011fl\u0131 y\u00fcz\u00fcc\u00fclerimiz, T\u00fcrkiye barajlar\u0131n\u0131 ge\u00e7erek kat\u0131ld\u0131klar\u0131 Samsun\u2019da d\u00fczenlenen \u201c11 Ya\u015f Ulusal Geli\u015fim Ligi T\u00fcrkiye Finali\u201dnde b\u00fcy\u00fck ba\u015far\u0131lara imza att\u0131. Nefes \u015eahin, Mavi Blako, Demren Halil, Kaya Tutku ve Nisa Cemre Nur, ald\u0131klar\u0131 dereceler ve kazand\u0131klar\u0131 madalyalarla hem \u00fclkemizi gururland\u0131rd\u0131 hem de y\u00fczme camias\u0131n\u0131n g\u00f6\u011fs\u00fcn\u00fc kabartt\u0131.<\/p>\n<p>\u00d6zellikle Nefes \u015eahin, 50m ve 100m S\u0131rt\u00fcst\u00fc kategorilerinde k\u0131rd\u0131\u011f\u0131 KKTC uzun kulvar rekorlar\u0131 ile dikkatleri \u00fczerine \u00e7ekti. <\/p>\n<p>Sporcular\u0131m\u0131z\u0131n Elde Etti\u011fi Dereceler<\/p>\n<p>Nefes \u015eahin<br \/>\u2022\t50m Serbest: 32.08, A3 Baraj\u0131<br \/>\u2022\t50m S\u0131rt\u00fcst\u00fc: 35.64, A4 Baraj\u0131, Alt\u0131n Madalya ve yeni KKTC Uzun Kulvar Rekoru<br \/>\u2022\t100m S\u0131rt\u00fcst\u00fc: 1.18.59, A3 Baraj\u0131, Alt\u0131n Madalya ve yeni KKTC Uzun Kulvar Rekoru<br \/>\u2022\t50m Kurba\u011falama: 42.67, A2 Baraj\u0131<\/p>\n<p>Nisa Cemre Nur<br \/>\u2022\t50m Serbest: 34.24, A1 Baraj\u0131, Bronz Madalya<br \/>\u2022\t100m Serbest: 1.15.26, A1 Baraj\u0131<br \/>\u2022\t50m Kurba\u011falama: 46.19<br \/>\u2022\t100m Kurba\u011falama: 1.42.23<\/p>\n<p>Demren Halil<br \/>\u2022\t50m Kurba\u011falama: 40.71, A2 Baraj\u0131, G\u00fcm\u00fc\u015f Madalya<br \/>\u2022\t100m Kurba\u011falama: 1.30.06, A2 Baraj\u0131<br \/>\u2022\t200m Kurba\u011falama: 3.20.52, A1 Baraj\u0131<\/p>\n<p>Kaya Tutku<br \/>\u2022\t100m Serbest: 1.16.39<br \/>\u2022\t50m Serbest: 33.51, A1 Baraj\u0131, Bronz Madalya<br \/>\u2022\t50m Kurba\u011falama: 45.83<br \/>\u2022\t50m S\u0131rt\u00fcst\u00fc: 39.10, A1 Baraj\u0131<\/p>\n<p>Mavi Blako<br \/>\u2022\t50m Serbest: 32.86, A2 Baraj\u0131, G\u00fcm\u00fc\u015f Madalya<br \/>\u2022\t50m S\u0131rt\u00fcst\u00fc: 38.18, A1 Baraj\u0131<br \/>\u2022\t100m S\u0131rt\u00fcst\u00fc: 1.25.36, A1 Baraj\u0131<br \/>\u2022\t200m S\u0131rt\u00fcst\u00fc: 2.57.88, A1 Baraj\u0131<\/p>\n<p>Yeni Bir Baslang\u0131\u00e7<\/p>\n<p>Kuzey K\u0131br\u0131s Su Sporlar\u0131 Federasyonu, sporcular\u0131m\u0131z\u0131n Samsun\u2019da elde etti\u011fi ba\u015far\u0131larla ilgili \u015fu a\u00e7\u0131klamay\u0131 yapt\u0131:<br \/>\u201cGen\u00e7 sporcular\u0131m\u0131z\u0131n T\u00fcrkiye\u2019nin en prestijli organizasyonlar\u0131ndan biri olan \u201811 Ya\u015f Ulusal Geli\u015fim Ligi T\u00fcrkiye Finali\u2019nde g\u00f6sterdikleri ba\u015far\u0131l\u0131 performans, Kuzey K\u0131br\u0131s\u2019\u0131n y\u016bzme alan\u0131nda ne kadar b\u00fcy\u00fck bir potansiyele sahip oldu\u011funu bir kez daha kan\u0131tlam\u0131\u015ft\u0131r. \u00d6zellikle Nefes \u015eahin\u2019in iki yeni KKTC uzun kulvar rekoru k\u0131rmas\u0131, gen\u00e7 y\u00fcz\u00fcc\u00fclerimizin gelecekte uluslararas\u0131 arenada daha b\u00fcy\u00fck ba\u015far\u0131lara ula\u015faca\u011f\u0131n\u0131n g\u00f6stergesidir.<\/p>\n<p>Bu ba\u015far\u0131lar, yaln\u0131zca sporcular\u0131m\u0131z\u0131n yetenekleri de\u011fil, ayn\u0131 zamanda yo\u011fun antrenman s\u00fcre\u00e7leri ve disiplinli \u00e7al\u0131\u015fmalar\u0131n\u0131n bir sonucudur. Sporcular\u0131m\u0131z, kazand\u0131klar\u0131 madalyalar ve elde ettikleri derecelerle y\u00fczme camiam\u0131z\u0131 ve t\u00fcm Kuzey K\u0131br\u0131s\u2019\u0131 gururland\u0131rm\u0131\u015ft\u0131r. Sporcular\u0131m\u0131z\u0131n bu ba\u015far\u0131lar\u0131, disiplinli \u00e7al\u0131\u015fman\u0131n ve azmin bir sonucudur. Onlar\u0131n bu ba\u015far\u0131lar\u0131nda eme\u011fi ge\u00e7en antren\u00f6rlerimiz Emine Mehmetalio\u011fullar\u0131, Mehmet G\u00fcrcenk, Mert Karabet\u00e7a ve Bar\u0131\u015f Cambulat\u2019a te\u015fekk\u00fcr ederiz. Antren\u00f6rlerimiz, sporcular\u0131m\u0131z\u0131n hem fiziksel hem de mental geli\u015fiminde \u00fcst\u00fcn bir \u00e7aba g\u00f6stererek tak\u0131m\u0131n ba\u015far\u0131s\u0131na liderlik etmi\u015flerdir.<\/p>\n<p>Bu s\u00fcre\u00e7te bizlere destek veren velilerimize, bu yolculukta sporcular\u0131m\u0131z\u0131n yan\u0131nda olan t\u00fcm ekip \u00fcyelerine ve eme\u011fi ge\u00e7en herkese te\u015fekk\u00fcr ediyoruz. Gen\u00e7 y\u00fcz\u00fcc\u00fclerimizin yeni ba\u015far\u0131lara yelken a\u00e7aca\u011f\u0131na olan inanc\u0131m\u0131z tamd\u0131r.<\/p>\n<p>Federasyon olarak, y\u00fczme sporuna g\u00f6n\u00fcl veren gen\u00e7lerimize destek olmaya, onlar\u0131n ulusal ve uluslararas\u0131 ba\u015far\u0131lar elde etmeleri i\u00e7in \u00e7al\u0131\u015fmalar\u0131m\u0131za devam edece\u011fiz.\u201d<\/p>\n<p>Sponsorlara Te\u015fekk\u00fcr<\/p>\n<p>Bu ba\u015far\u0131lar\u0131n ger\u00e7ekle\u015fmesinde b\u00fcy\u00fck katk\u0131lar\u0131 olan sponsorlar\u0131m\u0131z \u015eokmar Premium, M.A.S.K Co, Caramel \u00c7ikolata ve I\u0219\u0131l Reklama \u00f6zel te\u015fekk\u00fcrlerimizi sunuyoruz. Federasyon yetkilileri, \u201cBu t\u00fcr destekler yaln\u0131zca sporcular\u0131m\u0131z\u0131n bireysel ba\u015far\u0131s\u0131 i\u00e7in de\u011fil, Kuzey K\u0131br\u0131s\u2019ta sporun geli\u015fimi ad\u0131na da b\u00fcy\u00fck bir katk\u0131d\u0131r. T\u00fcm sponsorlar\u0131m\u0131za minnettar\u0131z,\u201d a\u00e7\u0131klamas\u0131nda bulundu.<\/p>\n<p>Yeni Hedeflere Yelken A\u00e7\u0131yoruz<\/p>\n<p>Kuzey K\u0131br\u0131s Su Sporlar\u0131 Federasyonu, sporcular\u0131m\u0131z\u0131n bu ba\u015far\u0131larla yetinmeyece\u011fini ve daha b\u00fcy\u00fck hedeflere do\u011fru yol alaca\u011f\u0131n\u0131 belirtti.<br \/>\u201cGen\u00e7 sporcular\u0131m\u0131z\u0131n ba\u015far\u0131 hikayesini daha b\u00fcy\u00fck arenalarda devam ettirece\u011fine inanc\u0131m\u0131z tamd\u0131r.\u201d<\/p>\n<p>Bu \u00f6nemli  ba\u015far\u0131da eme\u011fi ge\u00e7en herkese te\u015fekk\u00fcr ediyor, sporcular\u0131m\u0131z\u0131 ve antren\u00f6rlerimizi  y\u00fcrekten kutluyoruz!<\/p>\n<\/p><\/div>\n<p><script async\n                    defer\n                    crossorigin=\"anonymous\"\n                    src=\"https:\/\/connect.facebook.net\/tr_TR\/sdk.js#xfbml=1&#038;version=v3.3\"\n            ><\/script><br \/>\n<br \/><br \/>\n<br \/><a href=\"https:\/\/brtk.net\/kuzey-kibris-yuzme-takimi-samsunda-duzenelenen-11-yas-ulusal-gelisim-ligi-turkiye-finallerinde-onemli-basarilara-imza-atti\/\">Kaynak BRT <\/a><\/p>\n","protected":false},"excerpt":{"rendered":"<p>Kuzey K\u0131br\u0131s Su Sporlar\u0131 Federasyonu\u2019na ba\u011fl\u0131 y\u00fcz\u00fcc\u00fclerimiz, T\u00fcrkiye barajlar\u0131n\u0131 ge\u00e7erek kat\u0131ld\u0131klar\u0131 Samsun\u2019da d\u00fczenlenen \u201c11 Ya\u015f Ulusal Geli\u015fim Ligi T\u00fcrkiye Finali\u201dnde b\u00fcy\u00fck ba\u015far\u0131lara imza att\u0131. Nefes \u015eahin, Mavi Blako, Demren Halil, Kaya Tutku ve Nisa Cemre Nur, ald\u0131klar\u0131 dereceler ve kazand\u0131klar\u0131 madalyalarla hem \u00fclkemizi gururland\u0131rd\u0131 hem de y\u00fczme camias\u0131n\u0131n g\u00f6\u011fs\u00fcn\u00fc kabartt\u0131. \u00d6zellikle Nefes \u015eahin, 50m ve [&hellip;]<\/p>\n","protected":false},"author":908,"featured_media":14107,"comment_status":"open","ping_status":"open","sticky":false,"template":"","format":"standard","meta":{"_jetpack_memberships_contains_paid_content":false,"footnotes":"","jetpack_publicize_message":"","jetpack_publicize_feature_enabled":true,"jetpack_social_post_already_shared":true,"jetpack_social_options":{"image_generator_settings":{"template":"highway","default_image_id":0,"font":"","enabled":false},"version":2}},"categories":[9],"tags":[],"class_list":["post-14106","post","type-post","status-publish","format-standard","has-post-thumbnail","hentry","category-spor"],"jetpack_publicize_connections":[],"jetpack_featured_media_url":"https:\/\/kibrisayna.com\/wp-content\/uploads\/2024\/12\/1734377736_YUZME.jpeg","jetpack_sharing_enabled":true,"_links":{"self":[{"href":"https:\/\/kibrisayna.com\/index.php\/wp-json\/wp\/v2\/posts\/14106","targetHints":{"allow":["GET"]}}],"collection":[{"href":"https:\/\/kibrisayna.com\/index.php\/wp-json\/wp\/v2\/posts"}],"about":[{"href":"https:\/\/kibrisayna.com\/index.php\/wp-json\/wp\/v2\/types\/post"}],"author":[{"embeddable":true,"href":"https:\/\/kibrisayna.com\/index.php\/wp-json\/wp\/v2\/users\/908"}],"replies":[{"embeddable":true,"href":"https:\/\/kibrisayna.com\/index.php\/wp-json\/wp\/v2\/comments?post=14106"}],"version-history":[{"count":0,"href":"https:\/\/kibrisayna.com\/index.php\/wp-json\/wp\/v2\/posts\/14106\/revisions"}],"wp:featuredmedia":[{"embeddable":true,"href":"https:\/\/kibrisayna.com\/index.php\/wp-json\/wp\/v2\/media\/14107"}],"wp:attachment":[{"href":"https:\/\/kibrisayna.com\/index.php\/wp-json\/wp\/v2\/media?parent=14106"}],"wp:term":[{"taxonomy":"category","embeddable":true,"href":"https:\/\/kibrisayna.com\/index.php\/wp-json\/wp\/v2\/categories?post=14106"},{"taxonomy":"post_tag","embeddable":true,"href":"https:\/\/kibrisayna.com\/index.php\/wp-json\/wp\/v2\/tags?post=14106"}],"curies":[{"name":"wp","href":"https:\/\/api.w.org\/{rel}","templated":true}]}}