{"id":14105,"date":"2024-12-16T22:26:32","date_gmt":"2024-12-16T19:26:32","guid":{"rendered":"https:\/\/kibrisayna.com\/index.php\/2024\/12\/16\/egitim-bakanligi-butcesi-oy-cokluguyla-onaylandi-kurum-butcelerine-gecildi-brtk\/"},"modified":"2024-12-16T22:26:32","modified_gmt":"2024-12-16T19:26:32","slug":"egitim-bakanligi-butcesi-oy-cokluguyla-onaylandi-kurum-butcelerine-gecildi-brtk","status":"publish","type":"post","link":"https:\/\/kibrisayna.com\/index.php\/2024\/12\/16\/egitim-bakanligi-butcesi-oy-cokluguyla-onaylandi-kurum-butcelerine-gecildi-brtk\/","title":{"rendered":"E\u011fitim Bakanl\u0131\u011f\u0131 b\u00fct\u00e7esi oy \u00e7oklu\u011fuyla onayland\u0131\u2026 Kurum b\u00fct\u00e7elerine ge\u00e7ildi \u2013 BRTK"},"content":{"rendered":"<p> <br \/>\n<\/p>\n<div>\n<div class=\"mariselle-image-container center\">\n                <img loading=\"lazy\" decoding=\"async\" width=\"706\" height=\"431\" class=\"lazy-image\" alt=\"\" sizes=\"auto, (max-width: 706px) 100vw, 706px\" src=\"https:\/\/brtk.net\/wp-content\/uploads\/2024\/12\/06\/egitim.jpg?ver=f3e556e69e28292144bf58448e1c2d9e\" srcset=\"https:\/\/brtk.net\/wp-content\/uploads\/2024\/12\/06\/egitim.jpg?ver=f3e556e69e28292144bf58448e1c2d9e 706w, https:\/\/brtk.net\/wp-content\/uploads\/2024\/12\/06\/egitim-300x183.jpg?ver=f3e556e69e28292144bf58448e1c2d9e 300w\"\/>                            <\/div>\n<p>\nCumhuriyet Meclisi Genel Kurulu\u2019nda 16 Milyar 700 Milyon 959 bin TL\u2019lik Milli E\u011fitim Bakanl\u0131\u011f\u0131 b\u00fct\u00e7esi oy \u00e7oklu\u011fuyla kabul edildi.<\/p>\n<p>B\u00fct\u00e7e \u00fczerine konu\u015fan CTP Milletvekili Salahi \u015eahiner, E\u011fitim Bakanl\u0131\u011f\u0131\u2019n\u0131n, \u00fclkenin en \u00f6nemli bakanl\u0131\u011f\u0131 oldu\u011funu belirterek, Bakanl\u0131\u011fa ayr\u0131lan pay\u0131 \u201ccehaletin bir sonucu\u201d s\u00f6zleriyle de\u011ferlendirdi.<\/p>\n<p>Her ge\u00e7en y\u0131l daha da k\u00f6t\u00fcye gidildi\u011fini, f\u0131rsat e\u015fitli\u011fi kalmad\u0131\u011f\u0131n\u0131 ifade eden \u015eahiner, kamusal e\u011fitimin \u00f6zelle\u015ftirilmesi i\u00e7in \u201ckollar\u0131n s\u0131vand\u0131\u011f\u0131n\u0131\u201d s\u00f6yledi.<\/p>\n<p>\u201cE\u011fitim binalar\u0131 i\u00e7in depreme dayan\u0131kl\u0131l\u0131\u011f\u0131 olmayan alelacele \u00e7\u00f6z\u00fcmler bulundu\u011funu\u201d dile getiren \u015eahiner, yap\u0131c\u0131 \u00f6neriler yerine fiziki binalar \u00fczerine konu\u015fulmak zorunda kald\u0131klar\u0131n\u0131 kaydetti.<\/p>\n<p>Konteyn\u0131rda e\u011fitimin \u201cm\u00fclteci kamplar\u0131n\u0131\u201d and\u0131rd\u0131\u011f\u0131n\u0131 ifade eden \u015eahiner, m\u00fcfredata da de\u011findi. Yeni ku\u015fak i\u00e7in bilgiye ula\u015fman\u0131n \u00e7ok kolay oldu\u011funu belirten \u015eahiner, z ku\u015fa\u011f\u0131 hakk\u0131nda bilgiler payla\u015ft\u0131. \u015eahiner, \u00fcniversite e\u011fitimi alan \u00f6\u011frencilerin bir\u00e7o\u011funun mezun olduktan sonra mesle\u011fini yapmak istemedi\u011fini de kaydetti.<\/p>\n<p>\u00dclkede yabanc\u0131 n\u00fcfus say\u0131s\u0131n\u0131n artt\u0131\u011f\u0131n\u0131 belirten \u015eahiner, T\u00fcrk\u00e7e bilmeyen \u00f6\u011frencilerin e\u011fitim alma hakk\u0131na dikkat \u00e7ekti.<\/p>\n<p>Y\u00fcksek\u00f6\u011frenim alan\u0131n\u0131n besledi\u011fi sekt\u00f6rlerin hayati \u00f6neme sahip oldu\u011funu ifade eden \u015eahiner, \u201cY\u00fcksek\u00f6\u011frenimde s\u00fcrd\u00fcrebilirlik \u00f6nemlidir\u201d diyerek, kalite vurgusu yapt\u0131.<\/p>\n<p>16 Kas\u0131m 2020\u2019de yay\u0131nlanan Y\u00fcksek\u00f6\u011frenim Strateji Belgesi Eylem Plan\u0131\u2019nda \u00e7ok \u00f6nemli \u00e7al\u0131\u015fmalar yap\u0131ld\u0131\u011f\u0131n\u0131 ancak \u00e7ok s\u0131n\u0131rl\u0131 bir yol kat edildi\u011fini belirten \u015eahiner, y\u00fcksek\u00f6\u011fretimde kaliteyi uluslararas\u0131 standartlara ta\u015f\u0131mak gerekti\u011fini belirtti.<\/p>\n<p>CTP Milletvekili Devrim Bar\u00e7\u0131n ise, baz\u0131 yasalarda hayat pahal\u0131l\u0131\u011f\u0131nda yap\u0131lacak de\u011fi\u015fiklikle al\u0131m g\u00fcc\u00fcn\u00fcn korunamayaca\u011f\u0131n\u0131 kaydederek, \u201cBu uygulamayla ikinci alt\u0131 ayda olu\u015fan hayat pahal\u0131l\u0131\u011f\u0131n\u0131 1 Ocak\u2019taki maa\u015f\u0131n\u0131za g\u00f6re alacaks\u0131n\u0131z\u201d dedi.<\/p>\n<p>\u201cG\u00fcn\u00fcn sonunda hepimiz yoksullukta e\u015fitlenece\u011fiz\u201d diye konu\u015fan Bar\u00e7\u0131n, bu durumun \u00e7ok tehlikeli oldu\u011funu s\u00f6yledi. \u201cBu yasalar bu \u015fekilde ge\u00e7erse 1 Ocak\u2019ta maa\u015f\u0131nla ald\u0131\u011f\u0131n ekme\u011fi hayat\u0131n boyunca bir daha alamayacan\u201d diyen Devrim Bar\u00e7\u0131n, konsolidenin kald\u0131r\u0131laca\u011f\u0131na dikkat \u00e7ekti.<\/p>\n<p>Bar\u00e7\u0131n, cuma g\u00fcn\u00fc Maliye Bakanl\u0131\u011f\u0131 b\u00fct\u00e7esinde rakamlarla konu\u015faca\u011f\u0131n\u0131 belirtti. \u201cHalk\u0131n varl\u0131\u011f\u0131na g\u00f6z dikildi\u011fini\u201d ifade eden Bar\u00e7\u0131n, \u201cBen \u00e7arp\u0131t\u0131yorsam yasalar\u0131 geri \u00e7ekin\u201d dedi.<\/p>\n<p>Devrim Bar\u00e7\u0131n, Sosyal Sigortalar Yasas\u0131nda de\u011fi\u015fiklik \u00f6ng\u00f6ren yasa tasar\u0131s\u0131nda eskisinin ayn\u0131s\u0131n\u0131n kopyaland\u0131\u011f\u0131 ele\u015ftirisinde de bulundu.<\/p>\n<p>Milli E\u011fitim Bakan\u0131 Naz\u0131m \u00c7avu\u015fo\u011flu ise ele\u015ftirilere yan\u0131t verdi. Herkese katk\u0131lar\u0131ndan dolay\u0131 te\u015fekk\u00fcr eden \u00c7avu\u015fo\u011flu, \u201cE\u011fitim ortak gailemizdir, hedefimiz ortakt\u0131r\u201d dedi.<\/p>\n<p>E\u011fitimin, bir iktidar veya muhalefet hevesine teslim edilmeyecek kadar \u00f6nemli oldu\u011funu vurgulayan Bakan \u00c7avu\u015fo\u011flu, e\u011fitimin siyasete kurban edilmemesi gerekti\u011fini kaydetti.<\/p>\n<p>Yabanc\u0131 dilde bir okul a\u00e7mak gibi bir gayretlerinin olmad\u0131\u011f\u0131n\u0131, T\u00fcrk\u00e7e bilmeyen \u00f6\u011frencilerin sorunlar\u0131n\u0131 \u00e7\u00f6zmek gibi bir gayretleri oldu\u011funu ifade eden \u00c7avu\u015fo\u011flu, \u201c\u015eu an gidi\u015fattan memnunuz, bir d\u00fczen kurduk, sorunlar ve grupla\u015fmalar ortadan kalkt\u0131\u201d dedi.<\/p>\n<p>Okullar\u0131n a\u00e7\u0131lmas\u0131n\u0131n kurultaya yenik d\u00fc\u015ft\u00fc\u011f\u00fcne dair \u00fclkede kanaat olu\u015ftu\u011funu kaydeden Bakan \u00c7avu\u015fo\u011flu, toplamda 400\u2019e yak\u0131n \u00f6\u011fretmen eksikli\u011fiyle okullar\u0131n a\u00e7\u0131lmas\u0131n\u0131n m\u00fcmk\u00fcn olmad\u0131\u011f\u0131n\u0131 anlatt\u0131.<\/p>\n<p>Denet\u00e7i kadroyu \u00fc\u00e7 kat\u0131na yak\u0131n y\u00fckselttiklerini dile getiren Bakan \u00c7avu\u015fo\u011flu, meslek edindirme konusunda ise AB program\u0131 ve standartlar\u0131n\u0131n olmazsa olmaz prensipleri oldu\u011funun alt\u0131n\u0131 \u00e7izdi.<\/p>\n<p>Tam g\u00fcn e\u011fitimin \u201cfiyasko\u201d oldu\u011fu ele\u015ftirilerine de de\u011finen \u00c7avu\u015fo\u011flu, KTOE\u00d6S\u2019\u00fcn \u201cbo\u015funa ve dayanaks\u0131z\u201d ele\u015ftiri yapt\u0131\u011f\u0131n\u0131 belirtti. \u201cVerimli saatleri 1000 saate \u00e7ekmemiz gerekiyor. 700 saatle d\u00fcnyayla rekabet edemeyiz\u201d diyen Bakan \u00c7avu\u015fo\u011flu, \u201c38 saate tamam diyenler, 39 saat bir saat bile olsa ondan daha iyidir\u201d \u015feklinde konu\u015ftu.<\/p>\n<p>Tam g\u00fcn e\u011fitim konusunun amac\u0131na hizmet etmedi\u011fi s\u00f6ylense bile bunun bir hedef oldu\u011funu s\u00f6yleyen \u00c7avu\u015fo\u011flu, \u201cBiz bu yola \u00e7\u0131kt\u0131k ve 25 y\u0131ldan sonra bu s\u00f6ylemi hayata ge\u00e7iriyoruz. Her t\u00fcrl\u00fc direni\u015fe ra\u011fmen bu yola \u00e7\u0131kman\u0131n gururunu ya\u015f\u0131yoruz\u201d dedi.<\/p>\n<p>\u201cBu \u00fclkede fakirlik tam g\u00fcn e\u011fitimle ba\u015flamad\u0131\u201d diye konu\u015fan Bakan \u00c7avu\u015fo\u011flu, yollar\u0131na devam edeceklerini kaydederek, \u201c\u0130htiya\u00e7l\u0131 olan \u00e7ocuklar\u0131n kantinciye uzaktan bakmas\u0131n\u0131 engelleyece\u011fiz\u201d diye konu\u015ftu. Sorunlar\u0131 diyalogla \u00e7\u00f6zeceklerini kaydeden \u00c7avu\u015fo\u011flu, \u201cE\u011fitim bar\u0131\u015f\u0131 masan\u0131n etraf\u0131nda olacak, bakanl\u0131\u011fa tezek atacak kadar kendinden ge\u00e7ilmez\u201d dedi. \u00c7avu\u015fo\u011flu, masadan ve diyalogdan hi\u00e7 kopmad\u0131\u011f\u0131n\u0131, e\u011fitimde bar\u0131\u015f\u0131 destekledi\u011fini ifade etti. Y\u00fcksek\u00f6\u011fretim konusuna da de\u011finen Naz\u0131m \u00c7avu\u015fo\u011flu, Y\u00d6DAK\u2019\u0131n \u015fu anda g\u00f6revini yapmaya \u00e7al\u0131\u015ft\u0131\u011f\u0131n\u0131 kaydetti.<\/p>\n<p>Bakan \u00c7avu\u015fo\u011flu, bir yurdun cemaat faaliyeti yapmas\u0131na ise tavizleri olmad\u0131\u011f\u0131n\u0131 vurgulad\u0131. 6 \u015eubat depreminden sonra birinci \u00f6nceliklerinin can g\u00fcvenli\u011fi oldu\u011funu belirten \u00c7avu\u015fo\u011flu, prefabriklerin ge\u00e7ici \u00e7\u00f6z\u00fcm oldu\u011funu s\u00f6yledi.<\/p>\n<p>\u201c\u00dclkede A4 ka\u011f\u0131d\u0131, hijyen malzemesi sorunu bir daha duymayaca\u011f\u0131z. Kaynaklar\u0131m\u0131z \u015fu anda bunu sa\u011flamaya m\u00fcsaittir\u201d diyen Bakan \u00c7avu\u015fo\u011flu, sorular \u00fczerine, evrak\u0131 tam olan burslar\u0131n \u00f6dendi\u011fini belirtti.<\/p>\n<p>CTP Milletvekili S\u0131la Usar \u0130ncirli ise s\u00f6z alarak, k\u00fcrs\u00fcye \u00e7\u0131kt\u0131. \u201cZannedersiniz Say\u0131n \u00c7avu\u015fo\u011flu e\u011fitimde devrim yapt\u0131. \u00d6yle bir \u015fey yok\u201d diyen \u0130ncirli, e\u011fitimin iyiye gitmedi\u011fini kaydetti.<\/p>\n<p>\u0130ncirli, sorunlar\u0131n y\u00fczle\u015ferek, \u00e7\u00f6z\u00fclebilece\u011fini dile getirdi.<\/p>\n<p>Konu\u015fmalar\u0131n tamamlanmas\u0131n\u0131n ard\u0131ndan  b\u00fct\u00e7e oy \u00e7oklu\u011fuyla kabul edildi ve bakanl\u0131\u011fa ba\u011fl\u0131 kurumlar\u0131n b\u00fct\u00e7elerinin g\u00f6r\u00fc\u015fmesine ge\u00e7ildi.<\/p>\n<\/p><\/div>\n<p><script async\n                    defer\n                    crossorigin=\"anonymous\"\n                    src=\"https:\/\/connect.facebook.net\/tr_TR\/sdk.js#xfbml=1&#038;version=v3.3\"\n            ><\/script><br \/>\n<br \/><br \/>\n<br \/><a href=\"https:\/\/brtk.net\/egitim-bakanligi-butcesi-oy-cokluguyla-onaylandi-kurum-butcelerine-gecildi\/\">Kaynak BRT <\/a><\/p>\n","protected":false},"excerpt":{"rendered":"<p>Cumhuriyet Meclisi Genel Kurulu\u2019nda 16 Milyar 700 Milyon 959 bin TL\u2019lik Milli E\u011fitim Bakanl\u0131\u011f\u0131 b\u00fct\u00e7esi oy \u00e7oklu\u011fuyla kabul edildi. B\u00fct\u00e7e \u00fczerine konu\u015fan CTP Milletvekili Salahi \u015eahiner, E\u011fitim Bakanl\u0131\u011f\u0131\u2019n\u0131n, \u00fclkenin en \u00f6nemli bakanl\u0131\u011f\u0131 oldu\u011funu belirterek, Bakanl\u0131\u011fa ayr\u0131lan pay\u0131 \u201ccehaletin bir sonucu\u201d s\u00f6zleriyle de\u011ferlendirdi. Her ge\u00e7en y\u0131l daha da k\u00f6t\u00fcye gidildi\u011fini, f\u0131rsat e\u015fitli\u011fi kalmad\u0131\u011f\u0131n\u0131 ifade eden \u015eahiner, [&hellip;]<\/p>\n","protected":false},"author":908,"featured_media":8201,"comment_status":"open","ping_status":"open","sticky":false,"template":"","format":"standard","meta":{"_jetpack_memberships_contains_paid_content":false,"footnotes":"","jetpack_publicize_message":"","jetpack_publicize_feature_enabled":true,"jetpack_social_post_already_shared":true,"jetpack_social_options":{"image_generator_settings":{"template":"highway","default_image_id":0,"font":"","enabled":false},"version":2}},"categories":[253],"tags":[],"class_list":["post-14105","post","type-post","status-publish","format-standard","has-post-thumbnail","hentry","category-gundem"],"jetpack_publicize_connections":[],"jetpack_featured_media_url":"https:\/\/kibrisayna.com\/wp-content\/uploads\/2024\/10\/egitim-bakanligi.jpg","jetpack_sharing_enabled":true,"_links":{"self":[{"href":"https:\/\/kibrisayna.com\/index.php\/wp-json\/wp\/v2\/posts\/14105","targetHints":{"allow":["GET"]}}],"collection":[{"href":"https:\/\/kibrisayna.com\/index.php\/wp-json\/wp\/v2\/posts"}],"about":[{"href":"https:\/\/kibrisayna.com\/index.php\/wp-json\/wp\/v2\/types\/post"}],"author":[{"embeddable":true,"href":"https:\/\/kibrisayna.com\/index.php\/wp-json\/wp\/v2\/users\/908"}],"replies":[{"embeddable":true,"href":"https:\/\/kibrisayna.com\/index.php\/wp-json\/wp\/v2\/comments?post=14105"}],"version-history":[{"count":0,"href":"https:\/\/kibrisayna.com\/index.php\/wp-json\/wp\/v2\/posts\/14105\/revisions"}],"wp:featuredmedia":[{"embeddable":true,"href":"https:\/\/kibrisayna.com\/index.php\/wp-json\/wp\/v2\/media\/8201"}],"wp:attachment":[{"href":"https:\/\/kibrisayna.com\/index.php\/wp-json\/wp\/v2\/media?parent=14105"}],"wp:term":[{"taxonomy":"category","embeddable":true,"href":"https:\/\/kibrisayna.com\/index.php\/wp-json\/wp\/v2\/categories?post=14105"},{"taxonomy":"post_tag","embeddable":true,"href":"https:\/\/kibrisayna.com\/index.php\/wp-json\/wp\/v2\/tags?post=14105"}],"curies":[{"name":"wp","href":"https:\/\/api.w.org\/{rel}","templated":true}]}}