{"id":14066,"date":"2024-12-16T15:58:49","date_gmt":"2024-12-16T12:58:49","guid":{"rendered":"https:\/\/kibrisayna.com\/index.php\/2024\/12\/16\/sanayi-odasindan-ticaret-odasi-baskani-denize-kinama-brtk\/"},"modified":"2024-12-16T15:58:49","modified_gmt":"2024-12-16T12:58:49","slug":"sanayi-odasindan-ticaret-odasi-baskani-denize-kinama-brtk","status":"publish","type":"post","link":"https:\/\/kibrisayna.com\/index.php\/2024\/12\/16\/sanayi-odasindan-ticaret-odasi-baskani-denize-kinama-brtk\/","title":{"rendered":"Sanayi Odas\u0131\u2019ndan Ticaret Odas\u0131 Ba\u015fkan\u0131 Deniz\u2019e k\u0131nama \u2013 BRTK"},"content":{"rendered":"<p> <br \/>\n<\/p>\n<div>\n<div class=\"mariselle-image-container center\">\n                <img loading=\"lazy\" decoding=\"async\" width=\"880\" height=\"880\" class=\"lazy-image\" alt=\"\" sizes=\"auto, (max-width: 880px) 100vw, 880px\" src=\"https:\/\/brtk.net\/wp-content\/uploads\/2024\/12\/16\/1734343099043sanayi-odasi.png?ver=143c798083b9f57c53873243ef9c49a7\" srcset=\"https:\/\/brtk.net\/wp-content\/uploads\/2024\/12\/16\/1734343099043sanayi-odasi.png?ver=143c798083b9f57c53873243ef9c49a7 880w, https:\/\/brtk.net\/wp-content\/uploads\/2024\/12\/16\/1734343099043sanayi-odasi-300x300.png?ver=a486f2af6d6c7605e1754aa3f5342630 300w, https:\/\/brtk.net\/wp-content\/uploads\/2024\/12\/16\/1734343099043sanayi-odasi-150x150.png?ver=a486f2af6d6c7605e1754aa3f5342630 150w, https:\/\/brtk.net\/wp-content\/uploads\/2024\/12\/16\/1734343099043sanayi-odasi-768x768.png?ver=294d6f9040b3fe640a1ce4fdf1ccce45 768w, https:\/\/brtk.net\/wp-content\/uploads\/2024\/12\/16\/1734343099043sanayi-odasi-800x800.png?ver=2c8cb1b927b7f93c51610397f0039420 800w\"\/>                            <\/div>\n<p>K\u0131br\u0131s T\u00fcrk Sanayi Odas\u0131 (KTSO), K\u0131br\u0131s T\u00fcrk Ticaret Odas\u0131 (KTTO) Ba\u015fkan\u0131 Turgay Deniz\u2019in \u201cgenelde \u00fcrerim sekt\u00f6r\u00fcn\u00fc, spesifik olarak da zeytinya\u011f\u0131 \u00fcreticisini hedef alarak \u2018asalak sekt\u00f6r\u201d diye a\u00e7\u0131klamalarda bulundu\u011funu belirterek, Deniz\u2019i k\u0131nad\u0131. KTSO Deniz\u2019i yerli \u00fcreticileri hedef alan s\u00f6ylemlerine son vermeye ve sekt\u00f6rden \u00f6z\u00fcr dilemeye de davet etti.<\/p>\n<p>Deniz\u2019in \u00fcretim sekt\u00f6r\u00fcne  y\u00f6nelik \u201citibars\u0131zla\u015ft\u0131rmaya y\u00f6nelik\u201d a\u00e7\u0131klamalar\u0131n\u0131n  \u201ctalihsiz ve yan\u0131lt\u0131c\u0131\u201d oldu\u011funu kaydeden KTSO,  \u201cYerli \u00fcretimi baltalamaya y\u00f6nelik bu t\u00fcr s\u00f6ylemler, \u00fclke ekonomisi ve t\u00fcketicinin \u00e7\u0131karlar\u0131 a\u00e7\u0131s\u0131ndan ciddi zararlar do\u011furabilir\u201d dedi.<\/p>\n<p>KTSO, yaz\u0131l\u0131 a\u00e7\u0131klama yaparak Deniz\u2019e tepki g\u00f6sterdi; Deniz\u2019in yerli \u00fcretimi ve \u00fcreticiyi hedef alarak gerecek d\u0131\u015f\u0131 iddialarda bulunuldu\u011funu kaydetti.<\/p>\n<p> A\u00e7\u0131klamada, \u201cTicaret Odas\u0131 Ba\u015fkan\u0131\u2019n\u0131n genelde \u00fcrerim sekt\u00f6r\u00fcn\u00fc, spesifik olarak da zeytinya\u011f\u0131 \u00fcreticisini hedef alarak \u2018asalak sekt\u00f6r\u2019 diye nitelendirmesini \u015fiddetle k\u0131n\u0131yoruz. Yerli \u00fcreticiyi korumak i\u00e7in uygulanan fonlar\u0131 ele\u015ftiren Ticaret Odas\u0131 Ba\u015fkan\u0131, fonlar\u0131n \u00fcreticiyi \u2018tembelle\u015ftirdi\u011fi\u2019 y\u00f6n\u00fcndeki anlams\u0131z iddiay\u0131 ortaya at\u0131p, sanayicileri zan alt\u0131nda b\u0131rakmak istemektedir\u201d denildi.<\/p>\n<p>Deniz\u2019in  yerli \u00fcreticiyi, yurt d\u0131\u015f\u0131ndaki dev firmalarla ayn\u0131 kefeye koydu\u011fu kaydedilen a\u00e7\u0131klamada, Deniz\u2019in \u201c\u0130thal \u00fcr\u00fcn gelsin, rekabet etsinler\u201d dedi\u011fi, bu anlay\u0131\u015fa anlam vermenin m\u00fcmk\u00fcn olmad\u0131\u011f\u0131 ifade edildi.<\/p>\n<p>A\u00e7\u0131klamada \u201cTicaret Odas\u0131 Ba\u015fkan\u0131, sanki de fon uygulamas\u0131 yaln\u0131zca KKTC\u2019de varm\u0131\u015f gibi bir alg\u0131 yaratmaya \u00e7al\u0131\u015fmaktad\u0131r. Bilinen bir ger\u00e7ektir ki t\u00fcm d\u00fcnyada bir\u00e7ok \u00fclke yerli \u00fcretimi korumak i\u00e7in fonlar uygulanmaktad\u0131r. Bunlar bizdekinden \u00e7ok daha kat\u0131 ve y\u00fcksek orandad\u0131r. T\u00fcrkiye\u2019de ve AB \u00fclkelerinde de fonlar uygulanmaktad\u0131r.\u201d ifadeleri yer ald\u0131.<\/p>\n<p>Geli\u015fen ve iyi bir duruma gelen zeytinya\u011f\u0131 \u00fcretimini hedef alman\u0131n \u201c\u00fcretim d\u00fc\u015fmanl\u0131\u011f\u0131\u201d oldu\u011funu belirtilen  a\u00e7\u0131klamada, t\u00fcm zeytinya\u011f\u0131 \u00fcreticisinin ta\u011f\u015fi\u015fe y\u00f6neldi\u011fi alg\u0131s\u0131 yaratmak, iklim \u015fartlar\u0131ndan dolay\u0131 zeytin a\u011fa\u00e7lar\u0131n\u0131n bu y\u0131l daha az meyve vermesini, zeytinya\u011f\u0131 \u00fcreticisinin bir kusuruymu\u015f gibi g\u00f6stermenin insafs\u0131zl\u0131k oldu\u011fu belirtildi.<\/p>\n<p>-\u201cSekt\u00f6r geli\u015fti\u201d<\/p>\n<p> Zeytinya\u011f\u0131 ithalinin yasaklanmas\u0131n\u0131n ard\u0131ndan sekt\u00f6r\u00fcn geli\u015fti\u011fi kaydedilen a\u00e7\u0131klamada, zeytin a\u011fac\u0131 say\u0131s\u0131n\u0131n ve so\u011fuk s\u0131k\u0131m yapan tesislerin artt\u0131\u011f\u0131, kapasitede art\u0131\u015f ya\u015fand\u0131\u011f\u0131, zeytinya\u011f\u0131 ihracat\u0131nda da art\u0131\u015f g\u00f6r\u00fcld\u00fc\u011f\u00fc ifade edildi.<\/p>\n<p>Ye\u015fil Hat T\u00fcz\u00fc\u011f\u00fc kapsam\u0131nda, AB standart uygunlu\u011fu alan \u00fcreticiler bulundu\u011fu vurgulanan a\u00e7\u0131klamada, KTSO\u2019nun da ta\u011f\u015fi\u015fi kald\u0131rmaya y\u00f6nelik denetimleri savundu\u011fu, ta\u011f\u015fi\u015f yapanlar\u0131n cezaland\u0131r\u0131lmas\u0131n\u0131 istedi\u011fi belirtildi.<\/p>\n<p>A\u00e7\u0131klamada, \u201cYerli \u00fcretim, bu \u00fclkenin kalk\u0131nmas\u0131nda ve t\u00fcketiciye uygun fiyatl\u0131, kaliteli \u00fcr\u00fcn sunulmas\u0131nda \u00f6nemli bir rol oynamaktad\u0131r. Zeytinya\u011f\u0131 \u00fcreticilerimiz ve di\u011fer \u00fcretim sekt\u00f6r\u00fc \u00e7al\u0131\u015fanlar\u0131m\u0131z\u0131n eme\u011fi, en b\u00fcy\u00fck takdiri hak etmektedir. Yeniden herkese hat\u0131rlatmak isteriz; yerli \u00fcretim her zaman t\u00fcketicinin lehine fiyat dengeleyici olmu\u015ftur, bundan sonra da \u00f6yle olacakt\u0131r\u201d ifadeleri kullan\u0131ld\u0131.<\/p>\n<\/p><\/div>\n<p><script async\n                    defer\n                    crossorigin=\"anonymous\"\n                    src=\"https:\/\/connect.facebook.net\/tr_TR\/sdk.js#xfbml=1&#038;version=v3.3\"\n            ><\/script><br \/>\n<br \/><br \/>\n<br \/><a href=\"https:\/\/brtk.net\/sanayi-odasindan-ticaret-odasi-baskani-denize-kinama\/\">Kaynak BRT <\/a><\/p>\n","protected":false},"excerpt":{"rendered":"<p>K\u0131br\u0131s T\u00fcrk Sanayi Odas\u0131 (KTSO), K\u0131br\u0131s T\u00fcrk Ticaret Odas\u0131 (KTTO) Ba\u015fkan\u0131 Turgay Deniz\u2019in \u201cgenelde \u00fcrerim sekt\u00f6r\u00fcn\u00fc, spesifik olarak da zeytinya\u011f\u0131 \u00fcreticisini hedef alarak \u2018asalak sekt\u00f6r\u201d diye a\u00e7\u0131klamalarda bulundu\u011funu belirterek, Deniz\u2019i k\u0131nad\u0131. KTSO Deniz\u2019i yerli \u00fcreticileri hedef alan s\u00f6ylemlerine son vermeye ve sekt\u00f6rden \u00f6z\u00fcr dilemeye de davet etti. Deniz\u2019in \u00fcretim sekt\u00f6r\u00fcne y\u00f6nelik \u201citibars\u0131zla\u015ft\u0131rmaya y\u00f6nelik\u201d a\u00e7\u0131klamalar\u0131n\u0131n \u201ctalihsiz [&hellip;]<\/p>\n","protected":false},"author":908,"featured_media":14067,"comment_status":"open","ping_status":"open","sticky":false,"template":"","format":"standard","meta":{"_jetpack_memberships_contains_paid_content":false,"footnotes":"","jetpack_publicize_message":"","jetpack_publicize_feature_enabled":true,"jetpack_social_post_already_shared":true,"jetpack_social_options":{"image_generator_settings":{"template":"highway","default_image_id":0,"font":"","enabled":false},"version":2}},"categories":[253],"tags":[],"class_list":["post-14066","post","type-post","status-publish","format-standard","has-post-thumbnail","hentry","category-gundem"],"jetpack_publicize_connections":[],"jetpack_featured_media_url":"https:\/\/kibrisayna.com\/wp-content\/uploads\/2024\/12\/1734343099043sanayi-odasi.png","jetpack_sharing_enabled":true,"_links":{"self":[{"href":"https:\/\/kibrisayna.com\/index.php\/wp-json\/wp\/v2\/posts\/14066","targetHints":{"allow":["GET"]}}],"collection":[{"href":"https:\/\/kibrisayna.com\/index.php\/wp-json\/wp\/v2\/posts"}],"about":[{"href":"https:\/\/kibrisayna.com\/index.php\/wp-json\/wp\/v2\/types\/post"}],"author":[{"embeddable":true,"href":"https:\/\/kibrisayna.com\/index.php\/wp-json\/wp\/v2\/users\/908"}],"replies":[{"embeddable":true,"href":"https:\/\/kibrisayna.com\/index.php\/wp-json\/wp\/v2\/comments?post=14066"}],"version-history":[{"count":0,"href":"https:\/\/kibrisayna.com\/index.php\/wp-json\/wp\/v2\/posts\/14066\/revisions"}],"wp:featuredmedia":[{"embeddable":true,"href":"https:\/\/kibrisayna.com\/index.php\/wp-json\/wp\/v2\/media\/14067"}],"wp:attachment":[{"href":"https:\/\/kibrisayna.com\/index.php\/wp-json\/wp\/v2\/media?parent=14066"}],"wp:term":[{"taxonomy":"category","embeddable":true,"href":"https:\/\/kibrisayna.com\/index.php\/wp-json\/wp\/v2\/categories?post=14066"},{"taxonomy":"post_tag","embeddable":true,"href":"https:\/\/kibrisayna.com\/index.php\/wp-json\/wp\/v2\/tags?post=14066"}],"curies":[{"name":"wp","href":"https:\/\/api.w.org\/{rel}","templated":true}]}}