{"id":14058,"date":"2024-12-16T15:42:09","date_gmt":"2024-12-16T12:42:09","guid":{"rendered":"https:\/\/kibrisayna.com\/index.php\/2024\/12\/16\/meclis-genel-kurulu-toplandi-butce-gorusmeleri-ikinci-haftasinda-brtk\/"},"modified":"2024-12-16T15:42:09","modified_gmt":"2024-12-16T12:42:09","slug":"meclis-genel-kurulu-toplandi-butce-gorusmeleri-ikinci-haftasinda-brtk","status":"publish","type":"post","link":"https:\/\/kibrisayna.com\/index.php\/2024\/12\/16\/meclis-genel-kurulu-toplandi-butce-gorusmeleri-ikinci-haftasinda-brtk\/","title":{"rendered":"Meclis Genel Kurulu topland\u0131\u2026 B\u00fct\u00e7e g\u00f6r\u00fc\u015fmeleri ikinci haftas\u0131nda\u2026 \u2013 BRTK"},"content":{"rendered":"<p> <br \/>\n<\/p>\n<div>\n<div class=\"mariselle-image-container center\">\n                <img loading=\"lazy\" decoding=\"async\" width=\"302\" height=\"167\" class=\"lazy-image\" alt=\"\" sizes=\"auto, (max-width: 302px) 100vw, 302px\" src=\"https:\/\/brtk.net\/wp-content\/uploads\/2024\/12\/16\/1734344894665meclis-bina.jpg?ver=ce8fdcb564adda67a82c1153e9a967ff\" srcset=\"https:\/\/brtk.net\/wp-content\/uploads\/2024\/12\/16\/1734344894665meclis-bina.jpg?ver=ce8fdcb564adda67a82c1153e9a967ff 302w, https:\/\/brtk.net\/wp-content\/uploads\/2024\/12\/16\/1734344894665meclis-bina-300x166.jpg?ver=f5cba6b85124ef8c1a9cbae1c3954a6a 300w\"\/>                            <\/div>\n<p>Cumhuriyet Meclisi Genel Kurulu, 2025 Mali Y\u0131l\u0131 Merkezi Devlet Y\u00f6netimi B\u00fct\u00e7e Yasa Tasar\u0131s\u0131 \u00fczerindeki g\u00f6r\u00fc\u015fmelerine devam etmek \u00fczere topland\u0131.<\/p>\n<p>Meclis Ba\u015fkan\u0131 Ziya \u00d6zt\u00fcrkler ba\u015fkanl\u0131\u011f\u0131nda toplanan Genel Kurul, g\u00fcndeminde bulunan 92 milyon 485 bin 800 TL\u2019lik Kamu Hizmeti Komisyonu Ba\u015fkanl\u0131\u011f\u0131 ve 16 milyar 700 milyon 959 bin TL\u2019lik Milli E\u011fitim Bakanl\u0131\u011f\u0131 b\u00fct\u00e7esi ile bakanl\u0131\u011fa ba\u011fl\u0131 Atat\u00fcrk \u00d6\u011fretmen Akademisi, K\u0131br\u0131s Bilim Vakf\u0131 \u2013 Lefke Avrupa \u00dcniversitesi ile Kuzey K\u0131br\u0131s E\u011fitim Vakf\u0131 ve Do\u011fu Akdeniz \u00dcniversitesi 2025 Mali Y\u0131l\u0131 B\u00fct\u00e7e Yasa Tasar\u0131s\u0131n\u0131 g\u00f6r\u00fc\u015fecek. <\/p>\n<p>9 Aral\u0131k\u2019ta ba\u015flayan b\u00fct\u00e7e g\u00f6r\u00fc\u015fmeleri, 20 Aral\u0131k Cuma g\u00fcn\u00fc tamamlanacak.<\/p>\n<\/p><\/div>\n<p><script async\n                    defer\n                    crossorigin=\"anonymous\"\n                    src=\"https:\/\/connect.facebook.net\/tr_TR\/sdk.js#xfbml=1&#038;version=v3.3\"\n            ><\/script><br \/>\n<br \/><br \/>\n<br \/><a href=\"https:\/\/brtk.net\/meclis-genel-kurulu-toplandi-butce-gorusmeleri-ikinci-haftasinda\/\">Kaynak BRT <\/a><\/p>\n","protected":false},"excerpt":{"rendered":"<p>Cumhuriyet Meclisi Genel Kurulu, 2025 Mali Y\u0131l\u0131 Merkezi Devlet Y\u00f6netimi B\u00fct\u00e7e Yasa Tasar\u0131s\u0131 \u00fczerindeki g\u00f6r\u00fc\u015fmelerine devam etmek \u00fczere topland\u0131. Meclis Ba\u015fkan\u0131 Ziya \u00d6zt\u00fcrkler ba\u015fkanl\u0131\u011f\u0131nda toplanan Genel Kurul, g\u00fcndeminde bulunan 92 milyon 485 bin 800 TL\u2019lik Kamu Hizmeti Komisyonu Ba\u015fkanl\u0131\u011f\u0131 ve 16 milyar 700 milyon 959 bin TL\u2019lik Milli E\u011fitim Bakanl\u0131\u011f\u0131 b\u00fct\u00e7esi ile bakanl\u0131\u011fa ba\u011fl\u0131 Atat\u00fcrk [&hellip;]<\/p>\n","protected":false},"author":908,"featured_media":14059,"comment_status":"open","ping_status":"open","sticky":false,"template":"","format":"standard","meta":{"_jetpack_memberships_contains_paid_content":false,"footnotes":"","jetpack_publicize_message":"","jetpack_publicize_feature_enabled":true,"jetpack_social_post_already_shared":true,"jetpack_social_options":{"image_generator_settings":{"template":"highway","default_image_id":0,"font":"","enabled":false},"version":2}},"categories":[253],"tags":[],"class_list":["post-14058","post","type-post","status-publish","format-standard","has-post-thumbnail","hentry","category-gundem"],"jetpack_publicize_connections":[],"jetpack_featured_media_url":"https:\/\/kibrisayna.com\/wp-content\/uploads\/2024\/12\/1734344894665meclis-bina.jpg","jetpack_sharing_enabled":true,"_links":{"self":[{"href":"https:\/\/kibrisayna.com\/index.php\/wp-json\/wp\/v2\/posts\/14058","targetHints":{"allow":["GET"]}}],"collection":[{"href":"https:\/\/kibrisayna.com\/index.php\/wp-json\/wp\/v2\/posts"}],"about":[{"href":"https:\/\/kibrisayna.com\/index.php\/wp-json\/wp\/v2\/types\/post"}],"author":[{"embeddable":true,"href":"https:\/\/kibrisayna.com\/index.php\/wp-json\/wp\/v2\/users\/908"}],"replies":[{"embeddable":true,"href":"https:\/\/kibrisayna.com\/index.php\/wp-json\/wp\/v2\/comments?post=14058"}],"version-history":[{"count":0,"href":"https:\/\/kibrisayna.com\/index.php\/wp-json\/wp\/v2\/posts\/14058\/revisions"}],"wp:featuredmedia":[{"embeddable":true,"href":"https:\/\/kibrisayna.com\/index.php\/wp-json\/wp\/v2\/media\/14059"}],"wp:attachment":[{"href":"https:\/\/kibrisayna.com\/index.php\/wp-json\/wp\/v2\/media?parent=14058"}],"wp:term":[{"taxonomy":"category","embeddable":true,"href":"https:\/\/kibrisayna.com\/index.php\/wp-json\/wp\/v2\/categories?post=14058"},{"taxonomy":"post_tag","embeddable":true,"href":"https:\/\/kibrisayna.com\/index.php\/wp-json\/wp\/v2\/tags?post=14058"}],"curies":[{"name":"wp","href":"https:\/\/api.w.org\/{rel}","templated":true}]}}