{"id":14053,"date":"2024-12-16T15:30:44","date_gmt":"2024-12-16T12:30:44","guid":{"rendered":"https:\/\/kibrisayna.com\/index.php\/2024\/12\/16\/meclis-genel-kurulu-kamu-hizmeti-komisyonu-baskanligi-butcesini-kabul-etti-brtk\/"},"modified":"2024-12-16T15:30:44","modified_gmt":"2024-12-16T12:30:44","slug":"meclis-genel-kurulu-kamu-hizmeti-komisyonu-baskanligi-butcesini-kabul-etti-brtk","status":"publish","type":"post","link":"https:\/\/kibrisayna.com\/index.php\/2024\/12\/16\/meclis-genel-kurulu-kamu-hizmeti-komisyonu-baskanligi-butcesini-kabul-etti-brtk\/","title":{"rendered":"Meclis Genel Kurulu Kamu Hizmeti Komisyonu Ba\u015fkanl\u0131\u011f\u0131 b\u00fct\u00e7esini kabul etti \u2013 BRTK"},"content":{"rendered":"<p> <br \/>\n<\/p>\n<div>\n<div class=\"mariselle-image-container center\">\n                <img loading=\"lazy\" decoding=\"async\" width=\"1600\" height=\"1066\" class=\"lazy-image\" alt=\"\" sizes=\"auto, (max-width: 1600px) 100vw, 1600px\" src=\"https:\/\/brtk.net\/wp-content\/uploads\/2024\/12\/16\/meclisson.jpg?ver=eda7690f90f445ef9e16a3f15cef0811\" srcset=\"https:\/\/brtk.net\/wp-content\/uploads\/2024\/12\/16\/meclisson.jpg?ver=eda7690f90f445ef9e16a3f15cef0811 1600w, https:\/\/brtk.net\/wp-content\/uploads\/2024\/12\/16\/meclisson-300x200.jpg?ver=0e81195ffb668416969b4b984fc0fd1d 300w, https:\/\/brtk.net\/wp-content\/uploads\/2024\/12\/16\/meclisson-1024x682.jpg?ver=8dfcf3f4e08c7ab82bdd3c30e0880f1e 1024w, https:\/\/brtk.net\/wp-content\/uploads\/2024\/12\/16\/meclisson-768x512.jpg?ver=8dfcf3f4e08c7ab82bdd3c30e0880f1e 768w, https:\/\/brtk.net\/wp-content\/uploads\/2024\/12\/16\/meclisson-1536x1023.jpg?ver=edafc409b56cb03728256e4e10e0c579 1536w\"\/>                            <\/div>\n<p>\nCumhuriyet Meclisi Genel Kurulu, 92 milyon 485 bin 800 TL\u2019lik Kamu Hizmeti Komisyonu Ba\u015fkanl\u0131\u011f\u0131 b\u00fct\u00e7esini oy birli\u011fi ile kabul etti.<\/p>\n<p>Cumhuriyet Meclisi Genel Kurulu, 2025 Mali Y\u0131l\u0131 Merkezi Devlet Y\u00f6netimi B\u00fct\u00e7e Yasa Tasar\u0131s\u0131 \u00fczerindeki g\u00f6r\u00fc\u015fmelerine devam ediyor.<\/p>\n<p>Milli E\u011fitim Bakan\u0131 Naz\u0131m \u00c7avu\u015fo\u011flu, Mecliste kurumlar\u0131n eksikliklerinin, sorumluluklar\u0131n\u0131n ele al\u0131nmas\u0131n\u0131n \u00f6nemli oldu\u011funu, bu \u00e7er\u00e7evede ele\u015ftirileri dinlemekten memnun oldu\u011funu s\u00f6yledi.<\/p>\n<p>\u00c7avu\u015fo\u011flu, ele\u015ftirilerin azald\u0131\u011f\u0131n\u0131, daha \u00f6nce daha \u00e7ok ele\u015ftiriler tart\u0131\u015fmalar yap\u0131ld\u0131\u011f\u0131n\u0131 ancak bug\u00fcn komisyona g\u00fcvenin artt\u0131\u011f\u0131n\u0131, hak yememenin adaleti sa\u011flad\u0131\u011f\u0131n\u0131 kaydetti.<\/p>\n<p>Meclise y\u00f6nelik s\u0131navlarla ilgili diyalo\u011fun gerekti\u011fine inand\u0131\u011f\u0131n\u0131 ifade eden \u00c7avu\u015fo\u011flu, daha h\u0131zl\u0131 m\u00fcnhallerin yap\u0131lmas\u0131n\u0131n \u00f6nemine i\u015faret etti, komisyonun en erken zamanda s\u0131k\u0131nt\u0131lar\u0131 a\u015fmas\u0131 ve gelece\u011fe y\u00f6nelik ad\u0131mlar\u0131 atmas\u0131n\u0131 temenni etti.<\/p>\n<p>CTP Lefko\u015fa Milletvekili Devrim Bar\u00e7\u0131n b\u00fct\u00e7ede s\u00f6z alarak, Meclisin, yabanc\u0131lara mal sat\u0131\u015f\u0131 ile ilgili kararname ile baypas edilmesini protesto etti\u011fini ve bug\u00fcn protesto amac\u0131yla divanda g\u00f6rev yapmayaca\u011f\u0131n\u0131 s\u00f6yledi.<\/p>\n<p>Bar\u00e7\u0131n, Kamu Hizmeti Komisyonu\u2019nun \u00fclke i\u00e7in \u00f6nemine i\u015faret ederek, komisyonun, topluma g\u00fcven i\u00e7inde ve kimsenin kafas\u0131nda soru i\u015fareti olmadan bir d\u00fczen i\u00e7inde hizmet verdi\u011fini kaydetti.<\/p>\n<p>Toplumda bu alg\u0131n\u0131n bozulmamas\u0131 i\u00e7in ve komisyonun geli\u015fmesi amac\u0131yla eksiklikleri dile getirdi\u011fini belirten Bar\u00e7\u0131n, g\u00f6rd\u00fc\u011f\u00fc eksiklikleri anlatt\u0131 ve her makam\u0131n haddini bilerek hareket etmesi gerekti\u011fini s\u00f6yledi.<\/p>\n<p>Komisyonun, Mecliste yap\u0131lacak terfilerle ilgili haddini a\u015ft\u0131\u011f\u0131na i\u015faret eden Bar\u00e7\u0131n, komisyon taraf\u0131ndan verilen yaz\u0131l\u0131 cevab\u0131 okudu ve komisyonun s\u0131navlar\u0131 y\u00fcr\u00fctmekle g\u00f6revli oldu\u011funu kaydetti.<\/p>\n<p>Bar\u00e7\u0131n, kamuya girerken aranan niteliklerle ilgili g\u00f6r\u00fclen eksiklikleri anlatarak, komisyonun g\u00f6revini yerine getirirken, kendini \u00f6rne\u011fin Milli E\u011fitim Bakanl\u0131\u011f\u0131 yerine koyamayaca\u011f\u0131n\u0131 s\u00f6yledi.<\/p>\n<p>Yap\u0131lan ele\u015ftirilerin var olan g\u00fcveni tesis etme amac\u0131 ta\u015f\u0131d\u0131\u011f\u0131n\u0131 ifade eden Bar\u00e7\u0131n, komisyonun Meclise talimat veremeyece\u011fini anlatt\u0131. Bar\u00e7\u0131n, bir y\u0131l \u00f6nce s\u0131nav\u0131 yap\u0131l\u0131p Meclise al\u0131nan ki\u015filerin y\u00fckselmesinin nas\u0131l yap\u0131lamayaca\u011f\u0131n\u0131 sordu. Bar\u00e7\u0131n, dayatmaya izin vermeyeceklerini, hi\u00e7 bir milletvekilinin de izin verece\u011fine inanmad\u0131\u011f\u0131n\u0131 kaydetti.<\/p>\n<p>Meclis Ba\u015fkan\u0131 Ziya \u00d6zt\u00fcrkler de yerinden s\u00f6z alarak, \u201cYaz\u0131m uslubundan ben de \u015fikayet\u00e7iyim, Meclis \u00e7al\u0131\u015fanlar\u0131n\u0131n da ma\u011fdur edilmesine kar\u015f\u0131y\u0131m, \u00f6nemli olan \u00e7al\u0131\u015fanlar\u0131n hakk\u0131n\u0131n verilmesidir, yasa \u00e7a\u011f d\u0131\u015f\u0131 kald\u0131ysa engelleme de\u011fil \u00e7\u00f6z\u00fcm bulmak \u00f6nemlidir. Devrim arkada\u015f\u0131ma kat\u0131l\u0131yorum.\u201d dedi.   <\/p>\n<p>CTP \u0130skele Milletvekili Biray Hamzao\u011fullar\u0131 da, Kamu Hizmeti Komisyonu\u2019nun de\u011feri ve \u00f6nemine i\u015faret ederek, komisyonun i\u015fleyi\u015finin, adaletli s\u0131nav sistemiyle do\u011fru bir \u00e7izgide oldu\u011funu kaydetti. Hamzao\u011fullar\u0131, baz\u0131 i\u015fe al\u0131mlar\u0131n yava\u015flat\u0131ld\u0131\u011f\u0131n\u0131, m\u00fcnhallerin a\u00e7\u0131lmad\u0131\u011f\u0131n\u0131 ancak devlete memurlar\u0131n adaletli s\u0131nav sistemiyle h\u0131zl\u0131 bir \u015fekilde al\u0131nmas\u0131 gerekti\u011fini ifade etti.<\/p>\n<\/p><\/div>\n<p><script async\n                    defer\n                    crossorigin=\"anonymous\"\n                    src=\"https:\/\/connect.facebook.net\/tr_TR\/sdk.js#xfbml=1&#038;version=v3.3\"\n            ><\/script><br \/>\n<br \/><br \/>\n<br \/><a href=\"https:\/\/brtk.net\/meclis-genel-kurulu-kamu-hizmeti-komisyonu-baskanligi-butcesini-kabul-etti\/\">Kaynak BRT <\/a><\/p>\n","protected":false},"excerpt":{"rendered":"<p>Cumhuriyet Meclisi Genel Kurulu, 92 milyon 485 bin 800 TL\u2019lik Kamu Hizmeti Komisyonu Ba\u015fkanl\u0131\u011f\u0131 b\u00fct\u00e7esini oy birli\u011fi ile kabul etti. Cumhuriyet Meclisi Genel Kurulu, 2025 Mali Y\u0131l\u0131 Merkezi Devlet Y\u00f6netimi B\u00fct\u00e7e Yasa Tasar\u0131s\u0131 \u00fczerindeki g\u00f6r\u00fc\u015fmelerine devam ediyor. Milli E\u011fitim Bakan\u0131 Naz\u0131m \u00c7avu\u015fo\u011flu, Mecliste kurumlar\u0131n eksikliklerinin, sorumluluklar\u0131n\u0131n ele al\u0131nmas\u0131n\u0131n \u00f6nemli oldu\u011funu, bu \u00e7er\u00e7evede ele\u015ftirileri dinlemekten memnun [&hellip;]<\/p>\n","protected":false},"author":908,"featured_media":13870,"comment_status":"open","ping_status":"open","sticky":false,"template":"","format":"standard","meta":{"_jetpack_memberships_contains_paid_content":false,"footnotes":"","jetpack_publicize_message":"","jetpack_publicize_feature_enabled":true,"jetpack_social_post_already_shared":true,"jetpack_social_options":{"image_generator_settings":{"template":"highway","default_image_id":0,"font":"","enabled":false},"version":2}},"categories":[253],"tags":[],"class_list":["post-14053","post","type-post","status-publish","format-standard","has-post-thumbnail","hentry","category-gundem"],"jetpack_publicize_connections":[],"jetpack_featured_media_url":"https:\/\/kibrisayna.com\/wp-content\/uploads\/2024\/12\/1734107271278MECLIS-BUTCE-GORUSMELERI.jpg","jetpack_sharing_enabled":true,"_links":{"self":[{"href":"https:\/\/kibrisayna.com\/index.php\/wp-json\/wp\/v2\/posts\/14053","targetHints":{"allow":["GET"]}}],"collection":[{"href":"https:\/\/kibrisayna.com\/index.php\/wp-json\/wp\/v2\/posts"}],"about":[{"href":"https:\/\/kibrisayna.com\/index.php\/wp-json\/wp\/v2\/types\/post"}],"author":[{"embeddable":true,"href":"https:\/\/kibrisayna.com\/index.php\/wp-json\/wp\/v2\/users\/908"}],"replies":[{"embeddable":true,"href":"https:\/\/kibrisayna.com\/index.php\/wp-json\/wp\/v2\/comments?post=14053"}],"version-history":[{"count":0,"href":"https:\/\/kibrisayna.com\/index.php\/wp-json\/wp\/v2\/posts\/14053\/revisions"}],"wp:featuredmedia":[{"embeddable":true,"href":"https:\/\/kibrisayna.com\/index.php\/wp-json\/wp\/v2\/media\/13870"}],"wp:attachment":[{"href":"https:\/\/kibrisayna.com\/index.php\/wp-json\/wp\/v2\/media?parent=14053"}],"wp:term":[{"taxonomy":"category","embeddable":true,"href":"https:\/\/kibrisayna.com\/index.php\/wp-json\/wp\/v2\/categories?post=14053"},{"taxonomy":"post_tag","embeddable":true,"href":"https:\/\/kibrisayna.com\/index.php\/wp-json\/wp\/v2\/tags?post=14053"}],"curies":[{"name":"wp","href":"https:\/\/api.w.org\/{rel}","templated":true}]}}