{"id":14051,"date":"2024-12-16T15:21:15","date_gmt":"2024-12-16T12:21:15","guid":{"rendered":"https:\/\/kibrisayna.com\/index.php\/2024\/12\/16\/otobus-kapilarina-kaynak-yapiliyor-brtk\/"},"modified":"2024-12-16T15:21:15","modified_gmt":"2024-12-16T12:21:15","slug":"otobus-kapilarina-kaynak-yapiliyor-brtk","status":"publish","type":"post","link":"https:\/\/kibrisayna.com\/index.php\/2024\/12\/16\/otobus-kapilarina-kaynak-yapiliyor-brtk\/","title":{"rendered":"\u201cOtob\u00fcs kap\u0131lar\u0131na kaynak yap\u0131l\u0131yor\u201d \u2013 BRTK"},"content":{"rendered":"<p> <br \/>\n<\/p>\n<div>\n<div class=\"mariselle-image-container center\">\n                <img loading=\"lazy\" decoding=\"async\" width=\"1000\" height=\"667\" class=\"lazy-image\" alt=\"\" sizes=\"auto, (max-width: 1000px) 100vw, 1000px\" src=\"https:\/\/brtk.net\/wp-content\/uploads\/2024\/12\/16\/1734346420347fuat-topaloglu.jpg?ver=473df3e48cbeda64355736ae56a0f199\" srcset=\"https:\/\/brtk.net\/wp-content\/uploads\/2024\/12\/16\/1734346420347fuat-topaloglu.jpg?ver=473df3e48cbeda64355736ae56a0f199 1000w, https:\/\/brtk.net\/wp-content\/uploads\/2024\/12\/16\/1734346420347fuat-topaloglu-300x200.jpg?ver=473df3e48cbeda64355736ae56a0f199 300w, https:\/\/brtk.net\/wp-content\/uploads\/2024\/12\/16\/1734346420347fuat-topaloglu-768x512.jpg?ver=bd871fa6c26817ee5324d1a1a3b63451 768w\"\/>                            <\/div>\n<p>K\u0131br\u0131s T\u00fcrk \u00c7a\u011fda\u015f Kamu Ara\u00e7lar\u0131 \u0130\u015fletmecileri Derne\u011fi (Kar-\u0130\u015f) hafta sonu UK\u00dc\u2019ye ait k\u00f6r\u00fckl\u00fc bir otob\u00fcste yang\u0131n \u00e7\u0131kt\u0131\u011f\u0131n\u0131 hat\u0131rlatarak, yang\u0131n s\u0131ras\u0131nda tahliye i\u00e7in yeterli \u00e7\u0131k\u0131\u015f kap\u0131s\u0131 bulunmamas\u0131n\u0131n toplu \u00f6l\u00fcmlere yol a\u00e7abilece\u011fi uyar\u0131s\u0131nda bulundu.<\/p>\n<p> Kar-\u0130\u015f Ba\u015fkan\u0131 Fuat Topalo\u011flu, otob\u00fcste \u00e7\u0131kan yang\u0131n sonras\u0131,\u201d ge\u00e7mi\u015f olsun\u201d dileklerini iletti.  <\/p>\n<p> Konuyla ilgili yaz\u0131l\u0131 a\u00e7\u0131klama yapan Topalo\u011flu, \u00e7ift kap\u0131l\u0131 b\u00fcy\u00fck otob\u00fcslerin acil \u00e7\u0131k\u0131\u015f kap\u0131lar\u0131n\u0131n kaynak yap\u0131lmas\u0131n\u0131n ciddi bir g\u00fcvenlik riski olu\u015fturdu\u011funu belirterek, yang\u0131n s\u0131ras\u0131nda tahliye i\u00e7in yeterli \u00e7\u0131k\u0131\u015f kap\u0131s\u0131 bulunmamas\u0131n\u0131n toplu \u00f6l\u00fcmlere yol a\u00e7abilece\u011fi uyar\u0131s\u0131nda bulundu.<\/p>\n<p> Topalo\u011flu, a\u00e7\u0131klamas\u0131nda \u201cBu otob\u00fcs\u00fcn iki \u00e7\u0131k\u0131\u015f kap\u0131s\u0131 olmasayd\u0131, yolcular tahliye edilemezdi. Acil \u00e7\u0131k\u0131\u015f kap\u0131lar\u0131, orijinal tasar\u0131mlara uygun olarak b\u0131rak\u0131lmal\u0131. Ara\u00e7 muayenelerinde bu uygulaman\u0131n yap\u0131lmas\u0131na izin verilmesi kabul edilemez. K\u00f6r\u00fckl\u00fc ara\u00e7larda camlar a\u00e7\u0131lmad\u0131\u011f\u0131 i\u00e7in yang\u0131n s\u0131ras\u0131nda duman zehirlenmesi gibi tehlikeler de art\u0131yor. Bu durum \u00f6zellikle \u00f6\u011frenci servisi olarak kullan\u0131lan ara\u00e7larda daha da b\u00fcy\u00fck bir risk te\u015fkil ediyor.\u201d ifadelerine yer verdi.<\/p>\n<p> Topalo\u011flu, Avrupa standartlar\u0131na uygun g\u00fcvenlik \u00f6nlemlerine uyulmas\u0131 gerekti\u011fini vurgulayarak, ilgili bakanl\u0131klar\u0131n konuyu ivedilikle ele almas\u0131 \u00e7a\u011fr\u0131s\u0131nda bulundu.<\/p>\n<p> Topalo\u011flu, \u201cBu uygulama d\u00fczeltilmezse, olas\u0131 bir felaket durumunda bunun sorumlulu\u011funu kimse \u00fcstlenemez.\u201d ifadelerini kulland\u0131.<\/p>\n<\/p><\/div>\n<p><script async\n                    defer\n                    crossorigin=\"anonymous\"\n                    src=\"https:\/\/connect.facebook.net\/tr_TR\/sdk.js#xfbml=1&#038;version=v3.3\"\n            ><\/script><br \/>\n<br \/><br \/>\n<br \/><a href=\"https:\/\/brtk.net\/kar-is-baskani-topaloglu-otobus-kapilarina-kaynak-yapiliyor\/\">Kaynak BRT <\/a><\/p>\n","protected":false},"excerpt":{"rendered":"<p>K\u0131br\u0131s T\u00fcrk \u00c7a\u011fda\u015f Kamu Ara\u00e7lar\u0131 \u0130\u015fletmecileri Derne\u011fi (Kar-\u0130\u015f) hafta sonu UK\u00dc\u2019ye ait k\u00f6r\u00fckl\u00fc bir otob\u00fcste yang\u0131n \u00e7\u0131kt\u0131\u011f\u0131n\u0131 hat\u0131rlatarak, yang\u0131n s\u0131ras\u0131nda tahliye i\u00e7in yeterli \u00e7\u0131k\u0131\u015f kap\u0131s\u0131 bulunmamas\u0131n\u0131n toplu \u00f6l\u00fcmlere yol a\u00e7abilece\u011fi uyar\u0131s\u0131nda bulundu. Kar-\u0130\u015f Ba\u015fkan\u0131 Fuat Topalo\u011flu, otob\u00fcste \u00e7\u0131kan yang\u0131n sonras\u0131,\u201d ge\u00e7mi\u015f olsun\u201d dileklerini iletti. Konuyla ilgili yaz\u0131l\u0131 a\u00e7\u0131klama yapan Topalo\u011flu, \u00e7ift kap\u0131l\u0131 b\u00fcy\u00fck otob\u00fcslerin acil [&hellip;]<\/p>\n","protected":false},"author":908,"featured_media":5021,"comment_status":"open","ping_status":"open","sticky":false,"template":"","format":"standard","meta":{"_jetpack_memberships_contains_paid_content":false,"footnotes":"","jetpack_publicize_message":"","jetpack_publicize_feature_enabled":true,"jetpack_social_post_already_shared":true,"jetpack_social_options":{"image_generator_settings":{"template":"highway","default_image_id":0,"font":"","enabled":false},"version":2}},"categories":[253],"tags":[],"class_list":["post-14051","post","type-post","status-publish","format-standard","has-post-thumbnail","hentry","category-gundem"],"jetpack_publicize_connections":[],"jetpack_featured_media_url":"https:\/\/kibrisayna.com\/wp-content\/uploads\/2024\/09\/kar-is-ogrenci-tasimaciligindaki-grevini-kaldirdi.jpg","jetpack_sharing_enabled":true,"_links":{"self":[{"href":"https:\/\/kibrisayna.com\/index.php\/wp-json\/wp\/v2\/posts\/14051","targetHints":{"allow":["GET"]}}],"collection":[{"href":"https:\/\/kibrisayna.com\/index.php\/wp-json\/wp\/v2\/posts"}],"about":[{"href":"https:\/\/kibrisayna.com\/index.php\/wp-json\/wp\/v2\/types\/post"}],"author":[{"embeddable":true,"href":"https:\/\/kibrisayna.com\/index.php\/wp-json\/wp\/v2\/users\/908"}],"replies":[{"embeddable":true,"href":"https:\/\/kibrisayna.com\/index.php\/wp-json\/wp\/v2\/comments?post=14051"}],"version-history":[{"count":0,"href":"https:\/\/kibrisayna.com\/index.php\/wp-json\/wp\/v2\/posts\/14051\/revisions"}],"wp:featuredmedia":[{"embeddable":true,"href":"https:\/\/kibrisayna.com\/index.php\/wp-json\/wp\/v2\/media\/5021"}],"wp:attachment":[{"href":"https:\/\/kibrisayna.com\/index.php\/wp-json\/wp\/v2\/media?parent=14051"}],"wp:term":[{"taxonomy":"category","embeddable":true,"href":"https:\/\/kibrisayna.com\/index.php\/wp-json\/wp\/v2\/categories?post=14051"},{"taxonomy":"post_tag","embeddable":true,"href":"https:\/\/kibrisayna.com\/index.php\/wp-json\/wp\/v2\/tags?post=14051"}],"curies":[{"name":"wp","href":"https:\/\/api.w.org\/{rel}","templated":true}]}}