{"id":14040,"date":"2024-12-16T12:59:19","date_gmt":"2024-12-16T09:59:19","guid":{"rendered":"https:\/\/kibrisayna.com\/index.php\/2024\/12\/16\/karpaz-meslek-lisesi-ogrencileri-genclik-dairesinin-ulkemi-taniyorum-projesine-katildi-brtk\/"},"modified":"2024-12-16T12:59:19","modified_gmt":"2024-12-16T09:59:19","slug":"karpaz-meslek-lisesi-ogrencileri-genclik-dairesinin-ulkemi-taniyorum-projesine-katildi-brtk","status":"publish","type":"post","link":"https:\/\/kibrisayna.com\/index.php\/2024\/12\/16\/karpaz-meslek-lisesi-ogrencileri-genclik-dairesinin-ulkemi-taniyorum-projesine-katildi-brtk\/","title":{"rendered":"Karpaz Meslek Lisesi \u00f6\u011frencileri Gen\u00e7lik Dairesi\u2019nin \u201c\u00dclkemi Tan\u0131yorum Projesi\u201dne kat\u0131ld\u0131 \u2013 BRTK"},"content":{"rendered":"<p> <br \/>\n<\/p>\n<div>\n<div class=\"mariselle-image-container center\">\n                <img loading=\"lazy\" decoding=\"async\" width=\"2048\" height=\"1536\" class=\"lazy-image\" alt=\"\" sizes=\"auto, (max-width: 2048px) 100vw, 2048px\" src=\"https:\/\/brtk.net\/wp-content\/uploads\/2024\/12\/16\/1734341184561genclik-dairesi-karpaz-meslek-lisesi.jpg?ver=72b34c5a939fcb2a03eac639f3d9f428\" srcset=\"https:\/\/brtk.net\/wp-content\/uploads\/2024\/12\/16\/1734341184561genclik-dairesi-karpaz-meslek-lisesi.jpg?ver=72b34c5a939fcb2a03eac639f3d9f428 2048w, https:\/\/brtk.net\/wp-content\/uploads\/2024\/12\/16\/1734341184561genclik-dairesi-karpaz-meslek-lisesi-300x225.jpg?ver=72b34c5a939fcb2a03eac639f3d9f428 300w, https:\/\/brtk.net\/wp-content\/uploads\/2024\/12\/16\/1734341184561genclik-dairesi-karpaz-meslek-lisesi-1024x768.jpg?ver=a613e3c8efcce9799dc7f6443646d91b 1024w, https:\/\/brtk.net\/wp-content\/uploads\/2024\/12\/16\/1734341184561genclik-dairesi-karpaz-meslek-lisesi-768x576.jpg?ver=a613e3c8efcce9799dc7f6443646d91b 768w, https:\/\/brtk.net\/wp-content\/uploads\/2024\/12\/16\/1734341184561genclik-dairesi-karpaz-meslek-lisesi-1536x1152.jpg?ver=fcea4244bf7ebb1c488352094f1a30f5 1536w\"\/>                            <\/div>\n<p>\nKarpaz Meslek Lisesi \u00f6\u011frencileri, Gen\u00e7lik Dairesi\u2019nin \u201c\u00dclkemi Tan\u0131yorum Projesi\u201dne kat\u0131ld\u0131.<\/p>\n<p>Ba\u015fbakan Yard\u0131mc\u0131l\u0131\u011f\u0131 Turizm K\u00fclt\u00fcr Gen\u00e7lik ve \u00c7evre Bakanl\u0131\u011f\u0131\u2019na ba\u011fl\u0131 Gen\u00e7lik Dairesi\u2019nden verilen bilgiye g\u00f6re, Karpaz Meslek Lisesi \u00f6\u011frencileri, 14-15 Aral\u0131k tarihlerinde Girne b\u00f6lgesine d\u00fczenlenen gezide tarihi ve k\u00fclt\u00fcrel yerleri ziyaret etti.<\/p>\n<p>\u0130lk g\u00fcn Tatl\u0131su\u2019daki Minyat\u00fcr K\u0131br\u0131s M\u00fczesi\u2019ne ard\u0131ndan Bellapais Manast\u0131r\u0131 ve k\u00f6y\u00fcne, Girne Kalesi, Girne Turizm Liman\u0131 ve Girne \u00c7ar\u015f\u0131s\u0131\u2019na giden \u00f6\u011frenciler, Bar\u0131\u015f \u00c7\u0131karma An\u0131t\u0131 ve M\u00fcze Gemi ile helikopteri ziyaret etti<\/p>\n<p>Gezi sonras\u0131 Lapta Gen\u00e7lik Kamp\u0131\u2019na g\u00f6t\u00fcr\u00fclen \u00f6\u011frenciler, kamplardaki g\u00f6n\u00fcll\u00fc liderler taraf\u0131ndan haz\u0131rlanan farkl\u0131 aktivitelere kat\u0131ld\u0131, ak\u015fam saatlerinde \u00f6\u011frencilere sinema gecesi de d\u00fczenlendi.<\/p>\n<p>\u0130kinci g\u00fcn Hz. \u00d6mer T\u00fcrbesi\u2019ni ziyaret eden Karpaz Meslek Lisesi \u00f6\u011frencileri, sonras\u0131nda okullar\u0131na g\u00f6t\u00fcr\u00fcld\u00fc.<\/p>\n<p>Gen\u00e7lik Dairesi M\u00fcd\u00fcr\u00fc H\u00fcseyin Ozano\u011flu gen\u00e7lerin projeden \u00e7ok memnun kald\u0131\u011f\u0131n\u0131, \u201c\u00dclkemi Tan\u0131yorum Projesi\u201dnin ada genelinde devam edece\u011fini belirtti.<\/p>\n<p>Ozano\u011flu, projeye \u00f6nemli katk\u0131s\u0131 olan Ba\u015fbakan Yard\u0131mc\u0131l\u0131\u011f\u0131 Turizm K\u00fclt\u00fcr Gen\u00e7lik ve \u00c7evre Bakanl\u0131\u011f\u0131 ile TC Lefko\u015fa B\u00fcy\u00fckel\u00e7ili\u011fi Kalk\u0131nma ve Ekonomik \u0130\u015fbirli\u011fi Ofisi\u2019ne te\u015fekk\u00fcr etti.<\/p>\n<\/p><\/div>\n<p><script async\n                    defer\n                    crossorigin=\"anonymous\"\n                    src=\"https:\/\/connect.facebook.net\/tr_TR\/sdk.js#xfbml=1&#038;version=v3.3\"\n            ><\/script><br \/>\n<br \/><br \/>\n<br \/><a href=\"https:\/\/brtk.net\/karpaz-meslek-lisesi-ogrencileri-genclik-dairesinin-ulkemi-taniyorum-projesine-katildi\/\">Kaynak BRT <\/a><\/p>\n","protected":false},"excerpt":{"rendered":"<p>Karpaz Meslek Lisesi \u00f6\u011frencileri, Gen\u00e7lik Dairesi\u2019nin \u201c\u00dclkemi Tan\u0131yorum Projesi\u201dne kat\u0131ld\u0131. Ba\u015fbakan Yard\u0131mc\u0131l\u0131\u011f\u0131 Turizm K\u00fclt\u00fcr Gen\u00e7lik ve \u00c7evre Bakanl\u0131\u011f\u0131\u2019na ba\u011fl\u0131 Gen\u00e7lik Dairesi\u2019nden verilen bilgiye g\u00f6re, Karpaz Meslek Lisesi \u00f6\u011frencileri, 14-15 Aral\u0131k tarihlerinde Girne b\u00f6lgesine d\u00fczenlenen gezide tarihi ve k\u00fclt\u00fcrel yerleri ziyaret etti. \u0130lk g\u00fcn Tatl\u0131su\u2019daki Minyat\u00fcr K\u0131br\u0131s M\u00fczesi\u2019ne ard\u0131ndan Bellapais Manast\u0131r\u0131 ve k\u00f6y\u00fcne, Girne Kalesi, Girne [&hellip;]<\/p>\n","protected":false},"author":908,"featured_media":14041,"comment_status":"open","ping_status":"open","sticky":false,"template":"","format":"standard","meta":{"_jetpack_memberships_contains_paid_content":false,"footnotes":"","jetpack_publicize_message":"","jetpack_publicize_feature_enabled":true,"jetpack_social_post_already_shared":true,"jetpack_social_options":{"image_generator_settings":{"template":"highway","default_image_id":0,"font":"","enabled":false},"version":2}},"categories":[253],"tags":[],"class_list":["post-14040","post","type-post","status-publish","format-standard","has-post-thumbnail","hentry","category-gundem"],"jetpack_publicize_connections":[],"jetpack_featured_media_url":"https:\/\/kibrisayna.com\/wp-content\/uploads\/2024\/12\/1734341184561genclik-dairesi-karpaz-meslek-lisesi.jpg","jetpack_sharing_enabled":true,"_links":{"self":[{"href":"https:\/\/kibrisayna.com\/index.php\/wp-json\/wp\/v2\/posts\/14040","targetHints":{"allow":["GET"]}}],"collection":[{"href":"https:\/\/kibrisayna.com\/index.php\/wp-json\/wp\/v2\/posts"}],"about":[{"href":"https:\/\/kibrisayna.com\/index.php\/wp-json\/wp\/v2\/types\/post"}],"author":[{"embeddable":true,"href":"https:\/\/kibrisayna.com\/index.php\/wp-json\/wp\/v2\/users\/908"}],"replies":[{"embeddable":true,"href":"https:\/\/kibrisayna.com\/index.php\/wp-json\/wp\/v2\/comments?post=14040"}],"version-history":[{"count":0,"href":"https:\/\/kibrisayna.com\/index.php\/wp-json\/wp\/v2\/posts\/14040\/revisions"}],"wp:featuredmedia":[{"embeddable":true,"href":"https:\/\/kibrisayna.com\/index.php\/wp-json\/wp\/v2\/media\/14041"}],"wp:attachment":[{"href":"https:\/\/kibrisayna.com\/index.php\/wp-json\/wp\/v2\/media?parent=14040"}],"wp:term":[{"taxonomy":"category","embeddable":true,"href":"https:\/\/kibrisayna.com\/index.php\/wp-json\/wp\/v2\/categories?post=14040"},{"taxonomy":"post_tag","embeddable":true,"href":"https:\/\/kibrisayna.com\/index.php\/wp-json\/wp\/v2\/tags?post=14040"}],"curies":[{"name":"wp","href":"https:\/\/api.w.org\/{rel}","templated":true}]}}