{"id":14032,"date":"2024-12-16T12:27:34","date_gmt":"2024-12-16T09:27:34","guid":{"rendered":"https:\/\/kibrisayna.com\/index.php\/2024\/12\/16\/kibris-sanatci-ve-yazarlar-birliginde-yeni-donem-brtk\/"},"modified":"2024-12-16T12:27:34","modified_gmt":"2024-12-16T09:27:34","slug":"kibris-sanatci-ve-yazarlar-birliginde-yeni-donem-brtk","status":"publish","type":"post","link":"https:\/\/kibrisayna.com\/index.php\/2024\/12\/16\/kibris-sanatci-ve-yazarlar-birliginde-yeni-donem-brtk\/","title":{"rendered":"K\u0131br\u0131s Sanat\u00e7\u0131 ve Yazarlar Birli\u011fi\u2019nde yeni d\u00f6nem \u2013 BRTK"},"content":{"rendered":"<p> <br \/>\n<\/p>\n<div>\n<div class=\"mariselle-image-container center\">\n                <img loading=\"lazy\" decoding=\"async\" width=\"1600\" height=\"1200\" class=\"lazy-image\" alt=\"\" sizes=\"auto, (max-width: 1600px) 100vw, 1600px\" src=\"https:\/\/brtk.net\/wp-content\/uploads\/2024\/12\/16\/1734337611091KSYB-17.-kurul-toplu-foto.jpg?ver=6fe8131e883930d8863baba8c3bb3d7f\" srcset=\"https:\/\/brtk.net\/wp-content\/uploads\/2024\/12\/16\/1734337611091KSYB-17.-kurul-toplu-foto.jpg?ver=6fe8131e883930d8863baba8c3bb3d7f 1600w, https:\/\/brtk.net\/wp-content\/uploads\/2024\/12\/16\/1734337611091KSYB-17.-kurul-toplu-foto-300x225.jpg?ver=68bd8b479aa983f0c8b3bf08de51ae88 300w, https:\/\/brtk.net\/wp-content\/uploads\/2024\/12\/16\/1734337611091KSYB-17.-kurul-toplu-foto-1024x768.jpg?ver=68bd8b479aa983f0c8b3bf08de51ae88 1024w, https:\/\/brtk.net\/wp-content\/uploads\/2024\/12\/16\/1734337611091KSYB-17.-kurul-toplu-foto-768x576.jpg?ver=68bd8b479aa983f0c8b3bf08de51ae88 768w, https:\/\/brtk.net\/wp-content\/uploads\/2024\/12\/16\/1734337611091KSYB-17.-kurul-toplu-foto-1536x1152.jpg?ver=13a51582d0809d723527ba2aa008bad1 1536w\"\/>                            <\/div>\n<p>K\u0131br\u0131s Sanat\u00e7\u0131 ve Yazarlar Birli\u011fi\u2019nin yeni y\u00f6netimi belirlendi.<\/p>\n<p>K\u0131br\u0131s Sanat\u00e7\u0131 ve Yazarlar Birli\u011fi\u2019nin e\u015f Ba\u015fkanlar\u0131 Tamer \u00d6nc\u00fcl ve Cemay Onalt M\u00fcezzin oldu. M\u00fcezzin, ayr\u0131ca yazman olarak g\u00f6rev da yapacak.<\/p>\n<p>Birlikten verilen bilgiye g\u00f6re, ge\u00e7ti\u011fimiz g\u00fcn K\u0131br\u0131s T\u00fcrk \u00d6\u011fretmenler Sendikas\u0131\u2019nda (KT\u00d6S) yap\u0131lan 17\u2019nci Ola\u011fan Genel Kurulu\u2019nda Ne\u015fe Ya\u015f\u0131n ve Jenan Sel\u00e7uk e\u015f ba\u015fkanl\u0131k g\u00f6revlerini devretti.<\/p>\n<p>Ne\u015fe Ya\u015f\u0131n\u2019\u0131n a\u00e7\u0131l\u0131\u015f konu\u015fmas\u0131, mali raporla faaliyet raporunun onaylanmas\u0131n\u0131n ard\u0131ndan birli\u011fin yeni y\u00f6netimi belirlendi.<\/p>\n<p>D\u0131\u015f \u0130li\u015fkiler Sorumlusu Ne\u015fe Ya\u015f\u0131n, Sayman Halil Karapa\u015fao\u011flu, Bas\u0131n Yay\u0131n Sorumlusu \u00dcmit \u0130nat\u00e7\u0131, Sosyal \u0130li\u015fkiler Sorumlusu Mustafa Tozak\u0131 ve faal \u00fcye Ahmet Y\u0131k\u0131k oldu.<\/p>\n<\/p><\/div>\n<p><script async\n                    defer\n                    crossorigin=\"anonymous\"\n                    src=\"https:\/\/connect.facebook.net\/tr_TR\/sdk.js#xfbml=1&#038;version=v3.3\"\n            ><\/script><br \/>\n<br \/><br \/>\n<br \/><a href=\"https:\/\/brtk.net\/kibris-sanatci-ve-yazarlar-birliginde-yeni-donem\/\">Kaynak BRT <\/a><\/p>\n","protected":false},"excerpt":{"rendered":"<p>K\u0131br\u0131s Sanat\u00e7\u0131 ve Yazarlar Birli\u011fi\u2019nin yeni y\u00f6netimi belirlendi. K\u0131br\u0131s Sanat\u00e7\u0131 ve Yazarlar Birli\u011fi\u2019nin e\u015f Ba\u015fkanlar\u0131 Tamer \u00d6nc\u00fcl ve Cemay Onalt M\u00fcezzin oldu. M\u00fcezzin, ayr\u0131ca yazman olarak g\u00f6rev da yapacak. Birlikten verilen bilgiye g\u00f6re, ge\u00e7ti\u011fimiz g\u00fcn K\u0131br\u0131s T\u00fcrk \u00d6\u011fretmenler Sendikas\u0131\u2019nda (KT\u00d6S) yap\u0131lan 17\u2019nci Ola\u011fan Genel Kurulu\u2019nda Ne\u015fe Ya\u015f\u0131n ve Jenan Sel\u00e7uk e\u015f ba\u015fkanl\u0131k g\u00f6revlerini devretti. Ne\u015fe [&hellip;]<\/p>\n","protected":false},"author":908,"featured_media":14033,"comment_status":"open","ping_status":"open","sticky":false,"template":"","format":"standard","meta":{"_jetpack_memberships_contains_paid_content":false,"footnotes":"","jetpack_publicize_message":"","jetpack_publicize_feature_enabled":true,"jetpack_social_post_already_shared":true,"jetpack_social_options":{"image_generator_settings":{"template":"highway","default_image_id":0,"font":"","enabled":false},"version":2}},"categories":[253],"tags":[],"class_list":["post-14032","post","type-post","status-publish","format-standard","has-post-thumbnail","hentry","category-gundem"],"jetpack_publicize_connections":[],"jetpack_featured_media_url":"https:\/\/kibrisayna.com\/wp-content\/uploads\/2024\/12\/1734337611091KSYB-17.-kurul-toplu-foto.jpg","jetpack_sharing_enabled":true,"_links":{"self":[{"href":"https:\/\/kibrisayna.com\/index.php\/wp-json\/wp\/v2\/posts\/14032","targetHints":{"allow":["GET"]}}],"collection":[{"href":"https:\/\/kibrisayna.com\/index.php\/wp-json\/wp\/v2\/posts"}],"about":[{"href":"https:\/\/kibrisayna.com\/index.php\/wp-json\/wp\/v2\/types\/post"}],"author":[{"embeddable":true,"href":"https:\/\/kibrisayna.com\/index.php\/wp-json\/wp\/v2\/users\/908"}],"replies":[{"embeddable":true,"href":"https:\/\/kibrisayna.com\/index.php\/wp-json\/wp\/v2\/comments?post=14032"}],"version-history":[{"count":0,"href":"https:\/\/kibrisayna.com\/index.php\/wp-json\/wp\/v2\/posts\/14032\/revisions"}],"wp:featuredmedia":[{"embeddable":true,"href":"https:\/\/kibrisayna.com\/index.php\/wp-json\/wp\/v2\/media\/14033"}],"wp:attachment":[{"href":"https:\/\/kibrisayna.com\/index.php\/wp-json\/wp\/v2\/media?parent=14032"}],"wp:term":[{"taxonomy":"category","embeddable":true,"href":"https:\/\/kibrisayna.com\/index.php\/wp-json\/wp\/v2\/categories?post=14032"},{"taxonomy":"post_tag","embeddable":true,"href":"https:\/\/kibrisayna.com\/index.php\/wp-json\/wp\/v2\/tags?post=14032"}],"curies":[{"name":"wp","href":"https:\/\/api.w.org\/{rel}","templated":true}]}}