{"id":14029,"date":"2024-12-16T12:21:48","date_gmt":"2024-12-16T09:21:48","guid":{"rendered":"https:\/\/kibrisayna.com\/index.php\/2024\/12\/16\/ktams-kamusen-kamu-is-ve-haksen-lefkosa-kaza-tapu-amirliginde-grevde-brtk\/"},"modified":"2024-12-16T12:21:48","modified_gmt":"2024-12-16T09:21:48","slug":"ktams-kamusen-kamu-is-ve-haksen-lefkosa-kaza-tapu-amirliginde-grevde-brtk","status":"publish","type":"post","link":"https:\/\/kibrisayna.com\/index.php\/2024\/12\/16\/ktams-kamusen-kamu-is-ve-haksen-lefkosa-kaza-tapu-amirliginde-grevde-brtk\/","title":{"rendered":"KTAMS, KAMUSEN, KAMU-\u0130\u015e ve HAKSEN, Lefko\u015fa Kaza Tapu Amirli\u011fi\u2019nde grevde \u2013 BRTK"},"content":{"rendered":"<p> <br \/>\n<\/p>\n<div>\n<div class=\"mariselle-image-container center\">\n                <img loading=\"lazy\" decoding=\"async\" width=\"2480\" height=\"1656\" class=\"lazy-image\" alt=\"\" sizes=\"auto, (max-width: 2480px) 100vw, 2480px\" src=\"https:\/\/brtk.net\/wp-content\/uploads\/2024\/12\/16\/1734338771743Lefkosa-Kaza-Tapu-Amirligi-grev-2-so.jpg?ver=0c94883391876e2546c6c7f8feacbe26\" srcset=\"https:\/\/brtk.net\/wp-content\/uploads\/2024\/12\/16\/1734338771743Lefkosa-Kaza-Tapu-Amirligi-grev-2-so.jpg?ver=0c94883391876e2546c6c7f8feacbe26 2480w, https:\/\/brtk.net\/wp-content\/uploads\/2024\/12\/16\/1734338771743Lefkosa-Kaza-Tapu-Amirligi-grev-2-so-300x200.jpg?ver=625f2f4d9a4596f63159fa8fe7672659 300w, https:\/\/brtk.net\/wp-content\/uploads\/2024\/12\/16\/1734338771743Lefkosa-Kaza-Tapu-Amirligi-grev-2-so-1024x684.jpg?ver=625f2f4d9a4596f63159fa8fe7672659 1024w, https:\/\/brtk.net\/wp-content\/uploads\/2024\/12\/16\/1734338771743Lefkosa-Kaza-Tapu-Amirligi-grev-2-so-768x513.jpg?ver=8a3f2b5dab3a5a344eee8dc5e50cf63b 768w, https:\/\/brtk.net\/wp-content\/uploads\/2024\/12\/16\/1734338771743Lefkosa-Kaza-Tapu-Amirligi-grev-2-so-1536x1026.jpg?ver=6ea39f7469a49a5ea9c60c65471d4979 1536w, https:\/\/brtk.net\/wp-content\/uploads\/2024\/12\/16\/1734338771743Lefkosa-Kaza-Tapu-Amirligi-grev-2-so-2048x1368.jpg?ver=21433ea2d5f24ef6c68a6390820a2790 2048w\"\/>                            <\/div>\n<p>K\u0131br\u0131s T\u00fcrk Amme Memurlar\u0131 Sendikas\u0131 (KTAMS), K\u0131br\u0131s T\u00fcrk Kamu G\u00f6revlileri Sendikas\u0131 (KAMUSEN), Kamu \u0130\u015f\u00e7ileri Sendikas\u0131 (KAMU-\u0130\u015e) ve E\u015fit Hak ve Adalet Sendikas\u0131 (HAKSEN), personel, ara\u00e7 \u2013 gere\u00e7 ve altyap\u0131 eksiklikleriyle ilgili sorunlar giderilmedi\u011fi gerek\u00e7esiyle Lefko\u015fa Kaza Tapu Amirli\u011fi\u2019nde grev yap\u0131yor.<\/p>\n<p>Sendikalar, Lefko\u015fa Kaza Tapu Amirli\u011fi \u00f6n\u00fcnde bas\u0131n a\u00e7\u0131klamas\u0131 yaparak, bug\u00fcn mesai bitimine kadar sorunlar\u0131n \u00e7\u00f6z\u00fcm\u00fcne y\u00f6nelik ad\u0131m at\u0131lmamas\u0131 halinde yar\u0131n da grev yapacaklar\u0131n\u0131 duyurdu.<\/p>\n<div class=\"mariselle-image-container center\">\n                <img loading=\"lazy\" decoding=\"async\" width=\"2480\" height=\"1656\" class=\"lazy-image\" alt=\"\" sizes=\"auto, (max-width: 2480px) 100vw, 2480px\" src=\"https:\/\/brtk.net\/wp-content\/uploads\/2024\/12\/16\/1734338771739Lefkosa-Kaza-Tapu-Amirligi-grev-1-so.jpg?ver=cee9b61cd195d2c0da359522c7ad1aaa\" srcset=\"https:\/\/brtk.net\/wp-content\/uploads\/2024\/12\/16\/1734338771739Lefkosa-Kaza-Tapu-Amirligi-grev-1-so.jpg?ver=cee9b61cd195d2c0da359522c7ad1aaa 2480w, https:\/\/brtk.net\/wp-content\/uploads\/2024\/12\/16\/1734338771739Lefkosa-Kaza-Tapu-Amirligi-grev-1-so-300x200.jpg?ver=01f5f1c9603535f746603d83cb7cd3ab 300w, https:\/\/brtk.net\/wp-content\/uploads\/2024\/12\/16\/1734338771739Lefkosa-Kaza-Tapu-Amirligi-grev-1-so-1024x684.jpg?ver=01f5f1c9603535f746603d83cb7cd3ab 1024w, https:\/\/brtk.net\/wp-content\/uploads\/2024\/12\/16\/1734338771739Lefkosa-Kaza-Tapu-Amirligi-grev-1-so-768x513.jpg?ver=907567fc46af629cb55dd6aa677f3562 768w, https:\/\/brtk.net\/wp-content\/uploads\/2024\/12\/16\/1734338771739Lefkosa-Kaza-Tapu-Amirligi-grev-1-so-1536x1026.jpg?ver=47f9cb2b7a6ab43dcbf8b1d82d2761af 1536w, https:\/\/brtk.net\/wp-content\/uploads\/2024\/12\/16\/1734338771739Lefkosa-Kaza-Tapu-Amirligi-grev-1-so-2048x1368.jpg?ver=4df4de3854d666ef853659e4182c83ff 2048w\"\/>                            <\/div>\n<p>KTAMS Ba\u015fkan\u0131 G\u00fcven Bengihan, Lefko\u015fa Kaza Tapu Amirli\u011fi\u2019nde bir ay \u00f6nce grev ba\u015flatt\u0131klar\u0131n\u0131 an\u0131msatarak, bu s\u00fcrede sorunlar\u0131n \u00e7\u00f6z\u00fcm\u00fcne y\u00f6nelik baz\u0131 ad\u0131mlar at\u0131ld\u0131\u011f\u0131n\u0131 ancak bu ad\u0131mlar\u0131n yeterli olmad\u0131\u011f\u0131n\u0131 kaydetti.<\/p>\n<p>Daire\u2019de personel, ara\u00e7 ve teknik altyap\u0131 eksiklikleri oldu\u011funu belirten Bengihan, burada hizmetler aksarsa devletin de almas\u0131 gereken har\u00e7lar\u0131 alamayaca\u011f\u0131n\u0131 vurgulad\u0131.<\/p>\n<p>G\u00fcven Bengihan, \u201cBuras\u0131 alt\u0131n yumurtlayan tavuktur.\u201d diyerek, ilgili bakanl\u0131\u011f\u0131n ve h\u00fck\u00fcmetin Lefko\u015fa Kaza Tapu Amirli\u011fi\u2019ne \u201cg\u00f6z\u00fc gibi bakmas\u0131\u201d gerekti\u011fini ifade etti.<\/p>\n<p>Daire\u2019de as\u0131l ve s\u00fcrekli kadrolu personel s\u0131k\u0131nt\u0131s\u0131 oldu\u011funu belirterek, imza atma yetkisi olan personel istihdam\u0131 i\u00e7in m\u00fcnhal a\u00e7\u0131lmas\u0131na Personel Dairesi\u2019nin onay vermemesini ele\u015ftiren Bengihan, as\u0131l ve s\u00fcrekli kadrolu personel ihtiyac\u0131na vurgu yapt\u0131.<\/p>\n<p>Bengihan, bug\u00fcn mesai bitimine kadar ad\u0131m at\u0131lmamas\u0131 halinde grevin yar\u0131n da s\u00fcrece\u011fini duyurdu.<\/p>\n<p>KAMUSEN Ba\u015fkan\u0131 Metin Atan da, Tapu Dairesi\u2019nin gelir a\u00e7\u0131s\u0131ndan \u00f6nemine vurgu yapt\u0131, verilen s\u00f6zlerin tutulmad\u0131\u011f\u0131n\u0131 s\u00f6yledi.<\/p>\n<p>18 Kas\u0131m tarihinde de Lefko\u015fa Kaza Tapu Amirli\u011fi\u2019nde grev yapt\u0131klar\u0131n\u0131 hat\u0131rlatan Atan, ge\u00e7en s\u00fcrede at\u0131lan ad\u0131mlar\u0131n yeterli olmad\u0131\u011f\u0131n\u0131 kaydetti.<\/p>\n<p>M\u00fcnhallerle ilgili verilen s\u00f6zlerin tutulmad\u0131\u011f\u0131n\u0131 dile getiren Atan, h\u00fck\u00fcmeti Daire\u2019ye \u00f6zen g\u00f6stermeye \u00e7a\u011f\u0131rd\u0131 ve s\u00f6z\u00fcn\u00fc tutmad\u0131\u011f\u0131 gerek\u00e7esiyle ele\u015ftirdi.<\/p>\n<p>Metin Atan, i\u015f y\u00fck\u00fc dolay\u0131s\u0131yla \u00e7al\u0131\u015fanlar\u0131n motivasyonunun kalmad\u0131\u011f\u0131n\u0131 kaydederek, sorunlar\u0131 k\u00f6kten \u00e7\u00f6zecek tedbirler al\u0131nmamas\u0131 halinde grevin s\u00fcrece\u011fini s\u00f6yledi.<\/p>\n<p>HAKSEN Ba\u015fkan\u0131 Salih Er\u015fangil de, personel, ara\u00e7-gere\u00e7 ve altyap\u0131 sorunlar\u0131na de\u011finerek, ya\u015fanan sorunlar\u0131n kolayl\u0131kla \u00e7\u00f6z\u00fclebilece\u011fini vurgulad\u0131.<\/p>\n<p>\u201cBu kurumlar \u00e7al\u0131\u015ft\u0131\u011f\u0131 m\u00fcddet\u00e7e devlet mekanizmas\u0131 \u00e7al\u0131\u015f\u0131yor.\u201d diyen Er\u015fangil, h\u00fck\u00fcmeti gereken ad\u0131mlar\u0131 atmaya \u00e7a\u011f\u0131rd\u0131.<\/p>\n<p><strong>-Grev ask\u0131ya al\u0131nm\u0131\u015ft\u0131<\/strong><\/p>\n<p>KTAMS, KAMUSEN, KAMU-\u0130\u015e ve HAKSEN, Lefko\u015fa Kaza Tapu Amirli\u011fi\u2019nde ya\u015fanan sorunlar\u0131n \u00e7\u00f6z\u00fcm\u00fc ile ilgili 18 Kas\u0131m tarihinde ba\u015flatt\u0131\u011f\u0131  grevin akabinde 19 Kas\u0131m\u2019da \u0130\u00e7i\u015fleri Bakanl\u0131\u011f\u0131 \u0130skan M\u00fcste\u015far\u0131 ile g\u00f6r\u00fc\u015fm\u00fc\u015ft\u00fc. Sendikalar, g\u00f6r\u00fc\u015fmede, sorunlar\u0131n 15 Aral\u0131k tarihine kadar \u00e7\u00f6z\u00fclece\u011finin beyan edilmesi nedeniyle grevi 15 Aral\u0131k\u2019a kadar ask\u0131ya alm\u0131\u015ft\u0131.<\/p>\n<\/p><\/div>\n<p><script async\n                    defer\n                    crossorigin=\"anonymous\"\n                    src=\"https:\/\/connect.facebook.net\/tr_TR\/sdk.js#xfbml=1&#038;version=v3.3\"\n            ><\/script><br \/>\n<br \/><br \/>\n<br \/><a href=\"https:\/\/brtk.net\/ktams-kamusen-kamu-is-ve-haksen-lefkosa-kaza-tapu-amirliginde-grevde\/\">Kaynak BRT <\/a><\/p>\n","protected":false},"excerpt":{"rendered":"<p>K\u0131br\u0131s T\u00fcrk Amme Memurlar\u0131 Sendikas\u0131 (KTAMS), K\u0131br\u0131s T\u00fcrk Kamu G\u00f6revlileri Sendikas\u0131 (KAMUSEN), Kamu \u0130\u015f\u00e7ileri Sendikas\u0131 (KAMU-\u0130\u015e) ve E\u015fit Hak ve Adalet Sendikas\u0131 (HAKSEN), personel, ara\u00e7 \u2013 gere\u00e7 ve altyap\u0131 eksiklikleriyle ilgili sorunlar giderilmedi\u011fi gerek\u00e7esiyle Lefko\u015fa Kaza Tapu Amirli\u011fi\u2019nde grev yap\u0131yor. Sendikalar, Lefko\u015fa Kaza Tapu Amirli\u011fi \u00f6n\u00fcnde bas\u0131n a\u00e7\u0131klamas\u0131 yaparak, bug\u00fcn mesai bitimine kadar sorunlar\u0131n \u00e7\u00f6z\u00fcm\u00fcne [&hellip;]<\/p>\n","protected":false},"author":908,"featured_media":14031,"comment_status":"open","ping_status":"open","sticky":false,"template":"","format":"standard","meta":{"_jetpack_memberships_contains_paid_content":false,"footnotes":"","jetpack_publicize_message":"","jetpack_publicize_feature_enabled":true,"jetpack_social_post_already_shared":true,"jetpack_social_options":{"image_generator_settings":{"template":"highway","default_image_id":0,"font":"","enabled":false},"version":2}},"categories":[253],"tags":[],"class_list":["post-14029","post","type-post","status-publish","format-standard","has-post-thumbnail","hentry","category-gundem"],"jetpack_publicize_connections":[],"jetpack_featured_media_url":"https:\/\/kibrisayna.com\/wp-content\/uploads\/2024\/12\/1734338771739Lefkosa-Kaza-Tapu-Amirligi-grev-1-so.jpg","jetpack_sharing_enabled":true,"_links":{"self":[{"href":"https:\/\/kibrisayna.com\/index.php\/wp-json\/wp\/v2\/posts\/14029","targetHints":{"allow":["GET"]}}],"collection":[{"href":"https:\/\/kibrisayna.com\/index.php\/wp-json\/wp\/v2\/posts"}],"about":[{"href":"https:\/\/kibrisayna.com\/index.php\/wp-json\/wp\/v2\/types\/post"}],"author":[{"embeddable":true,"href":"https:\/\/kibrisayna.com\/index.php\/wp-json\/wp\/v2\/users\/908"}],"replies":[{"embeddable":true,"href":"https:\/\/kibrisayna.com\/index.php\/wp-json\/wp\/v2\/comments?post=14029"}],"version-history":[{"count":0,"href":"https:\/\/kibrisayna.com\/index.php\/wp-json\/wp\/v2\/posts\/14029\/revisions"}],"wp:featuredmedia":[{"embeddable":true,"href":"https:\/\/kibrisayna.com\/index.php\/wp-json\/wp\/v2\/media\/14031"}],"wp:attachment":[{"href":"https:\/\/kibrisayna.com\/index.php\/wp-json\/wp\/v2\/media?parent=14029"}],"wp:term":[{"taxonomy":"category","embeddable":true,"href":"https:\/\/kibrisayna.com\/index.php\/wp-json\/wp\/v2\/categories?post=14029"},{"taxonomy":"post_tag","embeddable":true,"href":"https:\/\/kibrisayna.com\/index.php\/wp-json\/wp\/v2\/tags?post=14029"}],"curies":[{"name":"wp","href":"https:\/\/api.w.org\/{rel}","templated":true}]}}