{"id":14023,"date":"2024-12-16T11:07:11","date_gmt":"2024-12-16T08:07:11","guid":{"rendered":"https:\/\/kibrisayna.com\/index.php\/2024\/12\/16\/mdpmandriya-koyundeki-toplu-mezarda-kazi-ve-kimliklendirme-yapilarak-sehitlerin-kktcye-defnedilmesi-gerekiyor-brtk\/"},"modified":"2024-12-16T11:07:11","modified_gmt":"2024-12-16T08:07:11","slug":"mdpmandriya-koyundeki-toplu-mezarda-kazi-ve-kimliklendirme-yapilarak-sehitlerin-kktcye-defnedilmesi-gerekiyor-brtk","status":"publish","type":"post","link":"https:\/\/kibrisayna.com\/index.php\/2024\/12\/16\/mdpmandriya-koyundeki-toplu-mezarda-kazi-ve-kimliklendirme-yapilarak-sehitlerin-kktcye-defnedilmesi-gerekiyor-brtk\/","title":{"rendered":"MDP:Mandriya k\u00f6y\u00fcndeki toplu mezarda kaz\u0131 ve kimliklendirme yap\u0131larak, \u015fehitlerin KKTC\u2019ye defnedilmesi gerekiyor \u2013 BRTK"},"content":{"rendered":"<p> <br \/>\n<\/p>\n<div>\n<div class=\"mariselle-image-container center\">\n                <img loading=\"lazy\" decoding=\"async\" width=\"826\" height=\"472\" class=\"lazy-image\" alt=\"\" sizes=\"auto, (max-width: 826px) 100vw, 826px\" src=\"https:\/\/brtk.net\/wp-content\/uploads\/2024\/12\/16\/3232323ll.jpeg?ver=713da257c0239887a2317a535406e195\" srcset=\"https:\/\/brtk.net\/wp-content\/uploads\/2024\/12\/16\/3232323ll.jpeg?ver=713da257c0239887a2317a535406e195 826w, https:\/\/brtk.net\/wp-content\/uploads\/2024\/12\/16\/3232323ll-300x171.jpeg?ver=4bdac463dec42a07cf931608d575278c 300w, https:\/\/brtk.net\/wp-content\/uploads\/2024\/12\/16\/3232323ll-768x439.jpeg?ver=4bdac463dec42a07cf931608d575278c 768w\"\/>                            <\/div>\n<p>Milliyet\u00e7i Demokrasi Partisi (MDP) G\u00fcney K\u0131br\u0131s\u2019ta Mandriya k\u00f6y\u00fcnde iki y\u0131l \u00f6nce yeri tespit edilen toplu mezardaki  K\u0131br\u0131sl\u0131 T\u00fcrk \u015fehitlere ait kal\u0131nt\u0131lar\u0131n \u00e7\u0131kar\u0131larak, kimlik tespitlerinin yap\u0131lmas\u0131 ve KKTC\u2019ye defnedilmesi gerekti\u011fini belirtti.<\/p>\n<p>Lefko\u015fa \u0130l\u00e7e Ba\u015fkan\u0131 H\u00fcseyin Mert Co\u015fkun yaz\u0131l\u0131 a\u00e7\u0131klamas\u0131nda \u015fehit yak\u0131n\u0131 21 ailenin yaz\u0131l\u0131 beyanat\u0131na ra\u011fmen bu y\u00f6nde hi\u00e7bir ad\u0131m at\u0131lmamas\u0131n\u0131n kabul edilemez oldu\u011funu kaydetti.<\/p>\n<p>Mandriya K\u00f6y\u00fc\u2019nde Rumlar taraf\u0131ndan \u015fehit edilen 21 K\u0131br\u0131sl\u0131 T\u00fcrk \u015fehidi anmak ve yak\u0131nlar\u0131n\u0131n adalet aray\u0131\u015f\u0131na destek olmak amac\u0131yla \u015eehit Aileleri Derne\u011fi Ba\u015fkan\u0131 Benan G\u00f6nen ve toplu mezarda yatan \u015fehitlerden birinin o\u011flu Osman Ar\u0131k ile birlikte k\u00f6y\u00fc ziyaret ettiklerini kaydeden Co\u015fkun toplu mezar yerinin netle\u015ftirilmesi ve kaz\u0131 i\u015flemlerinin ba\u015flamas\u0131 i\u00e7in gereken siyasi iradenin g\u00f6sterilmesi \u00e7a\u011fr\u0131s\u0131nda bulundu.<\/p>\n<p>Co\u015fkun, \u201c\u015eehitlerimizin aziz hat\u0131ras\u0131na sayg\u0131 ve ailelerinin huzuru i\u00e7in Milliyet\u00e7i Demokrasi Partisi, bu konuda gereken m\u00fccadeleyi kararl\u0131l\u0131kla s\u00fcrd\u00fcrecektir\u201d ifadelerini kulland\u0131.<\/p>\n<\/p><\/div>\n<p><script async\n                    defer\n                    crossorigin=\"anonymous\"\n                    src=\"https:\/\/connect.facebook.net\/tr_TR\/sdk.js#xfbml=1&#038;version=v3.3\"\n            ><\/script><br \/>\n<br \/><br \/>\n<br \/><a href=\"https:\/\/brtk.net\/mdpmandriya-koyundeki-toplu-mezarda-kazi-ve-kimliklendirme-yapilarak-sehitlerin-kktcye-defnedilmesi-gerekiyor\/\">Kaynak BRT <\/a><\/p>\n","protected":false},"excerpt":{"rendered":"<p>Milliyet\u00e7i Demokrasi Partisi (MDP) G\u00fcney K\u0131br\u0131s\u2019ta Mandriya k\u00f6y\u00fcnde iki y\u0131l \u00f6nce yeri tespit edilen toplu mezardaki K\u0131br\u0131sl\u0131 T\u00fcrk \u015fehitlere ait kal\u0131nt\u0131lar\u0131n \u00e7\u0131kar\u0131larak, kimlik tespitlerinin yap\u0131lmas\u0131 ve KKTC\u2019ye defnedilmesi gerekti\u011fini belirtti. Lefko\u015fa \u0130l\u00e7e Ba\u015fkan\u0131 H\u00fcseyin Mert Co\u015fkun yaz\u0131l\u0131 a\u00e7\u0131klamas\u0131nda \u015fehit yak\u0131n\u0131 21 ailenin yaz\u0131l\u0131 beyanat\u0131na ra\u011fmen bu y\u00f6nde hi\u00e7bir ad\u0131m at\u0131lmamas\u0131n\u0131n kabul edilemez oldu\u011funu kaydetti. Mandriya [&hellip;]<\/p>\n","protected":false},"author":908,"featured_media":14024,"comment_status":"open","ping_status":"open","sticky":false,"template":"","format":"standard","meta":{"_jetpack_memberships_contains_paid_content":false,"footnotes":"","jetpack_publicize_message":"","jetpack_publicize_feature_enabled":true,"jetpack_social_post_already_shared":true,"jetpack_social_options":{"image_generator_settings":{"template":"highway","default_image_id":0,"font":"","enabled":false},"version":2}},"categories":[253],"tags":[],"class_list":["post-14023","post","type-post","status-publish","format-standard","has-post-thumbnail","hentry","category-gundem"],"jetpack_publicize_connections":[],"jetpack_featured_media_url":"https:\/\/kibrisayna.com\/wp-content\/uploads\/2024\/12\/3232323ll.jpeg","jetpack_sharing_enabled":true,"_links":{"self":[{"href":"https:\/\/kibrisayna.com\/index.php\/wp-json\/wp\/v2\/posts\/14023","targetHints":{"allow":["GET"]}}],"collection":[{"href":"https:\/\/kibrisayna.com\/index.php\/wp-json\/wp\/v2\/posts"}],"about":[{"href":"https:\/\/kibrisayna.com\/index.php\/wp-json\/wp\/v2\/types\/post"}],"author":[{"embeddable":true,"href":"https:\/\/kibrisayna.com\/index.php\/wp-json\/wp\/v2\/users\/908"}],"replies":[{"embeddable":true,"href":"https:\/\/kibrisayna.com\/index.php\/wp-json\/wp\/v2\/comments?post=14023"}],"version-history":[{"count":0,"href":"https:\/\/kibrisayna.com\/index.php\/wp-json\/wp\/v2\/posts\/14023\/revisions"}],"wp:featuredmedia":[{"embeddable":true,"href":"https:\/\/kibrisayna.com\/index.php\/wp-json\/wp\/v2\/media\/14024"}],"wp:attachment":[{"href":"https:\/\/kibrisayna.com\/index.php\/wp-json\/wp\/v2\/media?parent=14023"}],"wp:term":[{"taxonomy":"category","embeddable":true,"href":"https:\/\/kibrisayna.com\/index.php\/wp-json\/wp\/v2\/categories?post=14023"},{"taxonomy":"post_tag","embeddable":true,"href":"https:\/\/kibrisayna.com\/index.php\/wp-json\/wp\/v2\/tags?post=14023"}],"curies":[{"name":"wp","href":"https:\/\/api.w.org\/{rel}","templated":true}]}}