{"id":14016,"date":"2024-12-16T08:56:00","date_gmt":"2024-12-16T05:56:00","guid":{"rendered":"https:\/\/kibrisayna.com\/index.php\/2024\/12\/16\/tatar-sehit-mehmet-salih-ve-sehit-ahmet-abdullahin-ailelerini-ziyaret-etti-brtk\/"},"modified":"2024-12-16T08:56:00","modified_gmt":"2024-12-16T05:56:00","slug":"tatar-sehit-mehmet-salih-ve-sehit-ahmet-abdullahin-ailelerini-ziyaret-etti-brtk","status":"publish","type":"post","link":"https:\/\/kibrisayna.com\/index.php\/2024\/12\/16\/tatar-sehit-mehmet-salih-ve-sehit-ahmet-abdullahin-ailelerini-ziyaret-etti-brtk\/","title":{"rendered":"Tatar, \u015eehit Mehmet Salih ve \u015eehit Ahmet Abdullah\u2019\u0131n ailelerini ziyaret etti \u2013 BRTK"},"content":{"rendered":"<p> <br \/>\n<\/p>\n<div>\n<div class=\"mariselle-image-container center\">\n                <img loading=\"lazy\" decoding=\"async\" width=\"1600\" height=\"763\" class=\"lazy-image\" alt=\"\" sizes=\"auto, (max-width: 1600px) 100vw, 1600px\" src=\"https:\/\/brtk.net\/wp-content\/uploads\/2024\/12\/16\/3232323232.jpg?ver=b0bd3a4d2b88c0e239d1c0714622bc75\" srcset=\"https:\/\/brtk.net\/wp-content\/uploads\/2024\/12\/16\/3232323232.jpg?ver=b0bd3a4d2b88c0e239d1c0714622bc75 1600w, https:\/\/brtk.net\/wp-content\/uploads\/2024\/12\/16\/3232323232-300x143.jpg?ver=88d94cbe39e2f33aa036c1829e530bb4 300w, https:\/\/brtk.net\/wp-content\/uploads\/2024\/12\/16\/3232323232-1024x488.jpg?ver=88d94cbe39e2f33aa036c1829e530bb4 1024w, https:\/\/brtk.net\/wp-content\/uploads\/2024\/12\/16\/3232323232-768x366.jpg?ver=88d94cbe39e2f33aa036c1829e530bb4 768w, https:\/\/brtk.net\/wp-content\/uploads\/2024\/12\/16\/3232323232-1536x732.jpg?ver=ac28c6baeeebe565ea18333dd072698c 1536w\"\/>                            <\/div>\n<p>Cumhurba\u015fkan\u0131 Ersin Tatar,  \u015eehit Mehmet Salih ve \u015eehit Ahmet Abdullah\u2019\u0131n ailelerini ziyaret etti. <\/p>\n<p>Cumhurba\u015fkanl\u0131\u011f\u0131ndan verilen bilgiye g\u00f6re,  Tatar, ziyaretlerde yapt\u0131\u011f\u0131 konu\u015fmada, K\u0131br\u0131s T\u00fcrk\u00fc\u2019n\u00fcn \u00f6zg\u00fcrl\u00fck ve varolu\u015f m\u00fccadelesi ve kurdu\u011fu Kuzey K\u0131br\u0131s T\u00fcrk Cumhuriyeti\u2019nde \u015fehitlerin pay\u0131n\u0131n b\u00fcy\u00fck oldu\u011funu s\u00f6yledi.<\/p>\n<p>Cumhurba\u015fkan\u0131 Tatar, K\u0131br\u0131s T\u00fcrk\u00fc\u2019n\u00fcn bar\u0131\u015f, huzur ve g\u00fcven i\u00e7inde ya\u015famas\u0131n\u0131 \u015fehitlere bor\u00e7lu oldu\u011funa dikkat \u00e7ekerek, \u201c\u015eehitlerimizi unutmay\u0131z ve unutturmay\u0131z\u201d dedi.<\/p>\n<p>Cumhurba\u015fkan\u0131 Tatar, \u201c\u015eehitlerimiz ve \u015fehit yak\u0131nlar\u0131 olarak sizler, b\u00fcy\u00fck fedakarl\u0131klar yapt\u0131n\u0131z. Sizler bize \u015fehitlerimizin emanetlerisiniz, bizim i\u00e7in \u00e7ok \u00f6nemli ve de\u011ferlisiniz. Devlet olarak sizin yan\u0131n\u0131zda olmak, \u015fehitlerimize olan bir vefa borcumuzdur. \u015eehitlerimize Allah\u2019tan rahmet sizlere sab\u0131rlar dilerim\u201d dedi.<\/p>\n<\/p><\/div>\n<p><script async\n                    defer\n                    crossorigin=\"anonymous\"\n                    src=\"https:\/\/connect.facebook.net\/tr_TR\/sdk.js#xfbml=1&#038;version=v3.3\"\n            ><\/script><br \/>\n<br \/><br \/>\n<br \/><a href=\"https:\/\/brtk.net\/tatar-sehit-mehmet-salih-ve-sehit-ahmet-abdullahin-ailelerini-ziyaret-etti\/\">Kaynak BRT <\/a><\/p>\n","protected":false},"excerpt":{"rendered":"<p>Cumhurba\u015fkan\u0131 Ersin Tatar, \u015eehit Mehmet Salih ve \u015eehit Ahmet Abdullah\u2019\u0131n ailelerini ziyaret etti. Cumhurba\u015fkanl\u0131\u011f\u0131ndan verilen bilgiye g\u00f6re, Tatar, ziyaretlerde yapt\u0131\u011f\u0131 konu\u015fmada, K\u0131br\u0131s T\u00fcrk\u00fc\u2019n\u00fcn \u00f6zg\u00fcrl\u00fck ve varolu\u015f m\u00fccadelesi ve kurdu\u011fu Kuzey K\u0131br\u0131s T\u00fcrk Cumhuriyeti\u2019nde \u015fehitlerin pay\u0131n\u0131n b\u00fcy\u00fck oldu\u011funu s\u00f6yledi. Cumhurba\u015fkan\u0131 Tatar, K\u0131br\u0131s T\u00fcrk\u00fc\u2019n\u00fcn bar\u0131\u015f, huzur ve g\u00fcven i\u00e7inde ya\u015famas\u0131n\u0131 \u015fehitlere bor\u00e7lu oldu\u011funa dikkat \u00e7ekerek, \u201c\u015eehitlerimizi unutmay\u0131z [&hellip;]<\/p>\n","protected":false},"author":908,"featured_media":14017,"comment_status":"open","ping_status":"open","sticky":false,"template":"","format":"standard","meta":{"_jetpack_memberships_contains_paid_content":false,"footnotes":"","jetpack_publicize_message":"","jetpack_publicize_feature_enabled":true,"jetpack_social_post_already_shared":true,"jetpack_social_options":{"image_generator_settings":{"template":"highway","default_image_id":0,"font":"","enabled":false},"version":2}},"categories":[253],"tags":[],"class_list":["post-14016","post","type-post","status-publish","format-standard","has-post-thumbnail","hentry","category-gundem"],"jetpack_publicize_connections":[],"jetpack_featured_media_url":"https:\/\/kibrisayna.com\/wp-content\/uploads\/2024\/12\/3232323232.jpg","jetpack_sharing_enabled":true,"_links":{"self":[{"href":"https:\/\/kibrisayna.com\/index.php\/wp-json\/wp\/v2\/posts\/14016","targetHints":{"allow":["GET"]}}],"collection":[{"href":"https:\/\/kibrisayna.com\/index.php\/wp-json\/wp\/v2\/posts"}],"about":[{"href":"https:\/\/kibrisayna.com\/index.php\/wp-json\/wp\/v2\/types\/post"}],"author":[{"embeddable":true,"href":"https:\/\/kibrisayna.com\/index.php\/wp-json\/wp\/v2\/users\/908"}],"replies":[{"embeddable":true,"href":"https:\/\/kibrisayna.com\/index.php\/wp-json\/wp\/v2\/comments?post=14016"}],"version-history":[{"count":0,"href":"https:\/\/kibrisayna.com\/index.php\/wp-json\/wp\/v2\/posts\/14016\/revisions"}],"wp:featuredmedia":[{"embeddable":true,"href":"https:\/\/kibrisayna.com\/index.php\/wp-json\/wp\/v2\/media\/14017"}],"wp:attachment":[{"href":"https:\/\/kibrisayna.com\/index.php\/wp-json\/wp\/v2\/media?parent=14016"}],"wp:term":[{"taxonomy":"category","embeddable":true,"href":"https:\/\/kibrisayna.com\/index.php\/wp-json\/wp\/v2\/categories?post=14016"},{"taxonomy":"post_tag","embeddable":true,"href":"https:\/\/kibrisayna.com\/index.php\/wp-json\/wp\/v2\/tags?post=14016"}],"curies":[{"name":"wp","href":"https:\/\/api.w.org\/{rel}","templated":true}]}}