{"id":14014,"date":"2024-12-16T08:53:31","date_gmt":"2024-12-16T05:53:31","guid":{"rendered":"https:\/\/kibrisayna.com\/index.php\/2024\/12\/16\/cumhurbaskani-tatar-ve-esi-sibel-tatar-yilbasi-senligine-katildi-brtk\/"},"modified":"2024-12-16T08:53:31","modified_gmt":"2024-12-16T05:53:31","slug":"cumhurbaskani-tatar-ve-esi-sibel-tatar-yilbasi-senligine-katildi-brtk","status":"publish","type":"post","link":"https:\/\/kibrisayna.com\/index.php\/2024\/12\/16\/cumhurbaskani-tatar-ve-esi-sibel-tatar-yilbasi-senligine-katildi-brtk\/","title":{"rendered":"Cumhurba\u015fkan\u0131 Tatar ve e\u015fi Sibel Tatar Y\u0131lba\u015f\u0131 \u015eenli\u011fi\u2019ne kat\u0131ld\u0131 \u2013 BRTK"},"content":{"rendered":"<p> <br \/>\n<\/p>\n<div>\n<div class=\"mariselle-image-container center\">\n                <img loading=\"lazy\" decoding=\"async\" width=\"1600\" height=\"674\" class=\"lazy-image\" alt=\"\" sizes=\"auto, (max-width: 1600px) 100vw, 1600px\" src=\"https:\/\/brtk.net\/wp-content\/uploads\/2024\/12\/16\/1734288660810bc73e7c7-d101-4a2e-b9dc-8ca672e1ddbe-1.jpg?ver=764b44503dd15b654e82f5c3904ba19d\" srcset=\"https:\/\/brtk.net\/wp-content\/uploads\/2024\/12\/16\/1734288660810bc73e7c7-d101-4a2e-b9dc-8ca672e1ddbe-1.jpg?ver=764b44503dd15b654e82f5c3904ba19d 1600w, https:\/\/brtk.net\/wp-content\/uploads\/2024\/12\/16\/1734288660810bc73e7c7-d101-4a2e-b9dc-8ca672e1ddbe-1-300x126.jpg?ver=eaa2e4f4d76d1e489e6b1f9c42853aa3 300w, https:\/\/brtk.net\/wp-content\/uploads\/2024\/12\/16\/1734288660810bc73e7c7-d101-4a2e-b9dc-8ca672e1ddbe-1-1024x431.jpg?ver=eaa2e4f4d76d1e489e6b1f9c42853aa3 1024w, https:\/\/brtk.net\/wp-content\/uploads\/2024\/12\/16\/1734288660810bc73e7c7-d101-4a2e-b9dc-8ca672e1ddbe-1-768x324.jpg?ver=eaa2e4f4d76d1e489e6b1f9c42853aa3 768w, https:\/\/brtk.net\/wp-content\/uploads\/2024\/12\/16\/1734288660810bc73e7c7-d101-4a2e-b9dc-8ca672e1ddbe-1-1536x647.jpg?ver=eaa2e4f4d76d1e489e6b1f9c42853aa3 1536w\"\/>                            <\/div>\n<p>Cumhurba\u015fkan\u0131 Ersin Tatar ve e\u015fi  Sibel Tatar  Bellapais IW Derne\u011fi\u2019nin kad\u0131n ve \u00e7ocuklara destek projeleri kapsam\u0131nda  d\u00fczenledi\u011fi geleneksel \u2018Y\u0131lba\u015f\u0131 \u015eenli\u011fi\u2019 etkinli\u011fine kat\u0131ld\u0131. <\/p>\n<p>Cumhurba\u015fkanl\u0131\u011f\u0131\u2019ndan verilen bilgiye g\u00f6re Sibel Tatar\u2019\u0131n Kurucu Ba\u015fkan\u0131 oldu\u011fu dernek taraf\u0131ndan Girne Belediyesi A\u00e7\u0131k Pazar\u0131\u2019nda ger\u00e7ekle\u015ftirilen etkinlikte, geleneksel yiyecek, i\u00e7ecek ile yerel \u00fcr\u00fcnlerin yer ald\u0131\u011f\u0131 standlar kuruldu.<\/p>\n<p> Standlar\u0131 gezen Cumhurba\u015fkan\u0131 Ersin Tatar, esnaf, yerel \u00fcretici ve halkla sohbet etti, foto\u011fraf \u00e7ektirdi.<\/p>\n<\/p><\/div>\n<p><script async\n                    defer\n                    crossorigin=\"anonymous\"\n                    src=\"https:\/\/connect.facebook.net\/tr_TR\/sdk.js#xfbml=1&#038;version=v3.3\"\n            ><\/script><br \/>\n<br \/><br \/>\n<br \/><a href=\"https:\/\/brtk.net\/cumhurbaskani-tatar-ve-esi-sibel-tatar-yilbasi-senligine-katildi\/\">Kaynak BRT <\/a><\/p>\n","protected":false},"excerpt":{"rendered":"<p>Cumhurba\u015fkan\u0131 Ersin Tatar ve e\u015fi Sibel Tatar Bellapais IW Derne\u011fi\u2019nin kad\u0131n ve \u00e7ocuklara destek projeleri kapsam\u0131nda d\u00fczenledi\u011fi geleneksel \u2018Y\u0131lba\u015f\u0131 \u015eenli\u011fi\u2019 etkinli\u011fine kat\u0131ld\u0131. Cumhurba\u015fkanl\u0131\u011f\u0131\u2019ndan verilen bilgiye g\u00f6re Sibel Tatar\u2019\u0131n Kurucu Ba\u015fkan\u0131 oldu\u011fu dernek taraf\u0131ndan Girne Belediyesi A\u00e7\u0131k Pazar\u0131\u2019nda ger\u00e7ekle\u015ftirilen etkinlikte, geleneksel yiyecek, i\u00e7ecek ile yerel \u00fcr\u00fcnlerin yer ald\u0131\u011f\u0131 standlar kuruldu. Standlar\u0131 gezen Cumhurba\u015fkan\u0131 Ersin Tatar, esnaf, [&hellip;]<\/p>\n","protected":false},"author":908,"featured_media":14015,"comment_status":"open","ping_status":"open","sticky":false,"template":"","format":"standard","meta":{"_jetpack_memberships_contains_paid_content":false,"footnotes":"","jetpack_publicize_message":"","jetpack_publicize_feature_enabled":true,"jetpack_social_post_already_shared":true,"jetpack_social_options":{"image_generator_settings":{"template":"highway","default_image_id":0,"font":"","enabled":false},"version":2}},"categories":[253],"tags":[],"class_list":["post-14014","post","type-post","status-publish","format-standard","has-post-thumbnail","hentry","category-gundem"],"jetpack_publicize_connections":[],"jetpack_featured_media_url":"https:\/\/kibrisayna.com\/wp-content\/uploads\/2024\/12\/1734288660810bc73e7c7-d101-4a2e-b9dc-8ca672e1ddbe-1.jpg","jetpack_sharing_enabled":true,"_links":{"self":[{"href":"https:\/\/kibrisayna.com\/index.php\/wp-json\/wp\/v2\/posts\/14014","targetHints":{"allow":["GET"]}}],"collection":[{"href":"https:\/\/kibrisayna.com\/index.php\/wp-json\/wp\/v2\/posts"}],"about":[{"href":"https:\/\/kibrisayna.com\/index.php\/wp-json\/wp\/v2\/types\/post"}],"author":[{"embeddable":true,"href":"https:\/\/kibrisayna.com\/index.php\/wp-json\/wp\/v2\/users\/908"}],"replies":[{"embeddable":true,"href":"https:\/\/kibrisayna.com\/index.php\/wp-json\/wp\/v2\/comments?post=14014"}],"version-history":[{"count":0,"href":"https:\/\/kibrisayna.com\/index.php\/wp-json\/wp\/v2\/posts\/14014\/revisions"}],"wp:featuredmedia":[{"embeddable":true,"href":"https:\/\/kibrisayna.com\/index.php\/wp-json\/wp\/v2\/media\/14015"}],"wp:attachment":[{"href":"https:\/\/kibrisayna.com\/index.php\/wp-json\/wp\/v2\/media?parent=14014"}],"wp:term":[{"taxonomy":"category","embeddable":true,"href":"https:\/\/kibrisayna.com\/index.php\/wp-json\/wp\/v2\/categories?post=14014"},{"taxonomy":"post_tag","embeddable":true,"href":"https:\/\/kibrisayna.com\/index.php\/wp-json\/wp\/v2\/tags?post=14014"}],"curies":[{"name":"wp","href":"https:\/\/api.w.org\/{rel}","templated":true}]}}