{"id":13998,"date":"2024-12-15T20:24:44","date_gmt":"2024-12-15T17:24:44","guid":{"rendered":"https:\/\/kibrisayna.com\/index.php\/2024\/12\/15\/75-yasindaki-kayip-mehmet-gokmen-araniyor-brtk\/"},"modified":"2024-12-15T20:24:44","modified_gmt":"2024-12-15T17:24:44","slug":"75-yasindaki-kayip-mehmet-gokmen-araniyor-brtk","status":"publish","type":"post","link":"https:\/\/kibrisayna.com\/index.php\/2024\/12\/15\/75-yasindaki-kayip-mehmet-gokmen-araniyor-brtk\/","title":{"rendered":"75 ya\u015f\u0131ndaki kay\u0131p Mehmet G\u00f6kmen aran\u0131yor \u2013 BRTK"},"content":{"rendered":"<p> <br \/>\n<\/p>\n<div>\n<div class=\"mariselle-image-container center\">\n                <img loading=\"lazy\" decoding=\"async\" width=\"1920\" height=\"1079\" class=\"lazy-image\" alt=\"\" sizes=\"auto, (max-width: 1920px) 100vw, 1920px\" src=\"https:\/\/brtk.net\/wp-content\/uploads\/2024\/12\/15\/InShot_20241215_192740590.jpg?ver=1233e9d576f6a8b9e3253b77f90c736f\" srcset=\"https:\/\/brtk.net\/wp-content\/uploads\/2024\/12\/15\/InShot_20241215_192740590.jpg?ver=1233e9d576f6a8b9e3253b77f90c736f 1920w, https:\/\/brtk.net\/wp-content\/uploads\/2024\/12\/15\/InShot_20241215_192740590-300x169.jpg?ver=96c2e46f9ac629336adc757a0c6f7425 300w, https:\/\/brtk.net\/wp-content\/uploads\/2024\/12\/15\/InShot_20241215_192740590-1024x575.jpg?ver=6f6d1bdc492b2b4a1a696b5e7a9b33b3 1024w, https:\/\/brtk.net\/wp-content\/uploads\/2024\/12\/15\/InShot_20241215_192740590-768x432.jpg?ver=6f6d1bdc492b2b4a1a696b5e7a9b33b3 768w, https:\/\/brtk.net\/wp-content\/uploads\/2024\/12\/15\/InShot_20241215_192740590-1536x863.jpg?ver=0dc2c7e5d66c477e94ce512465062e25 1536w\"\/>                            <\/div>\n<p>Lefko\u015fa\u2019da bug\u00fcn \u00f6\u011fle saatlerinde kaybolan 75 ya\u015f\u0131ndaki Alzheimer hastas\u0131 Mehmet G\u00f6kmen aran\u0131yor.<\/p>\n<p>Polis Bas\u0131n Subayl\u0131\u011f\u0131, Lefko\u015fa Marmara b\u00f6lgesinde Devpa S\u00fcpermarket civar\u0131nda kaybolan Mehmet G\u00f6kmen\u2019i arama \u00e7al\u0131\u015fmalar\u0131n\u0131n s\u00fcrd\u00fc\u011f\u00fcn\u00fc, g\u00f6renlerin en yak\u0131n polis karakoluna bildirmesini istedi. <\/p>\n<p>Mehmet G\u00f6kmen\u2019in kahverengi kadife pantolon ve siyah ayakkab\u0131, \u00fcsten  fermuarl\u0131 gri renk kapi\u015fonlu k\u0131yafet giydi\u011fi de belirtildi.<\/p>\n<\/p><\/div>\n<p><script async\n                    defer\n                    crossorigin=\"anonymous\"\n                    src=\"https:\/\/connect.facebook.net\/tr_TR\/sdk.js#xfbml=1&#038;version=v3.3\"\n            ><\/script><br \/>\n<br \/><br \/>\n<br \/><a href=\"https:\/\/brtk.net\/75-yasindaki-kayip-mehmet-gokmen-araniyor\/\"> <\/a><\/p>\n","protected":false},"excerpt":{"rendered":"<p>Lefko\u015fa\u2019da bug\u00fcn \u00f6\u011fle saatlerinde kaybolan 75 ya\u015f\u0131ndaki Alzheimer hastas\u0131 Mehmet G\u00f6kmen aran\u0131yor. Polis Bas\u0131n Subayl\u0131\u011f\u0131, Lefko\u015fa Marmara b\u00f6lgesinde Devpa S\u00fcpermarket civar\u0131nda kaybolan Mehmet G\u00f6kmen\u2019i arama \u00e7al\u0131\u015fmalar\u0131n\u0131n s\u00fcrd\u00fc\u011f\u00fcn\u00fc, g\u00f6renlerin en yak\u0131n polis karakoluna bildirmesini istedi. Mehmet G\u00f6kmen\u2019in kahverengi kadife pantolon ve siyah ayakkab\u0131, \u00fcsten fermuarl\u0131 gri renk kapi\u015fonlu k\u0131yafet giydi\u011fi de belirtildi.<\/p>\n","protected":false},"author":908,"featured_media":13999,"comment_status":"open","ping_status":"open","sticky":false,"template":"","format":"standard","meta":{"_jetpack_memberships_contains_paid_content":false,"footnotes":"","jetpack_publicize_message":"","jetpack_publicize_feature_enabled":true,"jetpack_social_post_already_shared":true,"jetpack_social_options":{"image_generator_settings":{"template":"highway","default_image_id":0,"font":"","enabled":false},"version":2}},"categories":[253,19],"tags":[],"class_list":["post-13998","post","type-post","status-publish","format-standard","has-post-thumbnail","hentry","category-gundem","category-manset"],"jetpack_publicize_connections":[],"jetpack_featured_media_url":"https:\/\/kibrisayna.com\/wp-content\/uploads\/2024\/12\/InShot_20241215_192740590.jpg","jetpack_sharing_enabled":true,"_links":{"self":[{"href":"https:\/\/kibrisayna.com\/index.php\/wp-json\/wp\/v2\/posts\/13998","targetHints":{"allow":["GET"]}}],"collection":[{"href":"https:\/\/kibrisayna.com\/index.php\/wp-json\/wp\/v2\/posts"}],"about":[{"href":"https:\/\/kibrisayna.com\/index.php\/wp-json\/wp\/v2\/types\/post"}],"author":[{"embeddable":true,"href":"https:\/\/kibrisayna.com\/index.php\/wp-json\/wp\/v2\/users\/908"}],"replies":[{"embeddable":true,"href":"https:\/\/kibrisayna.com\/index.php\/wp-json\/wp\/v2\/comments?post=13998"}],"version-history":[{"count":0,"href":"https:\/\/kibrisayna.com\/index.php\/wp-json\/wp\/v2\/posts\/13998\/revisions"}],"wp:featuredmedia":[{"embeddable":true,"href":"https:\/\/kibrisayna.com\/index.php\/wp-json\/wp\/v2\/media\/13999"}],"wp:attachment":[{"href":"https:\/\/kibrisayna.com\/index.php\/wp-json\/wp\/v2\/media?parent=13998"}],"wp:term":[{"taxonomy":"category","embeddable":true,"href":"https:\/\/kibrisayna.com\/index.php\/wp-json\/wp\/v2\/categories?post=13998"},{"taxonomy":"post_tag","embeddable":true,"href":"https:\/\/kibrisayna.com\/index.php\/wp-json\/wp\/v2\/tags?post=13998"}],"curies":[{"name":"wp","href":"https:\/\/api.w.org\/{rel}","templated":true}]}}