{"id":13962,"date":"2024-12-15T11:20:37","date_gmt":"2024-12-15T08:20:37","guid":{"rendered":"https:\/\/kibrisayna.com\/index.php\/2024\/12\/15\/21-yuzyil-ve-ortadogu-isimli-panel-gerceklestirildi-brtk\/"},"modified":"2024-12-15T11:20:37","modified_gmt":"2024-12-15T08:20:37","slug":"21-yuzyil-ve-ortadogu-isimli-panel-gerceklestirildi-brtk","status":"publish","type":"post","link":"https:\/\/kibrisayna.com\/index.php\/2024\/12\/15\/21-yuzyil-ve-ortadogu-isimli-panel-gerceklestirildi-brtk\/","title":{"rendered":"\u201821. Y\u00fczy\u0131l ve Ortado\u011fu\u2019 isimli panel ger\u00e7ekle\u015ftirildi \u2013 BRTK"},"content":{"rendered":"<p> <br \/>\n<\/p>\n<div>\n<div class=\"mariselle-image-container center\">\n                <img loading=\"lazy\" decoding=\"async\" width=\"2560\" height=\"1711\" class=\"lazy-image\" alt=\"\" sizes=\"auto, (max-width: 2560px) 100vw, 2560px\" src=\"https:\/\/brtk.net\/wp-content\/uploads\/2024\/12\/15\/okyo-scaled.jpg?ver=e2a56372667aaea5f0c7d329f9a7fd8e\" srcset=\"https:\/\/brtk.net\/wp-content\/uploads\/2024\/12\/15\/okyo-scaled.jpg?ver=e2a56372667aaea5f0c7d329f9a7fd8e 2560w, https:\/\/brtk.net\/wp-content\/uploads\/2024\/12\/15\/okyo-300x201.jpg?ver=e2a56372667aaea5f0c7d329f9a7fd8e 300w, https:\/\/brtk.net\/wp-content\/uploads\/2024\/12\/15\/okyo-1024x684.jpg?ver=e2a56372667aaea5f0c7d329f9a7fd8e 1024w, https:\/\/brtk.net\/wp-content\/uploads\/2024\/12\/15\/okyo-768x513.jpg?ver=2f44a7628bcc4ef61b3ba1ae2582abd8 768w, https:\/\/brtk.net\/wp-content\/uploads\/2024\/12\/15\/okyo-1536x1027.jpg?ver=23a0c891a97fac5565757b879ae75a5d 1536w, https:\/\/brtk.net\/wp-content\/uploads\/2024\/12\/15\/okyo-2048x1369.jpg?ver=361fd0881225cd60fa5a1e77ebc33683 2048w\"\/>                            <\/div>\n<p> Girne Belediyesi ve Girne D\u00fc\u015f\u00fcnce Derne\u011fi i\u015fbirli\u011finde, Gazeteci Yazar Mehmet Altan\u2019\u0131n konu\u015fmac\u0131 olarak kat\u0131ld\u0131\u011f\u0131 \u201821. Y\u00fczy\u0131l ve Ortado\u011fu\u2019 isimli panel d\u00fczenlendi.<\/p>\n<p>Belediyeden verilen bilgiye g\u00f6re, H\u00fcseyin T\u00fcccar\u2019\u0131n moderat\u00f6rl\u00fc\u011f\u00fcn\u00fc \u00fcstlendi\u011fi panel, d\u00fcn saat 18.00\u2019de Girne Belediyesi Oda Tiyatrosu\u2019nda ger\u00e7ekle\u015fti.<\/p>\n<p>Yakla\u015f\u0131k 1.5 saat s\u00fcren panelde \u2018Ortado\u011fu\u2019nun tarihsel s\u00fcreci\u2019, \u2018Ortado\u011fu\u2019daki g\u00fcncel durum\u2019, \u2018Ortado\u011fu\u2019da ya\u015fan\u0131lanlar\u0131n \u00e7evre \u00fclkelere ve K\u0131br\u0131s\u2019a etkileri\u2019, \u2018Ortado\u011fu\u2019da ya\u015fan\u0131lanlara etken olan akt\u00f6rler ve fakt\u00f6rler\u2019 gibi konu ba\u015fl\u0131klar\u0131n\u0131n yan\u0131 s\u0131ra \u2018K\u0131br\u0131s ve K\u0131br\u0131s\u2019ta s\u00fcregelen politik s\u00fcre\u00e7ler\u2019 de ele al\u0131nd\u0131.<\/p>\n<\/p><\/div>\n<p><script async\n                    defer\n                    crossorigin=\"anonymous\"\n                    src=\"https:\/\/connect.facebook.net\/tr_TR\/sdk.js#xfbml=1&#038;version=v3.3\"\n            ><\/script><br \/>\n<br \/><br \/>\n<br \/><a href=\"https:\/\/brtk.net\/21-yuzyil-ve-ortadogu-isimli-panel-gerceklestirildi\/\">Kaynak BRT <\/a><\/p>\n","protected":false},"excerpt":{"rendered":"<p>Girne Belediyesi ve Girne D\u00fc\u015f\u00fcnce Derne\u011fi i\u015fbirli\u011finde, Gazeteci Yazar Mehmet Altan\u2019\u0131n konu\u015fmac\u0131 olarak kat\u0131ld\u0131\u011f\u0131 \u201821. Y\u00fczy\u0131l ve Ortado\u011fu\u2019 isimli panel d\u00fczenlendi. Belediyeden verilen bilgiye g\u00f6re, H\u00fcseyin T\u00fcccar\u2019\u0131n moderat\u00f6rl\u00fc\u011f\u00fcn\u00fc \u00fcstlendi\u011fi panel, d\u00fcn saat 18.00\u2019de Girne Belediyesi Oda Tiyatrosu\u2019nda ger\u00e7ekle\u015fti. Yakla\u015f\u0131k 1.5 saat s\u00fcren panelde \u2018Ortado\u011fu\u2019nun tarihsel s\u00fcreci\u2019, \u2018Ortado\u011fu\u2019daki g\u00fcncel durum\u2019, \u2018Ortado\u011fu\u2019da ya\u015fan\u0131lanlar\u0131n \u00e7evre \u00fclkelere ve K\u0131br\u0131s\u2019a [&hellip;]<\/p>\n","protected":false},"author":908,"featured_media":13963,"comment_status":"open","ping_status":"open","sticky":false,"template":"","format":"standard","meta":{"_jetpack_memberships_contains_paid_content":false,"footnotes":"","jetpack_publicize_message":"","jetpack_publicize_feature_enabled":true,"jetpack_social_post_already_shared":true,"jetpack_social_options":{"image_generator_settings":{"template":"highway","default_image_id":0,"font":"","enabled":false},"version":2}},"categories":[253],"tags":[],"class_list":["post-13962","post","type-post","status-publish","format-standard","has-post-thumbnail","hentry","category-gundem"],"jetpack_publicize_connections":[],"jetpack_featured_media_url":"https:\/\/kibrisayna.com\/wp-content\/uploads\/2024\/12\/okyo-scaled.jpg","jetpack_sharing_enabled":true,"_links":{"self":[{"href":"https:\/\/kibrisayna.com\/index.php\/wp-json\/wp\/v2\/posts\/13962","targetHints":{"allow":["GET"]}}],"collection":[{"href":"https:\/\/kibrisayna.com\/index.php\/wp-json\/wp\/v2\/posts"}],"about":[{"href":"https:\/\/kibrisayna.com\/index.php\/wp-json\/wp\/v2\/types\/post"}],"author":[{"embeddable":true,"href":"https:\/\/kibrisayna.com\/index.php\/wp-json\/wp\/v2\/users\/908"}],"replies":[{"embeddable":true,"href":"https:\/\/kibrisayna.com\/index.php\/wp-json\/wp\/v2\/comments?post=13962"}],"version-history":[{"count":0,"href":"https:\/\/kibrisayna.com\/index.php\/wp-json\/wp\/v2\/posts\/13962\/revisions"}],"wp:featuredmedia":[{"embeddable":true,"href":"https:\/\/kibrisayna.com\/index.php\/wp-json\/wp\/v2\/media\/13963"}],"wp:attachment":[{"href":"https:\/\/kibrisayna.com\/index.php\/wp-json\/wp\/v2\/media?parent=13962"}],"wp:term":[{"taxonomy":"category","embeddable":true,"href":"https:\/\/kibrisayna.com\/index.php\/wp-json\/wp\/v2\/categories?post=13962"},{"taxonomy":"post_tag","embeddable":true,"href":"https:\/\/kibrisayna.com\/index.php\/wp-json\/wp\/v2\/tags?post=13962"}],"curies":[{"name":"wp","href":"https:\/\/api.w.org\/{rel}","templated":true}]}}