{"id":13960,"date":"2024-12-15T11:15:05","date_gmt":"2024-12-15T08:15:05","guid":{"rendered":"https:\/\/kibrisayna.com\/index.php\/2024\/12\/15\/cumhurbaskani-tatarsampiyon-meleklerimizi-her-zaman-kalbimizin-en-mustesna-yerinde-yasatacagiz-brtk\/"},"modified":"2024-12-15T11:15:05","modified_gmt":"2024-12-15T08:15:05","slug":"cumhurbaskani-tatarsampiyon-meleklerimizi-her-zaman-kalbimizin-en-mustesna-yerinde-yasatacagiz-brtk","status":"publish","type":"post","link":"https:\/\/kibrisayna.com\/index.php\/2024\/12\/15\/cumhurbaskani-tatarsampiyon-meleklerimizi-her-zaman-kalbimizin-en-mustesna-yerinde-yasatacagiz-brtk\/","title":{"rendered":"Cumhurba\u015fkan\u0131 Tatar:\u015eampiyon Meleklerimizi her zaman kalbimizin en m\u00fcstesna yerinde ya\u015fataca\u011f\u0131z. \u2013 BRTK"},"content":{"rendered":"<p> <br \/>\n<\/p>\n<div>\n<div class=\"mariselle-image-container center\">\n                <img loading=\"lazy\" decoding=\"async\" width=\"768\" height=\"402\" class=\"lazy-image\" alt=\"\" sizes=\"auto, (max-width: 768px) 100vw, 768px\" src=\"https:\/\/brtk.net\/wp-content\/uploads\/2024\/12\/15\/pkjgk.jpg?ver=59cb9f51c63b4a0d0425aadcbb2908f3\" srcset=\"https:\/\/brtk.net\/wp-content\/uploads\/2024\/12\/15\/pkjgk.jpg?ver=59cb9f51c63b4a0d0425aadcbb2908f3 768w, https:\/\/brtk.net\/wp-content\/uploads\/2024\/12\/15\/pkjgk-300x157.jpg?ver=899fd54e09b113d84a6417fde7656351 300w, https:\/\/brtk.net\/wp-content\/uploads\/2024\/12\/15\/pkjgk-736x384.jpg?ver=899fd54e09b113d84a6417fde7656351 736w\"\/>                            <\/div>\n<p>Cumhurba\u015fkan\u0131 Ersin Tatar, Ge\u00e7itkale \u2013 Serdarl\u0131 Belediyesi taraf\u0131ndan, Ge\u00e7itkale\u2019de yenilenerek, \u015eampiyon Melekler Tak\u0131m\u0131\u2019ndan Aras Aktu\u011fral\u0131\u2019n\u0131n ad\u0131 verilen \u201cMelekler Tak\u0131m\u0131 Aras Aktu\u011fral\u0131 \u00c7ocuk Park\u0131\u201dn\u0131n a\u00e7\u0131l\u0131\u015f t\u00f6renine kat\u0131ld\u0131.<\/p>\n<p>Cumhurba\u015fkanl\u0131\u011f\u0131\u2019ndan verilen bilgiye g\u00f6re Tatar a\u00e7\u0131l\u0131\u015fta yapt\u0131\u011f\u0131 konu\u015fmada, bu organizasyonda bulunmaktan duydu\u011fu memnuniyeti ifade ederek, yap\u0131lan\u0131n \u00e7ok anlaml\u0131 oldu\u011funu kaydetti. Tatar park\u0131n hayata ge\u00e7mesinde  eme\u011fi olan Serdarl\u0131-Ge\u00e7itkale Belediye Ba\u015fkan\u0131 Halil Kas\u0131m ile  ekibine te\u015fekk\u00fcr etti.<\/p>\n<p>Cumhurba\u015fkan\u0131 Ersin Tatar, \u0130sisas davas\u0131n\u0131n ortak bir dava oldu\u011funu, bu m\u00fccadelede bir ve beraber olduklar\u0131n\u0131 vurgulad\u0131 ve \u015eampiyon Meleklerinin unutulmayaca\u011f\u0131n\u0131,  isimlerinin her zaman ya\u015fat\u0131laca\u011f\u0131m\u0131 kaydetti. Aileler ile m\u00fccadele devam edeceklerini ifade eden Cumhurba\u015fkan\u0131 Tatar, K\u0131br\u0131s T\u00fcrk halk\u0131 olarak ac\u0131lar\u0131n\u0131n b\u00fcy\u00fck oldu\u011funun alt\u0131n\u0131 \u00e7izdi.<\/p>\n<p>G\u00f6sterilen sab\u0131r ve metanetten dolay\u0131 te\u015fekk\u00fcr eden Cumhurba\u015fkan\u0131 Tatar, ailelerin yaln\u0131z olmad\u0131\u011f\u0131n\u0131 vurgulad\u0131.<\/p>\n<p>Cumhurba\u015fkan\u0131 Tatar, ortak dava olan \u0130saias Davas\u0131\u2019n\u0131n istenilen \u015fekilde seyretmesinin ve adaletin yerini bulmas\u0131n\u0131n en b\u00fcy\u00fck temennisi oldu\u011funu kaydetti.<\/p>\n<p>Cumhurba\u015fkan\u0131 Tatar, \u201cK\u0131br\u0131s T\u00fcrk\u00fc, asr\u0131n felaketi olarak adland\u0131r\u0131lan  bu ac\u0131y\u0131 y\u00fcreklerinde ta\u015f\u0131rken, her t\u00fcrl\u00fc ambargoya ra\u011fmen, Kuzey K\u0131br\u0131s T\u00fcrk Cumhuriyeti\u2019ni temsil etmek amac\u0131yla Ad\u0131yaman\u2019da olan  \u015eampiyon Meleklerimizin orada \u015fehit oldular\u2026 \u015eampiyon Meleklerimizi her zaman kalbimizin en m\u00fcstesna yerinde ya\u015fataca\u011f\u0131z. Depremde hayat\u0131n\u0131 kaybedenlere bir kez daha Allah\u2019tan rahmet, ailelerine sab\u0131r, T\u00fcrk milletine ise ba\u015fsa\u011fl\u0131\u011f\u0131 diliyorum\u201d dedi.<\/p>\n<\/p><\/div>\n<p><script async\n                    defer\n                    crossorigin=\"anonymous\"\n                    src=\"https:\/\/connect.facebook.net\/tr_TR\/sdk.js#xfbml=1&#038;version=v3.3\"\n            ><\/script><br \/>\n<br \/><br \/>\n<br \/><a href=\"https:\/\/brtk.net\/cumhurbaskani-tatarsampiyon-meleklerimizi-her-zaman-kalbimizin-en-mustesna-yerinde-yasatacagiz\/\">Kaynak BRT <\/a><\/p>\n","protected":false},"excerpt":{"rendered":"<p>Cumhurba\u015fkan\u0131 Ersin Tatar, Ge\u00e7itkale \u2013 Serdarl\u0131 Belediyesi taraf\u0131ndan, Ge\u00e7itkale\u2019de yenilenerek, \u015eampiyon Melekler Tak\u0131m\u0131\u2019ndan Aras Aktu\u011fral\u0131\u2019n\u0131n ad\u0131 verilen \u201cMelekler Tak\u0131m\u0131 Aras Aktu\u011fral\u0131 \u00c7ocuk Park\u0131\u201dn\u0131n a\u00e7\u0131l\u0131\u015f t\u00f6renine kat\u0131ld\u0131. Cumhurba\u015fkanl\u0131\u011f\u0131\u2019ndan verilen bilgiye g\u00f6re Tatar a\u00e7\u0131l\u0131\u015fta yapt\u0131\u011f\u0131 konu\u015fmada, bu organizasyonda bulunmaktan duydu\u011fu memnuniyeti ifade ederek, yap\u0131lan\u0131n \u00e7ok anlaml\u0131 oldu\u011funu kaydetti. Tatar park\u0131n hayata ge\u00e7mesinde eme\u011fi olan Serdarl\u0131-Ge\u00e7itkale Belediye Ba\u015fkan\u0131 [&hellip;]<\/p>\n","protected":false},"author":908,"featured_media":13961,"comment_status":"open","ping_status":"open","sticky":false,"template":"","format":"standard","meta":{"_jetpack_memberships_contains_paid_content":false,"footnotes":"","jetpack_publicize_message":"","jetpack_publicize_feature_enabled":true,"jetpack_social_post_already_shared":true,"jetpack_social_options":{"image_generator_settings":{"template":"highway","default_image_id":0,"font":"","enabled":false},"version":2}},"categories":[253],"tags":[],"class_list":["post-13960","post","type-post","status-publish","format-standard","has-post-thumbnail","hentry","category-gundem"],"jetpack_publicize_connections":[],"jetpack_featured_media_url":"https:\/\/kibrisayna.com\/wp-content\/uploads\/2024\/12\/pkjgk.jpg","jetpack_sharing_enabled":true,"_links":{"self":[{"href":"https:\/\/kibrisayna.com\/index.php\/wp-json\/wp\/v2\/posts\/13960","targetHints":{"allow":["GET"]}}],"collection":[{"href":"https:\/\/kibrisayna.com\/index.php\/wp-json\/wp\/v2\/posts"}],"about":[{"href":"https:\/\/kibrisayna.com\/index.php\/wp-json\/wp\/v2\/types\/post"}],"author":[{"embeddable":true,"href":"https:\/\/kibrisayna.com\/index.php\/wp-json\/wp\/v2\/users\/908"}],"replies":[{"embeddable":true,"href":"https:\/\/kibrisayna.com\/index.php\/wp-json\/wp\/v2\/comments?post=13960"}],"version-history":[{"count":0,"href":"https:\/\/kibrisayna.com\/index.php\/wp-json\/wp\/v2\/posts\/13960\/revisions"}],"wp:featuredmedia":[{"embeddable":true,"href":"https:\/\/kibrisayna.com\/index.php\/wp-json\/wp\/v2\/media\/13961"}],"wp:attachment":[{"href":"https:\/\/kibrisayna.com\/index.php\/wp-json\/wp\/v2\/media?parent=13960"}],"wp:term":[{"taxonomy":"category","embeddable":true,"href":"https:\/\/kibrisayna.com\/index.php\/wp-json\/wp\/v2\/categories?post=13960"},{"taxonomy":"post_tag","embeddable":true,"href":"https:\/\/kibrisayna.com\/index.php\/wp-json\/wp\/v2\/tags?post=13960"}],"curies":[{"name":"wp","href":"https:\/\/api.w.org\/{rel}","templated":true}]}}