{"id":13940,"date":"2024-12-14T19:53:15","date_gmt":"2024-12-14T16:53:15","guid":{"rendered":"https:\/\/kibrisayna.com\/index.php\/2024\/12\/14\/sobayi-yakmak-icin-kullanilan-benzin-yangina-neden-oldu-brtk\/"},"modified":"2024-12-14T19:53:15","modified_gmt":"2024-12-14T16:53:15","slug":"sobayi-yakmak-icin-kullanilan-benzin-yangina-neden-oldu-brtk","status":"publish","type":"post","link":"https:\/\/kibrisayna.com\/index.php\/2024\/12\/14\/sobayi-yakmak-icin-kullanilan-benzin-yangina-neden-oldu-brtk\/","title":{"rendered":"Sobay\u0131 yakmak i\u00e7in kullan\u0131lan benzin yang\u0131na neden oldu \u2013 BRTK"},"content":{"rendered":"<p> <br \/>\n<\/p>\n<div>\n<div class=\"mariselle-image-container center\">\n                <img loading=\"lazy\" decoding=\"async\" width=\"1200\" height=\"700\" class=\"lazy-image\" alt=\"\" sizes=\"auto, (max-width: 1200px) 100vw, 1200px\" src=\"https:\/\/brtk.net\/wp-content\/uploads\/2023\/01\/25\/yangin-5454.jpg?ver=9b5360a574bb2e87caccd378d1db7a7f\" srcset=\"https:\/\/brtk.net\/wp-content\/uploads\/2023\/01\/25\/yangin-5454.jpg?ver=9b5360a574bb2e87caccd378d1db7a7f 1200w, https:\/\/brtk.net\/wp-content\/uploads\/2023\/01\/25\/yangin-5454-300x175.jpg?ver=9b5360a574bb2e87caccd378d1db7a7f 300w, https:\/\/brtk.net\/wp-content\/uploads\/2023\/01\/25\/yangin-5454-1024x597.jpg?ver=9b5360a574bb2e87caccd378d1db7a7f 1024w, https:\/\/brtk.net\/wp-content\/uploads\/2023\/01\/25\/yangin-5454-768x448.jpg?ver=2fd11c7bf27f3ba7a0f4bb2e76aa9792 768w, https:\/\/brtk.net\/wp-content\/uploads\/2023\/01\/25\/yangin-5454-379x222.jpg?ver=445ec8457b1f1829cb5ff6d1c01596ea 379w\"\/>                            <\/div>\n<p>Gazima\u011fusa\u2019da odun sobas\u0131n\u0131 yakmak i\u00e7in kullan\u0131lan benzin yang\u0131na neden oldu.<\/p>\n<p>Polisin verdi\u011fi bilgiye g\u00f6re, d\u00fcn \u00f6\u011fleden sonra \u00c7anakkale G\u00f6leti b\u00f6lgesinde bir \u015fahsa ait bah\u00e7e evinde muhtemelen odun sobas\u0131n\u0131 yakmak i\u00e7in kullan\u0131lan benzin aniden alevlendi.<\/p>\n<p>Ev sakini taraf\u0131ndan s\u00f6nd\u00fcr\u00fclen yang\u0131n maddi hasara neden oldu.<\/p>\n<\/p><\/div>\n<p><script async\n                    defer\n                    crossorigin=\"anonymous\"\n                    src=\"https:\/\/connect.facebook.net\/tr_TR\/sdk.js#xfbml=1&#038;version=v3.3\"\n            ><\/script><br \/>\n<br \/><br \/>\n<br \/><a href=\"https:\/\/brtk.net\/sobayi-yakmak-icin-kullanilan-benzin-yangina-neden-oldu\/\"> <\/a><\/p>\n","protected":false},"excerpt":{"rendered":"<p>Gazima\u011fusa\u2019da odun sobas\u0131n\u0131 yakmak i\u00e7in kullan\u0131lan benzin yang\u0131na neden oldu. Polisin verdi\u011fi bilgiye g\u00f6re, d\u00fcn \u00f6\u011fleden sonra \u00c7anakkale G\u00f6leti b\u00f6lgesinde bir \u015fahsa ait bah\u00e7e evinde muhtemelen odun sobas\u0131n\u0131 yakmak i\u00e7in kullan\u0131lan benzin aniden alevlendi. Ev sakini taraf\u0131ndan s\u00f6nd\u00fcr\u00fclen yang\u0131n maddi hasara neden oldu.<\/p>\n","protected":false},"author":908,"featured_media":1585,"comment_status":"open","ping_status":"open","sticky":false,"template":"","format":"standard","meta":{"_jetpack_memberships_contains_paid_content":false,"footnotes":"","jetpack_publicize_message":"","jetpack_publicize_feature_enabled":true,"jetpack_social_post_already_shared":true,"jetpack_social_options":{"image_generator_settings":{"template":"highway","default_image_id":0,"font":"","enabled":false},"version":2}},"categories":[253,19],"tags":[],"class_list":["post-13940","post","type-post","status-publish","format-standard","has-post-thumbnail","hentry","category-gundem","category-manset"],"jetpack_publicize_connections":[],"jetpack_featured_media_url":"https:\/\/kibrisayna.com\/wp-content\/uploads\/2024\/08\/yangin-5454.jpg","jetpack_sharing_enabled":true,"_links":{"self":[{"href":"https:\/\/kibrisayna.com\/index.php\/wp-json\/wp\/v2\/posts\/13940","targetHints":{"allow":["GET"]}}],"collection":[{"href":"https:\/\/kibrisayna.com\/index.php\/wp-json\/wp\/v2\/posts"}],"about":[{"href":"https:\/\/kibrisayna.com\/index.php\/wp-json\/wp\/v2\/types\/post"}],"author":[{"embeddable":true,"href":"https:\/\/kibrisayna.com\/index.php\/wp-json\/wp\/v2\/users\/908"}],"replies":[{"embeddable":true,"href":"https:\/\/kibrisayna.com\/index.php\/wp-json\/wp\/v2\/comments?post=13940"}],"version-history":[{"count":0,"href":"https:\/\/kibrisayna.com\/index.php\/wp-json\/wp\/v2\/posts\/13940\/revisions"}],"wp:featuredmedia":[{"embeddable":true,"href":"https:\/\/kibrisayna.com\/index.php\/wp-json\/wp\/v2\/media\/1585"}],"wp:attachment":[{"href":"https:\/\/kibrisayna.com\/index.php\/wp-json\/wp\/v2\/media?parent=13940"}],"wp:term":[{"taxonomy":"category","embeddable":true,"href":"https:\/\/kibrisayna.com\/index.php\/wp-json\/wp\/v2\/categories?post=13940"},{"taxonomy":"post_tag","embeddable":true,"href":"https:\/\/kibrisayna.com\/index.php\/wp-json\/wp\/v2\/tags?post=13940"}],"curies":[{"name":"wp","href":"https:\/\/api.w.org\/{rel}","templated":true}]}}