{"id":13869,"date":"2024-12-13T20:44:11","date_gmt":"2024-12-13T17:44:11","guid":{"rendered":"https:\/\/kibrisayna.com\/index.php\/2024\/12\/13\/ekonomi-ve-enerji-bakanligi-butcesi-gorusuluyor-brtk\/"},"modified":"2024-12-13T20:44:11","modified_gmt":"2024-12-13T17:44:11","slug":"ekonomi-ve-enerji-bakanligi-butcesi-gorusuluyor-brtk","status":"publish","type":"post","link":"https:\/\/kibrisayna.com\/index.php\/2024\/12\/13\/ekonomi-ve-enerji-bakanligi-butcesi-gorusuluyor-brtk\/","title":{"rendered":"Ekonomi ve Enerji Bakanl\u0131\u011f\u0131 b\u00fct\u00e7esi g\u00f6r\u00fc\u015f\u00fcl\u00fcyor\u2026 \u2013 BRTK"},"content":{"rendered":"<p> <br \/>\n<\/p>\n<div>\n<div class=\"mariselle-image-container center\">\n                <img loading=\"lazy\" decoding=\"async\" width=\"1600\" height=\"1066\" class=\"lazy-image\" alt=\"\" sizes=\"auto, (max-width: 1600px) 100vw, 1600px\" src=\"https:\/\/brtk.net\/wp-content\/uploads\/2024\/12\/13\/1734107271278MECLIS-BUTCE-GORUSMELERI.jpg?ver=c37d44cbbafa3c7e5f2c175f79c9c40c\" srcset=\"https:\/\/brtk.net\/wp-content\/uploads\/2024\/12\/13\/1734107271278MECLIS-BUTCE-GORUSMELERI.jpg?ver=c37d44cbbafa3c7e5f2c175f79c9c40c 1600w, https:\/\/brtk.net\/wp-content\/uploads\/2024\/12\/13\/1734107271278MECLIS-BUTCE-GORUSMELERI-300x200.jpg?ver=c37d44cbbafa3c7e5f2c175f79c9c40c 300w, https:\/\/brtk.net\/wp-content\/uploads\/2024\/12\/13\/1734107271278MECLIS-BUTCE-GORUSMELERI-1024x682.jpg?ver=be1337602dce4df04cf5bb7cf4d871d2 1024w, https:\/\/brtk.net\/wp-content\/uploads\/2024\/12\/13\/1734107271278MECLIS-BUTCE-GORUSMELERI-768x512.jpg?ver=be1337602dce4df04cf5bb7cf4d871d2 768w, https:\/\/brtk.net\/wp-content\/uploads\/2024\/12\/13\/1734107271278MECLIS-BUTCE-GORUSMELERI-1536x1023.jpg?ver=4d1d6d9394afb10b717422d0f94a44cf 1536w\"\/>                            <\/div>\n<p>CTP Milletvekili Sami \u00d6zuslu, Ekonomi ve Enerji Bakanl\u0131\u011f\u0131 b\u00fct\u00e7esiyle ilgili konu\u015fmas\u0131nda,\u00a0serbest rekabetin kurals\u0131z olmad\u0131\u011f\u0131n\u0131 ifade ederek, konunun medya boyutuna de\u011findi.<\/p>\n<p>Ekonomi ve Enerji Bakanl\u0131\u011f\u0131\u2019n\u0131n 419 milyon 967 bin TL\u2019lik b\u00fct\u00e7esi Cumhuriyet Meclisi Genel Kurulu\u2019nda g\u00f6r\u00fc\u015f\u00fcl\u00fcyor.<\/p>\n<p>K\u0131br\u0131s T\u00fcrk medyas\u0131n\u0131n \u00e7ok ihmal edildi\u011fini ve \u00e7ok k\u00f6t\u00fc durumda oldu\u011funu kaydeden \u00d6zuslu, baz\u0131 yay\u0131n kurulu\u015flar\u0131n\u0131n, b\u00fcy\u00fck holdinglerin alt kurulu\u015flar\u0131 haline geldi\u011fini s\u00f6yledi. \u00d6zuslu, \u201cBile bile K\u0131br\u0131s T\u00fcrk medyas\u0131 kurda ku\u015fa yem edildi. Ayakta kalanlar\u0131n da hali ger\u00e7ekten peri\u015fand\u0131r\u201d dedi.<\/p>\n<p>Medyan\u0131n bir toplumun belle\u011fi oldu\u011funu belirten \u00d6zuslu, bunu koruman\u0131n devletlerin, h\u00fck\u00fcmetlerin sorumlulu\u011funda oldu\u011funu kaydetti. \u00d6zuslu, Rekabet Kurulu ve ekonomiyle ilgili di\u011fer enstr\u00fcmanlar\u0131 kullanarak, bu konuya bak\u0131lmas\u0131 gerekti\u011fini ifade etti.<\/p>\n<p>G\u00fcncel verilere g\u00f6re, en b\u00fcy\u00fck ticaretin T\u00fcrkiye ile yap\u0131ld\u0131\u011f\u0131n\u0131 i\u015faret eden Sami \u00d6zuslu, \u201cBiz bu \u00fcr\u00fcnlerin tan\u0131t\u0131m\u0131n\u0131, reklam\u0131n\u0131 maalesef T\u00fcrkiye medyas\u0131ndan, televizyonlar\u0131ndan, dijital platformlar\u0131ndan g\u00f6r\u00fcyoruz. K\u0131br\u0131s T\u00fcrk medyas\u0131na ya\u015fat\u0131lan bu haks\u0131z rekabet sadece medyan\u0131n ya\u015fad\u0131\u011f\u0131 bir haks\u0131z rekabet de\u011fildir\u201d diye konu\u015ftu.<\/p>\n<p>T\u00fcrkiye medyas\u0131n\u0131n devasa bir okyanus gibi oldu\u011funu ifade eden \u00d6zuslu, \u201cBizim toplam ihracat\u0131m\u0131z 4.7 milyar TL, T\u00fcrkiye medyas\u0131n\u0131n reklam piyasas\u0131 200 milyar TL civar\u0131ndad\u0131r\u201d dedi. \u00d6zuslu, bu konunun T\u00fcrkiye Cumhuriyeti ile konu\u015fulabilece\u011fini s\u00f6yledi.<\/p>\n<p>\u00d6zuslu, K\u0131br\u0131s T\u00fcrk medyas\u0131na harcanmak ko\u015fuluyla yerli sanayi, tar\u0131m \u00fcr\u00fcnlerine, firma veya kooperatiflere tan\u0131t\u0131m ve reklam deste\u011fi sa\u011flanmas\u0131n\u0131 talep ederek, bu konuda \u00e7al\u0131\u015fma yap\u0131lmas\u0131 \u00e7a\u011fr\u0131s\u0131nda bulundu.<\/p>\n<p>Hem T\u00fcrk firmalar\u0131n\u0131n daha fazla buraya reklam kayna\u011f\u0131 ay\u0131rmas\u0131 hem de reklam deste\u011finin sa\u011flanmas\u0131n\u0131n son derece \u00f6nemli olaca\u011f\u0131n\u0131 ifade eden \u00d6zuslu, bu konuda her t\u00fcrl\u00fc katk\u0131y\u0131 vermeye haz\u0131r olduklar\u0131n\u0131 kaydetti.<\/p>\n<p>\u00d6zuslu\u2019nun ard\u0131ndan konu\u015fmalar\u0131 yan\u0131tlamak \u00fczere Ekonomi ve Enerji Bakan\u0131 Olgun Amcao\u011flu s\u00f6z ald\u0131.<\/p>\n<\/p><\/div>\n<p><script async\n                    defer\n                    crossorigin=\"anonymous\"\n                    src=\"https:\/\/connect.facebook.net\/tr_TR\/sdk.js#xfbml=1&#038;version=v3.3\"\n            ><\/script><br \/>\n<br \/><br \/>\n<br \/><a href=\"https:\/\/brtk.net\/ekonomi-ve-enerji-bakanligi-butcesi-gorusuluyor\/\">Kaynak BRT <\/a><\/p>\n","protected":false},"excerpt":{"rendered":"<p>CTP Milletvekili Sami \u00d6zuslu, Ekonomi ve Enerji Bakanl\u0131\u011f\u0131 b\u00fct\u00e7esiyle ilgili konu\u015fmas\u0131nda,\u00a0serbest rekabetin kurals\u0131z olmad\u0131\u011f\u0131n\u0131 ifade ederek, konunun medya boyutuna de\u011findi. Ekonomi ve Enerji Bakanl\u0131\u011f\u0131\u2019n\u0131n 419 milyon 967 bin TL\u2019lik b\u00fct\u00e7esi Cumhuriyet Meclisi Genel Kurulu\u2019nda g\u00f6r\u00fc\u015f\u00fcl\u00fcyor. K\u0131br\u0131s T\u00fcrk medyas\u0131n\u0131n \u00e7ok ihmal edildi\u011fini ve \u00e7ok k\u00f6t\u00fc durumda oldu\u011funu kaydeden \u00d6zuslu, baz\u0131 yay\u0131n kurulu\u015flar\u0131n\u0131n, b\u00fcy\u00fck holdinglerin alt kurulu\u015flar\u0131 [&hellip;]<\/p>\n","protected":false},"author":908,"featured_media":13870,"comment_status":"open","ping_status":"open","sticky":false,"template":"","format":"standard","meta":{"_jetpack_memberships_contains_paid_content":false,"footnotes":"","jetpack_publicize_message":"","jetpack_publicize_feature_enabled":true,"jetpack_social_post_already_shared":true,"jetpack_social_options":{"image_generator_settings":{"template":"highway","default_image_id":0,"font":"","enabled":false},"version":2}},"categories":[253],"tags":[],"class_list":["post-13869","post","type-post","status-publish","format-standard","has-post-thumbnail","hentry","category-gundem"],"jetpack_publicize_connections":[],"jetpack_featured_media_url":"https:\/\/kibrisayna.com\/wp-content\/uploads\/2024\/12\/1734107271278MECLIS-BUTCE-GORUSMELERI.jpg","jetpack_sharing_enabled":true,"_links":{"self":[{"href":"https:\/\/kibrisayna.com\/index.php\/wp-json\/wp\/v2\/posts\/13869","targetHints":{"allow":["GET"]}}],"collection":[{"href":"https:\/\/kibrisayna.com\/index.php\/wp-json\/wp\/v2\/posts"}],"about":[{"href":"https:\/\/kibrisayna.com\/index.php\/wp-json\/wp\/v2\/types\/post"}],"author":[{"embeddable":true,"href":"https:\/\/kibrisayna.com\/index.php\/wp-json\/wp\/v2\/users\/908"}],"replies":[{"embeddable":true,"href":"https:\/\/kibrisayna.com\/index.php\/wp-json\/wp\/v2\/comments?post=13869"}],"version-history":[{"count":0,"href":"https:\/\/kibrisayna.com\/index.php\/wp-json\/wp\/v2\/posts\/13869\/revisions"}],"wp:featuredmedia":[{"embeddable":true,"href":"https:\/\/kibrisayna.com\/index.php\/wp-json\/wp\/v2\/media\/13870"}],"wp:attachment":[{"href":"https:\/\/kibrisayna.com\/index.php\/wp-json\/wp\/v2\/media?parent=13869"}],"wp:term":[{"taxonomy":"category","embeddable":true,"href":"https:\/\/kibrisayna.com\/index.php\/wp-json\/wp\/v2\/categories?post=13869"},{"taxonomy":"post_tag","embeddable":true,"href":"https:\/\/kibrisayna.com\/index.php\/wp-json\/wp\/v2\/tags?post=13869"}],"curies":[{"name":"wp","href":"https:\/\/api.w.org\/{rel}","templated":true}]}}