{"id":13841,"date":"2024-12-13T16:15:38","date_gmt":"2024-12-13T13:15:38","guid":{"rendered":"https:\/\/kibrisayna.com\/index.php\/2024\/12\/13\/dau-daum-deprem-risklerine-karsi-tedbirler-alinmasi-gerektigini-belirtti-brtk\/"},"modified":"2024-12-13T16:15:38","modified_gmt":"2024-12-13T13:15:38","slug":"dau-daum-deprem-risklerine-karsi-tedbirler-alinmasi-gerektigini-belirtti-brtk","status":"publish","type":"post","link":"https:\/\/kibrisayna.com\/index.php\/2024\/12\/13\/dau-daum-deprem-risklerine-karsi-tedbirler-alinmasi-gerektigini-belirtti-brtk\/","title":{"rendered":"DA\u00dc DAUM deprem risklerine kar\u015f\u0131 tedbirler al\u0131nmas\u0131 gerekti\u011fini belirtti \u2013 BRTK"},"content":{"rendered":"<p> <br \/>\n<\/p>\n<div>\n<div class=\"mariselle-image-container center\">\n                <img loading=\"lazy\" decoding=\"async\" width=\"713\" height=\"291\" class=\"lazy-image\" alt=\"\" sizes=\"auto, (max-width: 713px) 100vw, 713px\" src=\"https:\/\/brtk.net\/wp-content\/uploads\/2024\/12\/13\/1734090270772Ekran-goruntusu-2024-12-13-134145.png?ver=14eab3b8a5e9e34cdeec827f33b37f7e\" srcset=\"https:\/\/brtk.net\/wp-content\/uploads\/2024\/12\/13\/1734090270772Ekran-goruntusu-2024-12-13-134145.png?ver=14eab3b8a5e9e34cdeec827f33b37f7e 713w, https:\/\/brtk.net\/wp-content\/uploads\/2024\/12\/13\/1734090270772Ekran-goruntusu-2024-12-13-134145-300x122.png?ver=ad557865a8f947d8cc36da585228b652 300w\"\/>                            <\/div>\n<p>Do\u011fu Akdeniz \u00dcniversitesi (DA\u00dc), Deprem Ara\u015ft\u0131rma ve Uygulama Merkezi (DAUM), K\u0131br\u0131s\u2019\u0131n etraf\u0131nda b\u00fcy\u00fck deprem ya\u015fanma olas\u0131l\u0131\u011f\u0131n\u0131n bulundu\u011funu, bu nedenle deprem etkilerini azaltmaya y\u00f6nelik tedbirlerin al\u0131nmas\u0131 gerekti\u011fini belirtti. <\/p>\n<p>DA\u00dc DAUM, K\u0131br\u0131s etraf\u0131nda meydana gelen son depremlerle ilgili yapt\u0131\u011f\u0131 de\u011ferlendirmede, olas\u0131 depremlerin etkilerini azaltmaya y\u00f6nelik belirledi\u011fi 13 tedbire i\u015faret etti. <\/p>\n<p>K\u0131br\u0131s\u2019\u0131n tektonik levha hareketleri a\u00e7\u0131s\u0131ndan karma\u015f\u0131k bir b\u00f6lgede yer ald\u0131\u011f\u0131, bu durumun, 1222\u2019de  meydana gelen 7.0\u20137.5 ve 11 Ocak 2022\u2019de Baf\u2019\u0131n bat\u0131s\u0131nda meydana gelen 6.4 b\u00fcy\u00fckl\u00fc\u011f\u00fcndeki deprem de dahil bir \u00e7ok depreme neden oldu\u011fu kaydedildi.<\/p>\n<p>Yak\u0131n zamanda Do\u011fu Akdeniz\u2019de meydana gelen, merkezi \u00fcss\u00fc k\u0131y\u0131dan yakla\u015f\u0131k 50 km uzakl\u0131kta oldu\u011fu a\u00e7\u0131klanan depremin, K\u0131br\u0131s adas\u0131 i\u00e7in \u00f6nemli bir uyar\u0131 niteli\u011finde oldu\u011fu belirtildi. <\/p>\n<p>Baz\u0131 faylardaki k\u0131r\u0131lmalar\u0131n devam etmesi halinde \u201cb\u00fcy\u00fck deprem\u201d meydana gelebilece\u011fi de kaydedilen de\u011ferlendirmede, \u201cAdan\u0131n \u00e7evresinde son y\u0131llarda meydana gelen k\u00fc\u00e7\u00fck ve orta b\u00fcy\u00fckl\u00fckteki depremler, b\u00f6lgenin sismik olarak daha aktif hale geldi\u011fini de d\u00fc\u015f\u00fcnd\u00fcrmektedir.\u201d denildi.<\/p>\n<p>Olas\u0131 depremlerin etkilerine kar\u015f\u0131 kurtarma, yard\u0131m ve tahliye s\u00fcre\u00e7lerinin dikkatlice planlamas\u0131, in\u015faatlarda yap\u0131m hatalar\u0131 olmamas\u0131na dikkat edilmesi gerekti\u011fi belirtildi. <\/p>\n<p>Deprem risk azaltma program\u0131n\u0131 hayata ge\u00e7irilmesi gerekti\u011fi ifade edilen a\u00e7\u0131klamada izlenmesi gereken ad\u0131mlar \u015f\u00f6yle s\u0131raland\u0131.<\/p>\n<p>\u2013         \u201c\u00dclkenin sismolojik bulgular\u0131na dayal\u0131 olarak sismik tehlike haritas\u0131n\u0131n yenilenmesi,<\/p>\n<p>\u2013        Depremle ili\u015fkili t\u00fcm tehlike parametrelerini kapsayan mikrozonasyon haritalar\u0131n\u0131n geli\u015ftirilmesi, (bunlar aras\u0131nda yer hareketi \u015fiddeti, bask\u0131n periyot, y\u00fczey k\u0131r\u0131lmas\u0131, heyelan, s\u0131v\u0131la\u015fma, kaya d\u00fc\u015fmesi, b\u00fcy\u00fck yerle\u015fim alanlar\u0131 ve tsunami potansiyelleri yer almaktad\u0131r.)<\/p>\n<p>\u2013        Yeni bilimsel ve teknik bulgulara g\u00f6re tasar\u0131m ve in\u015faat standartlar\u0131n\u0131n g\u00fc\u00e7lendirilmesi ve g\u00fcncellenmesi,<\/p>\n<p>\u2013        Yeni binalarda, sismik performans ve s\u00fcrd\u00fcr\u00fclebilirlik a\u00e7\u0131s\u0131ndan daha uygun yap\u0131 malzemelerinin kullan\u0131lmas\u0131,<\/p>\n<p>\u2013        Deprem dayan\u0131kl\u0131l\u0131\u011f\u0131 y\u00fcksek binalar in\u015fa etmek amac\u0131yla geli\u015fmi\u015f ve yenilik\u00e7i yap\u0131sal sistemlerin uygulanmas\u0131,<\/p>\n<p>\u2013        En yayg\u0131n bina t\u00fcrlerini belirlemek i\u00e7in mevcut bina sto\u011funun s\u0131n\u0131fland\u0131r\u0131lmas\u0131,<\/p>\n<p>\u2013        Her bina t\u00fcr\u00fc i\u00e7in uygun m\u00fchendislik talepleri belirleyerek k\u0131r\u0131lganl\u0131k e\u011frilerinin veya y\u00fczeylerinin olu\u015fturulmas\u0131,<\/p>\n<p>\u2013        Her bina t\u00fcr\u00fcn\u00fcn kay\u0131p tahminlerinin yap\u0131lmas\u0131,<\/p>\n<p>\u2013        En acil olanlardan ba\u015flanarak, zay\u0131f binalar\u0131n g\u00fc\u00e7lendirilmesi,<\/p>\n<p>\u2013        Olas\u0131 bir depremde, olas\u0131 ma\u011fdurlar, yaral\u0131lar ve evsizlerin say\u0131s\u0131n\u0131n tahmin edilmesi ve temel ihtiya\u00e7lar\u0131n\u0131n belirlenmesi,<\/p>\n<p>\u2013        Kurtarma ve yard\u0131m ekiplerinin haz\u0131rl\u0131k seviyelerinin art\u0131r\u0131lmas\u0131,<\/p>\n<p>\u2013        Evsizler i\u00e7in uygun bar\u0131nma alanlar\u0131n\u0131n belirlenmesi,<\/p>\n<p>\u2013        Deprem ve di\u011fer ani do\u011fal afetlere kar\u015f\u0131 topluluk d\u00fczeyinde g\u00fcvenlik k\u00fclt\u00fcr\u00fcn\u00fcn olu\u015fturulmas\u0131 ve<\/p>\n<p>\u2013        T\u00fcm \u015fehirler, kasabalar ve k\u00f6ylerde yerel afetler i\u00e7in Mahalle Yard\u0131mla\u015fma Merkezlerinin kurulmas\u0131.\u201d<\/p>\n<\/p><\/div>\n<p><script async\n                    defer\n                    crossorigin=\"anonymous\"\n                    src=\"https:\/\/connect.facebook.net\/tr_TR\/sdk.js#xfbml=1&#038;version=v3.3\"\n            ><\/script><br \/>\n<br \/><br \/>\n<br \/><a href=\"https:\/\/brtk.net\/dau-daum-deprem-risklerine-karsi-tedbirler-alinmasi-gerektigini-belirtti\/\">Kaynak BRT <\/a><\/p>\n","protected":false},"excerpt":{"rendered":"<p>Do\u011fu Akdeniz \u00dcniversitesi (DA\u00dc), Deprem Ara\u015ft\u0131rma ve Uygulama Merkezi (DAUM), K\u0131br\u0131s\u2019\u0131n etraf\u0131nda b\u00fcy\u00fck deprem ya\u015fanma olas\u0131l\u0131\u011f\u0131n\u0131n bulundu\u011funu, bu nedenle deprem etkilerini azaltmaya y\u00f6nelik tedbirlerin al\u0131nmas\u0131 gerekti\u011fini belirtti. DA\u00dc DAUM, K\u0131br\u0131s etraf\u0131nda meydana gelen son depremlerle ilgili yapt\u0131\u011f\u0131 de\u011ferlendirmede, olas\u0131 depremlerin etkilerini azaltmaya y\u00f6nelik belirledi\u011fi 13 tedbire i\u015faret etti. K\u0131br\u0131s\u2019\u0131n tektonik levha hareketleri a\u00e7\u0131s\u0131ndan karma\u015f\u0131k bir [&hellip;]<\/p>\n","protected":false},"author":908,"featured_media":13842,"comment_status":"open","ping_status":"open","sticky":false,"template":"","format":"standard","meta":{"_jetpack_memberships_contains_paid_content":false,"footnotes":"","jetpack_publicize_message":"","jetpack_publicize_feature_enabled":true,"jetpack_social_post_already_shared":true,"jetpack_social_options":{"image_generator_settings":{"template":"highway","default_image_id":0,"font":"","enabled":false},"version":2}},"categories":[253],"tags":[],"class_list":["post-13841","post","type-post","status-publish","format-standard","has-post-thumbnail","hentry","category-gundem"],"jetpack_publicize_connections":[],"jetpack_featured_media_url":"https:\/\/kibrisayna.com\/wp-content\/uploads\/2024\/12\/1734090270772Ekran-goruntusu-2024-12-13-134145.png","jetpack_sharing_enabled":true,"_links":{"self":[{"href":"https:\/\/kibrisayna.com\/index.php\/wp-json\/wp\/v2\/posts\/13841","targetHints":{"allow":["GET"]}}],"collection":[{"href":"https:\/\/kibrisayna.com\/index.php\/wp-json\/wp\/v2\/posts"}],"about":[{"href":"https:\/\/kibrisayna.com\/index.php\/wp-json\/wp\/v2\/types\/post"}],"author":[{"embeddable":true,"href":"https:\/\/kibrisayna.com\/index.php\/wp-json\/wp\/v2\/users\/908"}],"replies":[{"embeddable":true,"href":"https:\/\/kibrisayna.com\/index.php\/wp-json\/wp\/v2\/comments?post=13841"}],"version-history":[{"count":0,"href":"https:\/\/kibrisayna.com\/index.php\/wp-json\/wp\/v2\/posts\/13841\/revisions"}],"wp:featuredmedia":[{"embeddable":true,"href":"https:\/\/kibrisayna.com\/index.php\/wp-json\/wp\/v2\/media\/13842"}],"wp:attachment":[{"href":"https:\/\/kibrisayna.com\/index.php\/wp-json\/wp\/v2\/media?parent=13841"}],"wp:term":[{"taxonomy":"category","embeddable":true,"href":"https:\/\/kibrisayna.com\/index.php\/wp-json\/wp\/v2\/categories?post=13841"},{"taxonomy":"post_tag","embeddable":true,"href":"https:\/\/kibrisayna.com\/index.php\/wp-json\/wp\/v2\/tags?post=13841"}],"curies":[{"name":"wp","href":"https:\/\/api.w.org\/{rel}","templated":true}]}}