{"id":13833,"date":"2024-12-13T16:04:50","date_gmt":"2024-12-13T13:04:50","guid":{"rendered":"https:\/\/kibrisayna.com\/index.php\/2024\/12\/13\/istanbuldaki-stratcom-zirvesi-suruyor-ertugruloglu-yabanci-basina-demec-verdi-brtk\/"},"modified":"2024-12-13T16:04:50","modified_gmt":"2024-12-13T13:04:50","slug":"istanbuldaki-stratcom-zirvesi-suruyor-ertugruloglu-yabanci-basina-demec-verdi-brtk","status":"publish","type":"post","link":"https:\/\/kibrisayna.com\/index.php\/2024\/12\/13\/istanbuldaki-stratcom-zirvesi-suruyor-ertugruloglu-yabanci-basina-demec-verdi-brtk\/","title":{"rendered":"\u0130stanbul\u2019daki Stratcom Zirvesi s\u00fcr\u00fcyor\u2026 Ertu\u011frulo\u011flu yabanc\u0131 bas\u0131na deme\u00e7 verdi \u2013 BRTK"},"content":{"rendered":"<p> <br \/>\n<\/p>\n<div>\n<div class=\"mariselle-image-container center\">\n                <img loading=\"lazy\" decoding=\"async\" width=\"2560\" height=\"1439\" class=\"lazy-image\" alt=\"\" sizes=\"auto, (max-width: 2560px) 100vw, 2560px\" src=\"https:\/\/brtk.net\/wp-content\/uploads\/2024\/12\/13\/InShot_20241213_124333305-scaled.jpg?ver=cb9ca10167e241cd5719f41cfe062aff\" srcset=\"https:\/\/brtk.net\/wp-content\/uploads\/2024\/12\/13\/InShot_20241213_124333305-scaled.jpg?ver=cb9ca10167e241cd5719f41cfe062aff 2560w, https:\/\/brtk.net\/wp-content\/uploads\/2024\/12\/13\/InShot_20241213_124333305-300x169.jpg?ver=cb9ca10167e241cd5719f41cfe062aff 300w, https:\/\/brtk.net\/wp-content\/uploads\/2024\/12\/13\/InShot_20241213_124333305-1024x576.jpg?ver=3b042b23971e935e3689f2c0966aaa3e 1024w, https:\/\/brtk.net\/wp-content\/uploads\/2024\/12\/13\/InShot_20241213_124333305-768x432.jpg?ver=fcaa22edaba971d67d8c834312bffe55 768w, https:\/\/brtk.net\/wp-content\/uploads\/2024\/12\/13\/InShot_20241213_124333305-1536x863.jpg?ver=73188cd63100649e7219853f117f6c20 1536w, https:\/\/brtk.net\/wp-content\/uploads\/2024\/12\/13\/InShot_20241213_124333305-2048x1151.jpg?ver=61671c6b0929c244701b709bca45fa60 2048w\"\/>                            <\/div>\n<p>T\u00fcrkiye Cumhurba\u015fkanl\u0131\u011f\u0131 \u0130leti\u015fim Ba\u015fkanl\u0131\u011f\u0131 taraf\u0131ndan d\u00fczenlenen Uluslararas\u0131 Stratejik \u0130leti\u015fim Zirvesi 2024\u2019e (Stratcom Summit 2024) kat\u0131lan D\u0131\u015fi\u015fleri Bakan\u0131 Tahsin Ertu\u011frulo\u011flu, yabanc\u0131 ve T\u00fcrk bas\u0131n\u0131na deme\u00e7 verdi. <\/p>\n<p>Bu y\u0131l d\u00f6rd\u00fcnc\u00fcs\u00fc d\u00fczenlenen ve \u201c\u0130leti\u015fimde Yapay Zeka: E\u011filimler, Tuzaklar ve D\u00f6n\u00fc\u015f\u00fcm\u201d temas\u0131 ile Rixos Tersane \u0130stanbul\u2019da yap\u0131lan zirveye kat\u0131lan Ertu\u011frulo\u011flu, yar\u0131n \u201cBar\u0131\u015f s\u00fcrecinde dijital diplomasinin rol\u00fc\u201d konulu bir konu\u015fma yapacak.<\/p>\n<p>Ertu\u011frulo\u011flu bug\u00fcn, \u0130talyan \u0130l Giornale ve TRT Haber\u2019e deme\u00e7 verdi. <\/p>\n<p>Zirvede,  Bayrak Radyo Televizyon Kurumu (BRTK) Y\u00f6netim Kurulu Ba\u015fkan\u0131 \u00d6zdemir Tokel, BRTK M\u00fcd\u00fcr\u00fc Meryem \u00d6zkurt ve T\u00fcrk Ajans\u0131 K\u0131br\u0131s (TAK) M\u00fcd\u00fcr\u00fc Fehmi G\u00fcrdall\u0131, da kat\u0131l\u0131mc\u0131 olarak bulunuyor.<\/p>\n<\/p><\/div>\n<p><script async\n                    defer\n                    crossorigin=\"anonymous\"\n                    src=\"https:\/\/connect.facebook.net\/tr_TR\/sdk.js#xfbml=1&#038;version=v3.3\"\n            ><\/script><br \/>\n<br \/><br \/>\n<br \/><a href=\"https:\/\/brtk.net\/istanbuldaki-stratcom-zirvesi-suruyor-ertugruloglu-yabanci-basina-demec-verdi\/\">Kaynak BRT <\/a><\/p>\n","protected":false},"excerpt":{"rendered":"<p>T\u00fcrkiye Cumhurba\u015fkanl\u0131\u011f\u0131 \u0130leti\u015fim Ba\u015fkanl\u0131\u011f\u0131 taraf\u0131ndan d\u00fczenlenen Uluslararas\u0131 Stratejik \u0130leti\u015fim Zirvesi 2024\u2019e (Stratcom Summit 2024) kat\u0131lan D\u0131\u015fi\u015fleri Bakan\u0131 Tahsin Ertu\u011frulo\u011flu, yabanc\u0131 ve T\u00fcrk bas\u0131n\u0131na deme\u00e7 verdi. Bu y\u0131l d\u00f6rd\u00fcnc\u00fcs\u00fc d\u00fczenlenen ve \u201c\u0130leti\u015fimde Yapay Zeka: E\u011filimler, Tuzaklar ve D\u00f6n\u00fc\u015f\u00fcm\u201d temas\u0131 ile Rixos Tersane \u0130stanbul\u2019da yap\u0131lan zirveye kat\u0131lan Ertu\u011frulo\u011flu, yar\u0131n \u201cBar\u0131\u015f s\u00fcrecinde dijital diplomasinin rol\u00fc\u201d konulu bir konu\u015fma [&hellip;]<\/p>\n","protected":false},"author":908,"featured_media":13834,"comment_status":"open","ping_status":"open","sticky":false,"template":"","format":"standard","meta":{"_jetpack_memberships_contains_paid_content":false,"footnotes":"","jetpack_publicize_message":"","jetpack_publicize_feature_enabled":true,"jetpack_social_post_already_shared":true,"jetpack_social_options":{"image_generator_settings":{"template":"highway","default_image_id":0,"font":"","enabled":false},"version":2}},"categories":[253],"tags":[],"class_list":["post-13833","post","type-post","status-publish","format-standard","has-post-thumbnail","hentry","category-gundem"],"jetpack_publicize_connections":[],"jetpack_featured_media_url":"https:\/\/kibrisayna.com\/wp-content\/uploads\/2024\/12\/InShot_20241213_124333305-scaled.jpg","jetpack_sharing_enabled":true,"_links":{"self":[{"href":"https:\/\/kibrisayna.com\/index.php\/wp-json\/wp\/v2\/posts\/13833","targetHints":{"allow":["GET"]}}],"collection":[{"href":"https:\/\/kibrisayna.com\/index.php\/wp-json\/wp\/v2\/posts"}],"about":[{"href":"https:\/\/kibrisayna.com\/index.php\/wp-json\/wp\/v2\/types\/post"}],"author":[{"embeddable":true,"href":"https:\/\/kibrisayna.com\/index.php\/wp-json\/wp\/v2\/users\/908"}],"replies":[{"embeddable":true,"href":"https:\/\/kibrisayna.com\/index.php\/wp-json\/wp\/v2\/comments?post=13833"}],"version-history":[{"count":0,"href":"https:\/\/kibrisayna.com\/index.php\/wp-json\/wp\/v2\/posts\/13833\/revisions"}],"wp:featuredmedia":[{"embeddable":true,"href":"https:\/\/kibrisayna.com\/index.php\/wp-json\/wp\/v2\/media\/13834"}],"wp:attachment":[{"href":"https:\/\/kibrisayna.com\/index.php\/wp-json\/wp\/v2\/media?parent=13833"}],"wp:term":[{"taxonomy":"category","embeddable":true,"href":"https:\/\/kibrisayna.com\/index.php\/wp-json\/wp\/v2\/categories?post=13833"},{"taxonomy":"post_tag","embeddable":true,"href":"https:\/\/kibrisayna.com\/index.php\/wp-json\/wp\/v2\/tags?post=13833"}],"curies":[{"name":"wp","href":"https:\/\/api.w.org\/{rel}","templated":true}]}}