{"id":13809,"date":"2024-12-13T14:20:08","date_gmt":"2024-12-13T11:20:08","guid":{"rendered":"https:\/\/kibrisayna.com\/index.php\/2024\/12\/13\/girnede-bir-yer-dusluyorum-temali-oyku-yarismasi-yapilacak-brtk\/"},"modified":"2024-12-13T14:20:08","modified_gmt":"2024-12-13T11:20:08","slug":"girnede-bir-yer-dusluyorum-temali-oyku-yarismasi-yapilacak-brtk","status":"publish","type":"post","link":"https:\/\/kibrisayna.com\/index.php\/2024\/12\/13\/girnede-bir-yer-dusluyorum-temali-oyku-yarismasi-yapilacak-brtk\/","title":{"rendered":"\u201cGirne\u2019de Bir Yer D\u00fc\u015fl\u00fcyorum\u201d temal\u0131 \u00f6yk\u00fc yar\u0131\u015fmas\u0131 yap\u0131lacak \u2013 BRTK"},"content":{"rendered":"<p> <br \/>\n<\/p>\n<div>\n<div class=\"mariselle-image-container center\">\n                <img loading=\"lazy\" decoding=\"async\" width=\"1158\" height=\"1158\" class=\"lazy-image\" alt=\"\" sizes=\"auto, (max-width: 1158px) 100vw, 1158px\" src=\"https:\/\/brtk.net\/wp-content\/uploads\/2024\/12\/13\/1734084368046347837700_254543170462377_5720596032093517000_n.png?ver=acd6d4e7d16cef48fbc6a56b7ca5ca11\" srcset=\"https:\/\/brtk.net\/wp-content\/uploads\/2024\/12\/13\/1734084368046347837700_254543170462377_5720596032093517000_n.png?ver=acd6d4e7d16cef48fbc6a56b7ca5ca11 1158w, https:\/\/brtk.net\/wp-content\/uploads\/2024\/12\/13\/1734084368046347837700_254543170462377_5720596032093517000_n-300x300.png?ver=85b9fc49437308290596efadcecf473b 300w, https:\/\/brtk.net\/wp-content\/uploads\/2024\/12\/13\/1734084368046347837700_254543170462377_5720596032093517000_n-1024x1024.png?ver=85b9fc49437308290596efadcecf473b 1024w, https:\/\/brtk.net\/wp-content\/uploads\/2024\/12\/13\/1734084368046347837700_254543170462377_5720596032093517000_n-150x150.png?ver=85b9fc49437308290596efadcecf473b 150w, https:\/\/brtk.net\/wp-content\/uploads\/2024\/12\/13\/1734084368046347837700_254543170462377_5720596032093517000_n-768x768.png?ver=85b9fc49437308290596efadcecf473b 768w, https:\/\/brtk.net\/wp-content\/uploads\/2024\/12\/13\/1734084368046347837700_254543170462377_5720596032093517000_n-800x800.png?ver=2a64b1a2537f6359834b9c66b0e3bf62 800w\"\/>                            <\/div>\n<p>Girne Belediyesi \u00f6nc\u00fcl\u00fc\u011f\u00fcnde bu y\u0131l yedincisi yap\u0131lacak \u00f6yk\u00fc yar\u0131\u015fmas\u0131n\u0131n bu y\u0131lki temas\u0131, \u201cGirne\u2019de Bir Yer D\u00fc\u015fl\u00fcyorum\u201d olarak belirlendi.<\/p>\n<p>Girne Belediyesi Sosyal \u0130\u015fler \u015eubesi Amirli\u011fi taraf\u0131ndan yap\u0131lan a\u00e7\u0131klamaya g\u00f6re, bu y\u0131l yedincisi yap\u0131lacak \u00f6yk\u00fc yar\u0131\u015fmas\u0131n\u0131n temas\u0131 \u201cGirne\u2019de bir yer d\u00fc\u015fl\u00fcyorum\u201d olarak belirlendi. Yar\u0131\u015fmaya kat\u0131lacak \u00f6\u011frencilerden, Girne\u2019de olmas\u0131n\u0131 hayal ettikleri bir yeri ve orada ge\u00e7irecekleri bir g\u00fcn\u00fc anlatmalar\u0131 istenecek.<\/p>\n<p>A\u00e7\u0131klamada, yar\u0131\u015fman\u0131n Girne B\u00f6lgesi\u2019ndeki \u00f6zel ve devlet okullar\u0131nda e\u011fitim g\u00f6ren 6. s\u0131n\u0131f, 7. s\u0131n\u0131f ve 8. s\u0131n\u0131f \u00f6\u011frencilerine a\u00e7\u0131k olaca\u011f\u0131 belirtildi ve \u00f6yk\u00fclerin T\u00fcrk\u00e7e, A4 \u00e7izgili dosya k\u00e2\u011f\u0131d\u0131na el yaz\u0131s\u0131yla ya da bilgisayarda yaz\u0131larak haz\u0131rlanmas\u0131 gerekti\u011fi kaydedildi.<\/p>\n<p>A\u00e7\u0131klamada, \u00f6yk\u00fclerin minimum 3, maksimum 5 sayfa uzunlu\u011funda olmas\u0131 ve yaln\u0131zca \u00f6n y\u00fczlerinin kullan\u0131lmas\u0131 gerekti\u011fi belirtilirken; fotokopi olarak g\u00f6nderilen \u00f6yk\u00fclerin de\u011ferlendirmeye al\u0131nmayaca\u011f\u0131 kaydedildi.<\/p>\n<p>\u00d6yk\u00fclerin orijinal ve \u00f6zg\u00fcn olmas\u0131 gereklili\u011finin kaydedildi\u011fi a\u00e7\u0131klamada, \u00f6yk\u00fclerin herhangi bir yerde yay\u0131mlanmam\u0131\u015f olmas\u0131 veya ba\u015fka bir eserden al\u0131nt\u0131 i\u00e7ermemesi kural\u0131 vurguland\u0131. Kat\u0131l\u0131mc\u0131lar\u0131n, \u00f6yk\u00fclerin son sayfas\u0131nda ad-soyad, okul, s\u0131n\u0131f ve ileti\u015fim bilgilerini eksiksiz bir \u015fekilde iletmesi gerekti\u011finin alt\u0131n\u0131n \u00e7izildi\u011fi a\u00e7\u0131klamada, son teslim tarihi 10 Ocak 2025 olarak belirtilirken; yar\u0131\u015fma i\u00e7in \u00f6yk\u00fclerin Girne Belediyesi Sosyal \u0130\u015fler \u015eubesi Amirli\u011fi\u2019ne elden teslim edilmesi gerekti\u011fi aktar\u0131ld\u0131.<\/p>\n<p>A\u00e7\u0131klamada, birincilik \u00f6d\u00fcl\u00fcn\u00fcn 8 bin TL, ikincilik \u00f6d\u00fcl\u00fcn\u00fcn 6 bin TL ve \u00fc\u00e7\u00fcnc\u00fcl\u00fck \u00f6d\u00fcl\u00fcn\u00fcn 4 bin TL olaca\u011f\u0131, ayr\u0131ca Ba\u015fkanl\u0131k \u00d6zel \u00d6d\u00fcl\u00fc kapsam\u0131nda 3 bin TL de\u011ferinde Deniz Plaza hediye \u00e7eki verilece\u011fi belirtildi.<\/p>\n<p>A\u00e7\u0131klamada, yar\u0131\u015fmaya kat\u0131lmak isteyen \u00f6\u011frencilerin, detayl\u0131 bilgi i\u00e7in Girne Belediyesi Sosyal \u0130\u015fler \u015eube Amirli\u011fi ile ileti\u015fime ge\u00e7ebilece\u011fi veya 0533 879 95 95\u2019nolu numaradan bilgi alabilece\u011fi de kaydedildi.<\/p>\n<\/p><\/div>\n<p><script async\n                    defer\n                    crossorigin=\"anonymous\"\n                    src=\"https:\/\/connect.facebook.net\/tr_TR\/sdk.js#xfbml=1&#038;version=v3.3\"\n            ><\/script><br \/>\n<br \/><br \/>\n<br \/><a href=\"https:\/\/brtk.net\/girnede-bir-yer-dusluyorum-temali-oyku-yarismasi-yapilacak\/\">Kaynak BRT <\/a><\/p>\n","protected":false},"excerpt":{"rendered":"<p>Girne Belediyesi \u00f6nc\u00fcl\u00fc\u011f\u00fcnde bu y\u0131l yedincisi yap\u0131lacak \u00f6yk\u00fc yar\u0131\u015fmas\u0131n\u0131n bu y\u0131lki temas\u0131, \u201cGirne\u2019de Bir Yer D\u00fc\u015fl\u00fcyorum\u201d olarak belirlendi. Girne Belediyesi Sosyal \u0130\u015fler \u015eubesi Amirli\u011fi taraf\u0131ndan yap\u0131lan a\u00e7\u0131klamaya g\u00f6re, bu y\u0131l yedincisi yap\u0131lacak \u00f6yk\u00fc yar\u0131\u015fmas\u0131n\u0131n temas\u0131 \u201cGirne\u2019de bir yer d\u00fc\u015fl\u00fcyorum\u201d olarak belirlendi. Yar\u0131\u015fmaya kat\u0131lacak \u00f6\u011frencilerden, Girne\u2019de olmas\u0131n\u0131 hayal ettikleri bir yeri ve orada ge\u00e7irecekleri bir g\u00fcn\u00fc [&hellip;]<\/p>\n","protected":false},"author":908,"featured_media":13810,"comment_status":"open","ping_status":"open","sticky":false,"template":"","format":"standard","meta":{"_jetpack_memberships_contains_paid_content":false,"footnotes":"","jetpack_publicize_message":"","jetpack_publicize_feature_enabled":true,"jetpack_social_post_already_shared":true,"jetpack_social_options":{"image_generator_settings":{"template":"highway","default_image_id":0,"font":"","enabled":false},"version":2}},"categories":[253],"tags":[],"class_list":["post-13809","post","type-post","status-publish","format-standard","has-post-thumbnail","hentry","category-gundem"],"jetpack_publicize_connections":[],"jetpack_featured_media_url":"https:\/\/kibrisayna.com\/wp-content\/uploads\/2024\/12\/girne-belediyesi-logo.jpg","jetpack_sharing_enabled":true,"_links":{"self":[{"href":"https:\/\/kibrisayna.com\/index.php\/wp-json\/wp\/v2\/posts\/13809","targetHints":{"allow":["GET"]}}],"collection":[{"href":"https:\/\/kibrisayna.com\/index.php\/wp-json\/wp\/v2\/posts"}],"about":[{"href":"https:\/\/kibrisayna.com\/index.php\/wp-json\/wp\/v2\/types\/post"}],"author":[{"embeddable":true,"href":"https:\/\/kibrisayna.com\/index.php\/wp-json\/wp\/v2\/users\/908"}],"replies":[{"embeddable":true,"href":"https:\/\/kibrisayna.com\/index.php\/wp-json\/wp\/v2\/comments?post=13809"}],"version-history":[{"count":0,"href":"https:\/\/kibrisayna.com\/index.php\/wp-json\/wp\/v2\/posts\/13809\/revisions"}],"wp:featuredmedia":[{"embeddable":true,"href":"https:\/\/kibrisayna.com\/index.php\/wp-json\/wp\/v2\/media\/13810"}],"wp:attachment":[{"href":"https:\/\/kibrisayna.com\/index.php\/wp-json\/wp\/v2\/media?parent=13809"}],"wp:term":[{"taxonomy":"category","embeddable":true,"href":"https:\/\/kibrisayna.com\/index.php\/wp-json\/wp\/v2\/categories?post=13809"},{"taxonomy":"post_tag","embeddable":true,"href":"https:\/\/kibrisayna.com\/index.php\/wp-json\/wp\/v2\/tags?post=13809"}],"curies":[{"name":"wp","href":"https:\/\/api.w.org\/{rel}","templated":true}]}}