{"id":13795,"date":"2024-12-13T12:58:16","date_gmt":"2024-12-13T09:58:16","guid":{"rendered":"https:\/\/kibrisayna.com\/index.php\/2024\/12\/13\/ktos-kurucu-uyesi-arif-hasan-tahsin-12-olum-yil-donumunde-duzenlenen-etkinlikle-anildi-brtk\/"},"modified":"2024-12-13T12:58:16","modified_gmt":"2024-12-13T09:58:16","slug":"ktos-kurucu-uyesi-arif-hasan-tahsin-12-olum-yil-donumunde-duzenlenen-etkinlikle-anildi-brtk","status":"publish","type":"post","link":"https:\/\/kibrisayna.com\/index.php\/2024\/12\/13\/ktos-kurucu-uyesi-arif-hasan-tahsin-12-olum-yil-donumunde-duzenlenen-etkinlikle-anildi-brtk\/","title":{"rendered":"KT\u00d6S kurucu \u00fcyesi Arif Hasan Tahsin, 12. \u00f6l\u00fcm y\u0131l d\u00f6n\u00fcm\u00fcnde d\u00fczenlenen etkinlikle an\u0131ld\u0131 \u2013 BRTK"},"content":{"rendered":"<p> <br \/>\n<\/p>\n<div>\n<div class=\"mariselle-image-container center\">\n                <img loading=\"lazy\" decoding=\"async\" width=\"2560\" height=\"1920\" class=\"lazy-image\" alt=\"\" sizes=\"auto, (max-width: 2560px) 100vw, 2560px\" src=\"https:\/\/brtk.net\/wp-content\/uploads\/2024\/12\/13\/1734077332523ktos-panel-scaled.jpeg?ver=95e7261d01a7ebb370d1abadd73ad70c\" srcset=\"https:\/\/brtk.net\/wp-content\/uploads\/2024\/12\/13\/1734077332523ktos-panel-scaled.jpeg?ver=95e7261d01a7ebb370d1abadd73ad70c 2560w, https:\/\/brtk.net\/wp-content\/uploads\/2024\/12\/13\/1734077332523ktos-panel-300x225.jpeg?ver=b7ea66857435695855fa567773e0cb29 300w, https:\/\/brtk.net\/wp-content\/uploads\/2024\/12\/13\/1734077332523ktos-panel-1024x768.jpeg?ver=b82af8099f81c9eefffa7cb7ac20c005 1024w, https:\/\/brtk.net\/wp-content\/uploads\/2024\/12\/13\/1734077332523ktos-panel-768x576.jpeg?ver=711de54d2b796c41f9388a1f9636ebb4 768w, https:\/\/brtk.net\/wp-content\/uploads\/2024\/12\/13\/1734077332523ktos-panel-1536x1152.jpeg?ver=61b4d0a795b6b2fffa3822fe42cbb57b 1536w, https:\/\/brtk.net\/wp-content\/uploads\/2024\/12\/13\/1734077332523ktos-panel-2048x1536.jpeg?ver=a6b73ac6b522453eb7b44006c667bb88 2048w\"\/>                            <\/div>\n<p>E\u011fitimci, yazar, ara\u015ft\u0131rmac\u0131, kooperatif\u00e7i, siyaset\u00e7i ve sendikac\u0131 Arif Hasan Tahsin, 12. \u00f6l\u00fcm y\u0131l d\u00f6n\u00fcm\u00fc nedeniyle K\u0131br\u0131s T\u00fcrk \u00d6\u011fretmenler Sendikas\u0131 (KT\u00d6S) taraf\u0131ndan d\u00fczenlenen etkinlikte an\u0131ld\u0131.<\/p>\n<p>KT\u00d6S Genel Sekreteri Burak Mavi\u015f\u2019in moderat\u00f6rl\u00fc\u011f\u00fcnde d\u00fczenlenen \u201cKrizin ve Sava\u015flar\u0131n G\u00f6lgesinde Ortado\u011fu ve K\u0131br\u0131s\u201d paneli gazeteci Serhat \u0130ncirli\u2019nin a\u00e7\u0131l\u0131\u015f konu\u015fmas\u0131yla ba\u015flad\u0131.<\/p>\n<p>KT\u00d6S\u2019ten yap\u0131lan a\u00e7\u0131klamaya g\u00f6re, KT\u00d6S\u2019de yap\u0131lan panelde,  Prof. Dr. Serta\u00e7 Sonan \u201cD\u00fcnyada ve K\u0131br\u0131s\u2019ta son on y\u0131lda ya\u015fanan demokratik gerileme\u201d, ara\u015ft\u0131rmac\u0131-yazar Hamide Renc\u00fcs \u201cSuriye\u2019deki sava\u015f, Filistin\u2019de ya\u015fanan g\u00fcncel geli\u015fmeler ve K\u0131br\u0131s\u2019\u0131n bu dinamikler \u0131\u015f\u0131\u011f\u0131nda gelece\u011fi\u201d, Dr. \u0130pek Borman ise \u201cOrtado\u011fu\u2019daki krizlerin uluslararas\u0131 boyutlar\u0131 ve K\u0131br\u0131s \u00fczerindeki etkileri\u201d konular\u0131nda sunum ve analiz yapt\u0131.<\/p>\n<p>Etkinlik Sol Anahtar\u0131\u2019n\u0131n m\u00fczik dinletisiyle son buldu.<\/p>\n<\/p><\/div>\n<p><script async\n                    defer\n                    crossorigin=\"anonymous\"\n                    src=\"https:\/\/connect.facebook.net\/tr_TR\/sdk.js#xfbml=1&#038;version=v3.3\"\n            ><\/script><br \/>\n<br \/><br \/>\n<br \/><a href=\"https:\/\/brtk.net\/ktos-kurucu-uyesi-arif-hasan-tahsin-12-olum-yil-donumunde-duzenlenen-etkinlikle-anildi\/\">Kaynak BRT <\/a><\/p>\n","protected":false},"excerpt":{"rendered":"<p>E\u011fitimci, yazar, ara\u015ft\u0131rmac\u0131, kooperatif\u00e7i, siyaset\u00e7i ve sendikac\u0131 Arif Hasan Tahsin, 12. \u00f6l\u00fcm y\u0131l d\u00f6n\u00fcm\u00fc nedeniyle K\u0131br\u0131s T\u00fcrk \u00d6\u011fretmenler Sendikas\u0131 (KT\u00d6S) taraf\u0131ndan d\u00fczenlenen etkinlikte an\u0131ld\u0131. KT\u00d6S Genel Sekreteri Burak Mavi\u015f\u2019in moderat\u00f6rl\u00fc\u011f\u00fcnde d\u00fczenlenen \u201cKrizin ve Sava\u015flar\u0131n G\u00f6lgesinde Ortado\u011fu ve K\u0131br\u0131s\u201d paneli gazeteci Serhat \u0130ncirli\u2019nin a\u00e7\u0131l\u0131\u015f konu\u015fmas\u0131yla ba\u015flad\u0131. KT\u00d6S\u2019ten yap\u0131lan a\u00e7\u0131klamaya g\u00f6re, KT\u00d6S\u2019de yap\u0131lan panelde, Prof. Dr. Serta\u00e7 [&hellip;]<\/p>\n","protected":false},"author":908,"featured_media":13796,"comment_status":"open","ping_status":"open","sticky":false,"template":"","format":"standard","meta":{"_jetpack_memberships_contains_paid_content":false,"footnotes":"","jetpack_publicize_message":"","jetpack_publicize_feature_enabled":true,"jetpack_social_post_already_shared":true,"jetpack_social_options":{"image_generator_settings":{"template":"highway","default_image_id":0,"font":"","enabled":false},"version":2}},"categories":[253],"tags":[],"class_list":["post-13795","post","type-post","status-publish","format-standard","has-post-thumbnail","hentry","category-gundem"],"jetpack_publicize_connections":[],"jetpack_featured_media_url":"https:\/\/kibrisayna.com\/wp-content\/uploads\/2024\/12\/1734077332523ktos-panel-scaled.jpeg","jetpack_sharing_enabled":true,"_links":{"self":[{"href":"https:\/\/kibrisayna.com\/index.php\/wp-json\/wp\/v2\/posts\/13795","targetHints":{"allow":["GET"]}}],"collection":[{"href":"https:\/\/kibrisayna.com\/index.php\/wp-json\/wp\/v2\/posts"}],"about":[{"href":"https:\/\/kibrisayna.com\/index.php\/wp-json\/wp\/v2\/types\/post"}],"author":[{"embeddable":true,"href":"https:\/\/kibrisayna.com\/index.php\/wp-json\/wp\/v2\/users\/908"}],"replies":[{"embeddable":true,"href":"https:\/\/kibrisayna.com\/index.php\/wp-json\/wp\/v2\/comments?post=13795"}],"version-history":[{"count":0,"href":"https:\/\/kibrisayna.com\/index.php\/wp-json\/wp\/v2\/posts\/13795\/revisions"}],"wp:featuredmedia":[{"embeddable":true,"href":"https:\/\/kibrisayna.com\/index.php\/wp-json\/wp\/v2\/media\/13796"}],"wp:attachment":[{"href":"https:\/\/kibrisayna.com\/index.php\/wp-json\/wp\/v2\/media?parent=13795"}],"wp:term":[{"taxonomy":"category","embeddable":true,"href":"https:\/\/kibrisayna.com\/index.php\/wp-json\/wp\/v2\/categories?post=13795"},{"taxonomy":"post_tag","embeddable":true,"href":"https:\/\/kibrisayna.com\/index.php\/wp-json\/wp\/v2\/tags?post=13795"}],"curies":[{"name":"wp","href":"https:\/\/api.w.org\/{rel}","templated":true}]}}