{"id":13793,"date":"2024-12-13T12:52:15","date_gmt":"2024-12-13T09:52:15","guid":{"rendered":"https:\/\/kibrisayna.com\/index.php\/2024\/12\/13\/turk-sen-baskani-bicakli-federasyonun-kurulus-yildonumu-dolayisiyla-mesaj-yayimladi-brtk\/"},"modified":"2024-12-13T12:52:15","modified_gmt":"2024-12-13T09:52:15","slug":"turk-sen-baskani-bicakli-federasyonun-kurulus-yildonumu-dolayisiyla-mesaj-yayimladi-brtk","status":"publish","type":"post","link":"https:\/\/kibrisayna.com\/index.php\/2024\/12\/13\/turk-sen-baskani-bicakli-federasyonun-kurulus-yildonumu-dolayisiyla-mesaj-yayimladi-brtk\/","title":{"rendered":"T\u00dcRK-SEN Ba\u015fkan\u0131 B\u0131\u00e7akl\u0131, federasyonun kurulu\u015f y\u0131ld\u00f6n\u00fcm\u00fc dolay\u0131s\u0131yla mesaj yay\u0131mlad\u0131 \u2013 BRTK"},"content":{"rendered":"<p> <br \/>\n<\/p>\n<div>\n<div class=\"mariselle-image-container center\">\n                <img loading=\"lazy\" decoding=\"async\" width=\"324\" height=\"160\" class=\"lazy-image\" alt=\"\" sizes=\"auto, (max-width: 324px) 100vw, 324px\" src=\"https:\/\/brtk.net\/wp-content\/uploads\/2024\/12\/13\/1734080674155bicakli.jpg?ver=216c8a1863e4d07e442545acaafe1393\" srcset=\"https:\/\/brtk.net\/wp-content\/uploads\/2024\/12\/13\/1734080674155bicakli.jpg?ver=216c8a1863e4d07e442545acaafe1393 324w, https:\/\/brtk.net\/wp-content\/uploads\/2024\/12\/13\/1734080674155bicakli-300x148.jpg?ver=2f9d38e7d87ff68f1413b7afb04f58ee 300w\"\/>                            <\/div>\n<p>Ba\u015fbakan Yard\u0131mc\u0131l\u0131\u011f\u0131, Turizm, K\u00fclt\u00fcr, Gen\u00e7lik ve \u00c7evre Bakanl\u0131\u011f\u0131\u2019na ba\u011fl\u0131 K\u0131br\u0131s T\u00fcrk Devlet Tiyatrolar\u0131 binas\u0131n\u0131n ikinci etab\u0131 tamamlanarak ilgili firma taraf\u0131ndan teslim edildi.<\/p>\n<p>Ba\u015fbakan Yard\u0131mc\u0131s\u0131, Turizm, K\u00fclt\u00fcr, Gen\u00e7lik ve \u00c7evre Bakan\u0131 Fikri Atao\u011flu, Devlet Tiyatrolar\u0131 binas\u0131yla ilgili sanatseverlerin uzun y\u0131llard\u0131r beklenti i\u00e7erisinde oldu\u011funu hedeflerinin 27 Mart D\u00fcnya Tiyatrolar G\u00fcn\u00fc\u2019nde  binay\u0131 a\u00e7mak oldu\u011funu s\u00f6yledi.<\/p>\n<p>Girne Antik Yat Liman\u0131 i\u00e7in g\u00f6sterdikleri cesareti, Devlet Tiyatrolar\u0131 binas\u0131 i\u00e7in de g\u00f6sterdiklerini vurgulayan Atao\u011flu, Tiyatrolar binas\u0131n\u0131n \u00fc\u00e7\u00fcnc\u00fc ve son etab\u0131nda i\u00e7 dekorasyon, \u0131\u015f\u0131k, sahne gibi teknik malzemelerin tedarikinin yap\u0131l\u0131p binay\u0131 haz\u0131r hale getireceklerini ifade etti.<\/p>\n<p>K\u00fclt\u00fcr\u00fcn, sanat\u0131n gelecek nesillere aktar\u0131lmas\u0131, t\u00fcm kesimlerle bulu\u015fturulmas\u0131 i\u00e7in \u00fczerlerine d\u00fc\u015feni yapt\u0131klar\u0131n\u0131 belirten Atao\u011flu, sanat\u0131n ve sanat\u00e7\u0131n\u0131n toplumla bulu\u015fmas\u0131n\u0131n \u00f6nemine, tiyatronun insan ve toplum hayat\u0131na \u00e7ok b\u00fcy\u00fck katk\u0131 sa\u011flad\u0131\u011f\u0131na i\u015faret etti.<\/p>\n<p>Atao\u011flu, \u00fclke insan\u0131 ve sanat\u00e7\u0131s\u0131na lay\u0131k \u00e7a\u011fda\u015f bir tiyatro binas\u0131na kavu\u015fulmas\u0131n\u0131, k\u0131sa s\u00fcre zarf\u0131nda perdenin a\u00e7\u0131lmas\u0131n\u0131, sanatla ve sanat\u00e7\u0131yla izleyicileri bulu\u015fturmay\u0131 arzulad\u0131klar\u0131n\u0131 ifade etti.<\/p>\n<p>\u0130haleyi y\u00fcr\u00fcten firmaya te\u015fekk\u00fcr eden Atao\u011flu, in\u015faat d\u00f6neminin uyum i\u00e7inde h\u0131zl\u0131 bir \u015fekilde yap\u0131ld\u0131\u011f\u0131n\u0131 belirterek, y\u00fcklenici firma, eme\u011fi ge\u00e7en Bakanl\u0131k ve daire personeline  te\u015fekk\u00fcr etti.<\/p>\n<\/p><\/div>\n<p><script async\n                    defer\n                    crossorigin=\"anonymous\"\n                    src=\"https:\/\/connect.facebook.net\/tr_TR\/sdk.js#xfbml=1&#038;version=v3.3\"\n            ><\/script><br \/>\n<br \/><br \/>\n<br \/><a href=\"https:\/\/brtk.net\/turk-sen-baskani-bicakli-federasyonun-kurulus-yildonumu-dolayisiyla-mesaj-yayimladi\/\">Kaynak BRT <\/a><\/p>\n","protected":false},"excerpt":{"rendered":"<p>Ba\u015fbakan Yard\u0131mc\u0131l\u0131\u011f\u0131, Turizm, K\u00fclt\u00fcr, Gen\u00e7lik ve \u00c7evre Bakanl\u0131\u011f\u0131\u2019na ba\u011fl\u0131 K\u0131br\u0131s T\u00fcrk Devlet Tiyatrolar\u0131 binas\u0131n\u0131n ikinci etab\u0131 tamamlanarak ilgili firma taraf\u0131ndan teslim edildi. Ba\u015fbakan Yard\u0131mc\u0131s\u0131, Turizm, K\u00fclt\u00fcr, Gen\u00e7lik ve \u00c7evre Bakan\u0131 Fikri Atao\u011flu, Devlet Tiyatrolar\u0131 binas\u0131yla ilgili sanatseverlerin uzun y\u0131llard\u0131r beklenti i\u00e7erisinde oldu\u011funu hedeflerinin 27 Mart D\u00fcnya Tiyatrolar G\u00fcn\u00fc\u2019nde binay\u0131 a\u00e7mak oldu\u011funu s\u00f6yledi. Girne Antik Yat [&hellip;]<\/p>\n","protected":false},"author":908,"featured_media":13794,"comment_status":"open","ping_status":"open","sticky":false,"template":"","format":"standard","meta":{"_jetpack_memberships_contains_paid_content":false,"footnotes":"","jetpack_publicize_message":"","jetpack_publicize_feature_enabled":true,"jetpack_social_post_already_shared":true,"jetpack_social_options":{"image_generator_settings":{"template":"highway","default_image_id":0,"font":"","enabled":false},"version":2}},"categories":[253],"tags":[],"class_list":["post-13793","post","type-post","status-publish","format-standard","has-post-thumbnail","hentry","category-gundem"],"jetpack_publicize_connections":[],"jetpack_featured_media_url":"https:\/\/kibrisayna.com\/wp-content\/uploads\/2024\/12\/1734080674155bicakli.jpg","jetpack_sharing_enabled":true,"_links":{"self":[{"href":"https:\/\/kibrisayna.com\/index.php\/wp-json\/wp\/v2\/posts\/13793","targetHints":{"allow":["GET"]}}],"collection":[{"href":"https:\/\/kibrisayna.com\/index.php\/wp-json\/wp\/v2\/posts"}],"about":[{"href":"https:\/\/kibrisayna.com\/index.php\/wp-json\/wp\/v2\/types\/post"}],"author":[{"embeddable":true,"href":"https:\/\/kibrisayna.com\/index.php\/wp-json\/wp\/v2\/users\/908"}],"replies":[{"embeddable":true,"href":"https:\/\/kibrisayna.com\/index.php\/wp-json\/wp\/v2\/comments?post=13793"}],"version-history":[{"count":0,"href":"https:\/\/kibrisayna.com\/index.php\/wp-json\/wp\/v2\/posts\/13793\/revisions"}],"wp:featuredmedia":[{"embeddable":true,"href":"https:\/\/kibrisayna.com\/index.php\/wp-json\/wp\/v2\/media\/13794"}],"wp:attachment":[{"href":"https:\/\/kibrisayna.com\/index.php\/wp-json\/wp\/v2\/media?parent=13793"}],"wp:term":[{"taxonomy":"category","embeddable":true,"href":"https:\/\/kibrisayna.com\/index.php\/wp-json\/wp\/v2\/categories?post=13793"},{"taxonomy":"post_tag","embeddable":true,"href":"https:\/\/kibrisayna.com\/index.php\/wp-json\/wp\/v2\/tags?post=13793"}],"curies":[{"name":"wp","href":"https:\/\/api.w.org\/{rel}","templated":true}]}}