{"id":13761,"date":"2024-12-12T19:13:56","date_gmt":"2024-12-12T16:13:56","guid":{"rendered":"https:\/\/kibrisayna.com\/index.php\/2024\/12\/12\/kamu-yeterlik-sinavlari-hafta-sonu-yapilacak-brtk\/"},"modified":"2024-12-12T19:13:56","modified_gmt":"2024-12-12T16:13:56","slug":"kamu-yeterlik-sinavlari-hafta-sonu-yapilacak-brtk","status":"publish","type":"post","link":"https:\/\/kibrisayna.com\/index.php\/2024\/12\/12\/kamu-yeterlik-sinavlari-hafta-sonu-yapilacak-brtk\/","title":{"rendered":"Kamu Yeterlik S\u0131navlar\u0131 hafta sonu yap\u0131lacak \u2013 BRTK"},"content":{"rendered":"<p> <br \/>\n<\/p>\n<div>\n<div class=\"mariselle-image-container center\">\n                <img loading=\"lazy\" decoding=\"async\" width=\"1024\" height=\"683\" class=\"lazy-image\" alt=\"\" sizes=\"auto, (max-width: 1024px) 100vw, 1024px\" src=\"https:\/\/brtk.net\/wp-content\/uploads\/2023\/05\/12\/sinavvvvvvv.jpg?ver=c902936828fe259ac6e89faa1c6b2e13\" srcset=\"https:\/\/brtk.net\/wp-content\/uploads\/2023\/05\/12\/sinavvvvvvv.jpg?ver=c902936828fe259ac6e89faa1c6b2e13 1024w, https:\/\/brtk.net\/wp-content\/uploads\/2023\/05\/12\/sinavvvvvvv-300x200.jpg?ver=c902936828fe259ac6e89faa1c6b2e13 300w, https:\/\/brtk.net\/wp-content\/uploads\/2023\/05\/12\/sinavvvvvvv-768x512.jpg?ver=c902936828fe259ac6e89faa1c6b2e13 768w\"\/>                            <\/div>\n<p> Kamu Yeterlik S\u0131navlar\u0131, cumartesi ve pazar g\u00fcn\u00fc yap\u0131lacak.<\/p>\n<p>Yaz\u0131l\u0131 a\u00e7\u0131klama yapan Kamu Hizmeti Komisyonu Ba\u015fkan\u0131 \u00d6mer A. K\u00f6seo\u011flu, y\u0131lda iki kez yap\u0131lmas\u0131 \u00f6ng\u00f6r\u00fclen Kamu Yeterlik S\u0131navlar\u0131\u2019n\u0131n, 14 ve 15 Aral\u0131k tarihlerinde ger\u00e7ekle\u015ftirilece\u011fini belirtti.<\/p>\n<p>Orta D\u00fczey ve Ortaokul D\u00fczeyi Yeterlik S\u0131navlar\u0131 14 Aral\u0131k Cumartesi g\u00fcn\u00fc saat 11.00\u2019de T\u00fcrk Maarif Koleji, \u015eht. H\u00fcseyin Ruso Ortaokulu ve Atleks Sanverler Ortaokulu\u2019nda, Alt D\u00fczey Yeterlik S\u0131nav\u0131 15 Aral\u0131k Pazar g\u00fcn\u00fc saat 10.30\u2019da yine  ayn\u0131 okullarda yap\u0131lacak.<\/p>\n<p>\u00dcst D\u00fczey Yeterlik S\u0131nav\u0131 ise ayn\u0131 g\u00fcn saat 14.00\u2019d-te \u015eht. H\u00fcseyin Ruso Ortaokulu\u2019nda  d\u00fczenlenecek.<\/p>\n<p><strong>-\u201cS\u0131navlara yakla\u015f\u0131k 3 bin ki\u015finin kat\u0131lmas\u0131 bekleniyor\u201d<\/strong><\/p>\n<p>\u00dcst D\u00fczey Yeterlik S\u0131nav\u0131\u2019na 145, Orta D\u00fczey Yeterlik S\u0131nav\u0131\u2019na  bin 585, Alt D\u00fczey Yeterlik S\u0131nav\u0131\u2019na bin 556, Ortaokul D\u00fczeyi Yeterlik S\u0131nav\u0131\u2019na 34 ki\u015fi kat\u0131lacak. S\u0131navlara girecek toplam ki\u015fi say\u0131s\u0131n\u0131n 3 bin 320 olmas\u0131 bekleniyor.<\/p>\n<p>S\u0131navlara kat\u0131lacak adaylara 11 Aral\u0131k\u2019ta s\u0131nav yeri ve saatini bildiren SMS at\u0131ld\u0131\u011f\u0131n\u0131 belirten K\u00f6seo\u011flu, ayn\u0131 zamanda khk.gov.ct.tr web sitesinde de aday numaralar\u0131 ile \u00e7a\u011fr\u0131 yap\u0131ld\u0131\u011f\u0131n\u0131 kaydetti.<\/p>\n<p>K\u00f6seo\u011flu, s\u0131navlara kat\u0131lacak adaylar\u0131n s\u0131nava girerken kimlik kart\u0131 veya kimli\u011fini do\u011frulayacak resmi bir belgenin orijinalini ibraz etmek zorunda oldu\u011funu, kimli\u011fini belgeleyemeyen adaylar\u0131n s\u0131nava al\u0131nmayaca\u011f\u0131 ve s\u0131nava girecek adaylar\u0131n  en ge\u00e7 s\u0131nava  30 dakika kala s\u0131nav salonu \u00f6n\u00fcnde haz\u0131r olmalar\u0131 gerekti\u011fini ifade etti.<\/p>\n<p>S\u0131nav sonu\u00e7lar\u0131n\u0131n ayn\u0131 g\u00fcn i\u00e7erisinde khk.gov.ct.tr adresli resmi web sitesinden duyurulaca\u011f\u0131n\u0131 dile getiren K\u00f6seo\u011flu, s\u0131nav sonras\u0131 a\u00e7\u0131klanacak sonu\u00e7lar\u0131n ge\u00e7ici sonu\u00e7lar olaca\u011f\u0131n\u0131,  kesin sonu\u00e7lar\u0131n \u00fc\u00e7  i\u015f g\u00fcn\u00fc boyunca al\u0131nacak itirazlar\u0131n de\u011ferlendirilmesi sonras\u0131 belirlenece\u011fini  ve ba\u015far\u0131l\u0131 olan adaylar\u0131n, sonu\u00e7lar\u0131n kesinle\u015fmesinin ard\u0131ndan, daha sonra a\u00e7\u0131klanacak bir tarihte Kamu Hizmeti Komisyonu Ba\u015fkanl\u0131\u011f\u0131\u2019ndan sertifikalar\u0131n\u0131 alabilece\u011fini belirtti.<\/p>\n<\/p><\/div>\n<p><script async\n                    defer\n                    crossorigin=\"anonymous\"\n                    src=\"https:\/\/connect.facebook.net\/tr_TR\/sdk.js#xfbml=1&#038;version=v3.3\"\n            ><\/script><br \/>\n<br \/><br \/>\n<br \/><a href=\"https:\/\/brtk.net\/kamu-yeterlik-sinavlari-hafta-sonu-yapilacak\/\">Kaynak BRT <\/a><\/p>\n","protected":false},"excerpt":{"rendered":"<p>Kamu Yeterlik S\u0131navlar\u0131, cumartesi ve pazar g\u00fcn\u00fc yap\u0131lacak. Yaz\u0131l\u0131 a\u00e7\u0131klama yapan Kamu Hizmeti Komisyonu Ba\u015fkan\u0131 \u00d6mer A. K\u00f6seo\u011flu, y\u0131lda iki kez yap\u0131lmas\u0131 \u00f6ng\u00f6r\u00fclen Kamu Yeterlik S\u0131navlar\u0131\u2019n\u0131n, 14 ve 15 Aral\u0131k tarihlerinde ger\u00e7ekle\u015ftirilece\u011fini belirtti. Orta D\u00fczey ve Ortaokul D\u00fczeyi Yeterlik S\u0131navlar\u0131 14 Aral\u0131k Cumartesi g\u00fcn\u00fc saat 11.00\u2019de T\u00fcrk Maarif Koleji, \u015eht. H\u00fcseyin Ruso Ortaokulu ve Atleks [&hellip;]<\/p>\n","protected":false},"author":908,"featured_media":2193,"comment_status":"open","ping_status":"open","sticky":false,"template":"","format":"standard","meta":{"_jetpack_memberships_contains_paid_content":false,"footnotes":"","jetpack_publicize_message":"","jetpack_publicize_feature_enabled":true,"jetpack_social_post_already_shared":true,"jetpack_social_options":{"image_generator_settings":{"template":"highway","default_image_id":0,"font":"","enabled":false},"version":2}},"categories":[253],"tags":[],"class_list":["post-13761","post","type-post","status-publish","format-standard","has-post-thumbnail","hentry","category-gundem"],"jetpack_publicize_connections":[],"jetpack_featured_media_url":"https:\/\/kibrisayna.com\/wp-content\/uploads\/2024\/08\/sinavvvvvvv.jpg","jetpack_sharing_enabled":true,"_links":{"self":[{"href":"https:\/\/kibrisayna.com\/index.php\/wp-json\/wp\/v2\/posts\/13761","targetHints":{"allow":["GET"]}}],"collection":[{"href":"https:\/\/kibrisayna.com\/index.php\/wp-json\/wp\/v2\/posts"}],"about":[{"href":"https:\/\/kibrisayna.com\/index.php\/wp-json\/wp\/v2\/types\/post"}],"author":[{"embeddable":true,"href":"https:\/\/kibrisayna.com\/index.php\/wp-json\/wp\/v2\/users\/908"}],"replies":[{"embeddable":true,"href":"https:\/\/kibrisayna.com\/index.php\/wp-json\/wp\/v2\/comments?post=13761"}],"version-history":[{"count":0,"href":"https:\/\/kibrisayna.com\/index.php\/wp-json\/wp\/v2\/posts\/13761\/revisions"}],"wp:featuredmedia":[{"embeddable":true,"href":"https:\/\/kibrisayna.com\/index.php\/wp-json\/wp\/v2\/media\/2193"}],"wp:attachment":[{"href":"https:\/\/kibrisayna.com\/index.php\/wp-json\/wp\/v2\/media?parent=13761"}],"wp:term":[{"taxonomy":"category","embeddable":true,"href":"https:\/\/kibrisayna.com\/index.php\/wp-json\/wp\/v2\/categories?post=13761"},{"taxonomy":"post_tag","embeddable":true,"href":"https:\/\/kibrisayna.com\/index.php\/wp-json\/wp\/v2\/tags?post=13761"}],"curies":[{"name":"wp","href":"https:\/\/api.w.org\/{rel}","templated":true}]}}