{"id":13758,"date":"2024-12-12T19:04:08","date_gmt":"2024-12-12T16:04:08","guid":{"rendered":"https:\/\/kibrisayna.com\/index.php\/2024\/12\/12\/mecliste-gkk-butcesi-oy-birligiyle-kabul-edildi-brtk\/"},"modified":"2024-12-12T19:04:08","modified_gmt":"2024-12-12T16:04:08","slug":"mecliste-gkk-butcesi-oy-birligiyle-kabul-edildi-brtk","status":"publish","type":"post","link":"https:\/\/kibrisayna.com\/index.php\/2024\/12\/12\/mecliste-gkk-butcesi-oy-birligiyle-kabul-edildi-brtk\/","title":{"rendered":"Meclis\u2019te GKK b\u00fct\u00e7esi oy birli\u011fiyle kabul edildi \u2013 BRTK"},"content":{"rendered":"<p> <br \/>\n<\/p>\n<div>\n<div class=\"mariselle-image-container center\">\n                <img loading=\"lazy\" decoding=\"async\" width=\"1800\" height=\"1200\" class=\"lazy-image\" alt=\"\" sizes=\"auto, (max-width: 1800px) 100vw, 1800px\" src=\"https:\/\/brtk.net\/wp-content\/uploads\/2024\/12\/11\/1733920498617MECLIS-0912-05.jpg?ver=577c12bd73c359896c255a8333f45cdc\" srcset=\"https:\/\/brtk.net\/wp-content\/uploads\/2024\/12\/11\/1733920498617MECLIS-0912-05.jpg?ver=577c12bd73c359896c255a8333f45cdc 1800w, https:\/\/brtk.net\/wp-content\/uploads\/2024\/12\/11\/1733920498617MECLIS-0912-05-300x200.jpg?ver=19e616efa41ee892ee4d8be4ea745808 300w, https:\/\/brtk.net\/wp-content\/uploads\/2024\/12\/11\/1733920498617MECLIS-0912-05-1024x683.jpg?ver=19e616efa41ee892ee4d8be4ea745808 1024w, https:\/\/brtk.net\/wp-content\/uploads\/2024\/12\/11\/1733920498617MECLIS-0912-05-768x512.jpg?ver=19e616efa41ee892ee4d8be4ea745808 768w, https:\/\/brtk.net\/wp-content\/uploads\/2024\/12\/11\/1733920498617MECLIS-0912-05-1536x1024.jpg?ver=a244fda09a9e59183f85b15ee00874ab 1536w\"\/>                            <\/div>\n<p>G\u00fcvenlik Kuvvetleri Komutanl\u0131\u011f\u0131\u2019n\u0131n 5 milyar 400 milyon TL\u2019lik b\u00fct\u00e7esi Cumhuriyet Meclisi Genel Kurulu\u2019nda oy birli\u011fiyle kabul edildi.<\/p>\n<p>-Bar\u00e7\u0131n<\/p>\n<p>B\u00fct\u00e7e \u00fczerine ilk s\u00f6z\u00fc CTP Milletvekili Devrim Bar\u00e7\u0131n ald\u0131. G\u00fcvenlik kamu g\u00f6revlilerinin haklar\u0131n\u0131n ilerletilmesi i\u00e7in uzun s\u00fcredir m\u00fccadele y\u00fcr\u00fctt\u00fcklerini dile getiren Bar\u00e7\u0131n, uzman askerlerin baremleriyle ilgili ciddi s\u0131k\u0131nt\u0131lar oldu\u011funu s\u00f6yledi.<\/p>\n<p>47\/10 yasayla ilgili d\u00fczenlemeler yap\u0131l\u0131rken, 2011 \u00f6ncesi askerlerin sorunlar\u0131na y\u00f6nelik \u00e7al\u0131\u015fma yap\u0131lmad\u0131\u011f\u0131n\u0131 belirten Bar\u00e7\u0131n, GKK\u2019da \u00e7al\u0131\u015fan vatanda\u015flar\u0131n yasamadan kaynakl\u0131 sorunlar\u0131n\u0131 \u00e7\u00f6zmenin vekillerin sorumlulu\u011fu oldu\u011funu kaydetti.<\/p>\n<p>2011 sonras\u0131 i\u015f\u00e7ilere k\u0131dem tazminat\u0131 verilece\u011fine y\u00f6nelik yarg\u0131 karar\u0131na i\u015faret eden Bar\u00e7\u0131n, uzmanl\u0131ktan sivil i\u015f\u00e7ili\u011fe ge\u00e7enlerin ve uzman askerlerin k\u0131dem tazminat\u0131 sorununun da \u00e7\u00f6z\u00fclebilece\u011fini s\u00f6yledi.<\/p>\n<p>GKK\u2019da 100\u2019den fazla s\u00f6zle\u015fmeli \u00e7al\u0131\u015fan oldu\u011funu dile getiren Bar\u00e7\u0131n, kamuda s\u00f6zle\u015fmelilerin kademe ilerlemesi alabildi\u011fini, GKK\u2019da \u00e7al\u0131\u015fanlar\u0131n da bunu alabilmesi gerekti\u011fini dile getirdi. Bar\u00e7\u0131n, bunun e\u015fitler aras\u0131 bir e\u015fitsizlik oldu\u011funu ifade etti.<\/p>\n<p>UBP Milletvekili Resmiye Ero\u011flu Canaltay\u2019\u0131n Komitede, Askerlik Yasas\u0131 ile ilgili de\u011fi\u015fiklik yap\u0131laca\u011f\u0131n\u0131 s\u00f6yledi\u011fini belirten Bar\u00e7\u0131n, \u00f6denemez duruma gelen bedelli askerlik konusunun \u00e7\u00f6z\u00fclmesi gerekti\u011fini kaydetti.<\/p>\n<p>UBP Milletvekili Resmiye Ero\u011flu Canaltay ise yerinden s\u00f6z alarak, yasa tasar\u0131s\u0131n\u0131n haz\u0131rland\u0131\u011f\u0131n\u0131, Hukuk Komitesi\u2019ne g\u00f6nderilece\u011fini belirterek, \u201cY\u0131lba\u015f\u0131ndan sonra yasa Genel Kurul\u2019a gelecek\u201d. dedi.<\/p>\n<p>Konu\u015fmas\u0131na devam eden Bar\u00e7\u0131n uzman askerlerin ya\u015fad\u0131\u011f\u0131 sorunlar\u0131n Komitede a\u00e7\u0131k bir \u015fekilde konu\u015fuldu\u011fu ifade ederek, Maliye Bakan\u0131 Berova\u2019n\u0131n sorunun \u00e7\u00f6z\u00fclece\u011fini a\u00e7\u0131klamas\u0131n\u0131 temenni etti.<\/p>\n<p>-Ye\u015fil\u0131rmak<\/p>\n<p>UBP Milletvekili Emrah Ye\u015fil\u0131rmak ise yerinden s\u00f6z alarak, bu konuda G\u00fcvenlik Kuvvetleri Komutanl\u0131\u011f\u0131\u2019n\u0131 ziyaret ettiklerini ifade ederek, uzman askerlerin sorunlar\u0131 konusunda hassas olduklar\u0131n\u0131, \u00e7\u00f6z\u00fclmesi i\u00e7in defalarca g\u00f6r\u00fc\u015ft\u00fcklerini kaydetti.<\/p>\n<p>-Canaltay<\/p>\n<p>UBP Milletvekili Resmiye Ero\u011flu Canaltay da yerinden s\u00f6z alarak, Komiteye gelen G\u00fcvenlik Kamu G\u00f6revlileri Yasas\u0131\u2019nda baz\u0131 tezatl\u0131klar oldu\u011funu g\u00f6rd\u00fcklerini ve geri g\u00f6nderdiklerini ifade ederek, yasan\u0131n Maliye Bakanl\u0131\u011f\u0131 ile isti\u015fare edilerek, d\u00fczenlendi\u011fini anlatt\u0131. Canaltay, yasan\u0131n y\u0131lba\u015f\u0131ndan \u00f6nce ge\u00e7memesi i\u00e7in bir sebep olmad\u0131\u011f\u0131n\u0131 s\u00f6yledi.<\/p>\n<p>-Bar\u00e7\u0131n<\/p>\n<p>CTP Milletvekili Devrim Bar\u00e7\u0131n ise, yasaya ili\u015fkin yap\u0131lan \u00e7al\u0131\u015fman\u0131n kendileriyle de payla\u015f\u0131lmas\u0131n\u0131 istedi.<\/p>\n<p>-\u00d6zuslu<\/p>\n<p>CTP Milletvekili Sami \u00d6zuslu da yerinden s\u00f6z alarak, hassasiyetten dolay\u0131 mutlu olduklar\u0131n\u0131 belirterek, y\u0131lba\u015f\u0131ndan \u00f6nce bu sorunun \u00e7\u00f6z\u00fclece\u011finin a\u00e7\u0131klanmas\u0131n\u0131 talep etti.<\/p>\n<p>-Solyal\u0131<\/p>\n<p>CTP Milletvekili \u00dcr\u00fcn Solyal\u0131 ise, zorunlu askerli\u011fin son bulmas\u0131 talebini yineleyerek, ba\u015flad\u0131, zorunlu askerli\u011fin, zorunlu g\u00f6\u00e7\u00fc beraberinde getirdi\u011fini ifade etti.<\/p>\n<p>Zorunlu askerli\u011fi reddeden insanlar i\u00e7in yarat\u0131lmayan yasalar\u0131n KKTC ve TC\u2019yi A\u0130HM\u2019de mahkum etti\u011fini belirten Solyal\u0131, bu konunun neden g\u00fcndeme al\u0131nmad\u0131\u011f\u0131n\u0131 sordu.<\/p>\n<p>Vicdani ret\u00e7iler i\u00e7in alternatif hizmetin olmas\u0131 gerekti\u011fini kaydeden Solyal\u0131, Askeri Su\u00e7 ve Cezalar Yasas\u0131 konusunda da ad\u0131m at\u0131lmas\u0131n\u0131 beklediklerini dile getirdi.<\/p>\n<p>Bedelli askerli\u011fin bedelinin \u201ccan yakar\u201d duruma geldi\u011fini kaydeden Solyal\u0131, Resmiye Ero\u011flu Canaltay\u2019\u0131n sundu\u011fu reddedilen yasa \u00f6nerisinin Komiteye gelmesini talep etti. \u00dcr\u00fcn Solyal\u0131, yurt d\u0131\u015f\u0131nda ya\u015fayan insanlar i\u00e7in de askerlik meselesinin \u00e7\u00f6z\u00fclmesini istedi.<\/p>\n<p>-Hasipo\u011flu<\/p>\n<p>UBP Milletvekili O\u011fuzhan Hasipo\u011flu ise, \u201cEtraf\u0131m\u0131z tam bir ate\u015f \u00e7emberi olmu\u015f durumda.\u201d diyerek, geli\u015fmeleri takip ettiklerini s\u00f6yledi.<\/p>\n<p>G\u00fcney K\u0131br\u0131s\u2019\u0131n savunma b\u00fct\u00e7elerinde ciddi art\u0131\u015f oldu\u011funu kaydeden Hasipo\u011flu, savunma b\u00fct\u00e7esinin 588,4 Milyon euro olarak belirlendi\u011fini ifade etti.<\/p>\n<p>ABD\u2019nin ilk kez G\u00fcney K\u0131br\u0131s askeri birli\u011fini askeri e\u011fitim program\u0131 i\u00e7ine ald\u0131\u011f\u0131n\u0131 belirten O\u011fuzhan Hasipo\u011flu, Rum Y\u00f6netimi lideri Hristodulidis\u2019in att\u0131\u011f\u0131 ad\u0131mlara de\u011findi.<\/p>\n<p>\u201cBiz bu geli\u015fmelere duyars\u0131z kalamay\u0131z.\u201d diyen Hasipo\u011flu, Hristodudilis\u2019in aday\u0131, \u0130ngiliz, Amerikan, Frans\u0131z askeri birliklerine teslim etti\u011fini vurgulad\u0131. O\u011fuzhan Hasipo\u011flu, \u201cT\u00fcrkiye\u2019nin etkin ve fiili garantisi bizim k\u0131rm\u0131z\u0131 \u00e7izgimizdir.\u201d dedi.<\/p>\n<p>Hristodulidis\u2019in aday\u0131 ate\u015f topu haline \u00e7evirmek i\u00e7in ad\u0131m att\u0131\u011f\u0131n\u0131 yineleyen Hasipo\u011flu, \u201cNe kadar silahlan\u0131rsa silahlans\u0131n, yan\u0131 ba\u015f\u0131m\u0131zda T\u00fcrkiye Cumhuriyeti oldu\u011fu m\u00fcddet\u00e7e bunlar beyhude \u00e7abalard\u0131r.\u201d dedi.<\/p>\n<p>O\u011fuzhan Hasipo\u011flu, Rum taraf\u0131n\u0131n \u201cben egemenim\u201d zihniyetinde oldu\u011funu belirterek, egemen e\u015fitli\u011fin bu nedenle \u00f6nemli oldu\u011funu vurgulad\u0131.<\/p>\n<p>-T\u00f6re<\/p>\n<p>UBP Milletvekili Zorlu T\u00f6re ise, \u201cvicdani reddin\u201d uygulanmas\u0131n\u0131n m\u00fcmk\u00fcn olmad\u0131\u011f\u0131n\u0131 kaydederek, bedelli askerlikten yararlana\u0131lbilece\u011fini s\u00f6yledi.<\/p>\n<p>\u201cVicdan ret konusunu ka\u015f\u0131man\u0131n \u201ctrib\u00fcnlere oynamaktan\u201d ba\u015fka bir \u015fey olmad\u0131\u011f\u0131n\u0131 ifade eden T\u00f6re, \u201cKe\u015fke askersiz, silahs\u0131z bir d\u00fcnya olsa, b\u00fct\u00fcn d\u00fcnyada bar\u0131\u015f olsa, maalesef \u00f6yle bir d\u00fcnya yok.\u201d diye konu\u015ftu.<\/p>\n<p>Gazze\u2019de ya\u015fananlara dikkat \u00e7eken Zorlu T\u00f6re, \u201cBug\u00fcn ya\u015fananlar bize ibret olmal\u0131d\u0131r.\u201d dedi. T\u00f6re, GKK \u00e7al\u0131\u015fanlar\u0131n\u0131n \u00f6zl\u00fck haklar\u0131 konusunda yap\u0131lmas\u0131 gerekenlerin yap\u0131laca\u011f\u0131na inan\u00e7 belirtti.<\/p>\n<p>\u201cG\u00fcvenlik Kuvvetleri Komutanl\u0131\u011f\u0131 bizim g\u00f6zbebe\u011fimizdir.\u201d diyen T\u00f6re, Rumlar\u0131n zihniyetiyle, K\u0131br\u0131s\u2019ta bir anla\u015fma beklentisi i\u00e7erisine girilmesinin \u201chayalcilik\u201d oldu\u011funu belirtti.<\/p>\n<p>\u201cK\u0131br\u0131s Cumhuriyeti\u201dnin gasp edildi\u011fini dile getiren T\u00f6re, 10 Aral\u0131k D\u00fcnya \u0130nsan Haklar\u0131 G\u00fcn\u00fc\u2019nde, K\u0131br\u0131sl\u0131 T\u00fcrk halk\u0131na uygulanan ambargolar\u0131n dile getirilmedi\u011fi ele\u015ftirisinde bulundu.<\/p>\n<p>-Talat<\/p>\n<p>CTP Milletvekili Ongun Talat ise, \u201cEsas olan insand\u0131r.\u201d diyerek, kutsal kavramlar\u0131n insanlar\u0131n \u00f6zg\u00fcrl\u00fc\u011f\u00fcn\u00fcn \u00f6n\u00fcne ge\u00e7memesi gerekti\u011fini kaydetti. Devletin de, di\u011fer kurumlar\u0131n da insan i\u00e7in oldu\u011funu ifade eden Talat, bir gazetecinin yaz\u0131s\u0131 nedeniyle a\u011f\u0131r cezada yarg\u0131laman\u0131n e\u015fi\u011finde oldu\u011funu s\u00f6yledi.<\/p>\n<p>GKK\u2019n\u0131n da bir kurum oldu\u011funu dile getiren Talat, \u201cBu devirde b\u00f6yle bir su\u00e7 olmaz, GKK\u2019n\u0131n manevi \u015fahsiyeti gibi bir soyut ceza maddesi olamaz.\u201d dedi. Bir gazetecinin yaz\u0131s\u0131 nedeniyle a\u011f\u0131r cezada yarg\u0131lanmamas\u0131 gerekti\u011fini belirten Ongun Talat, ifade \u00f6zg\u00fcrl\u00fc\u011f\u00fc ile ilgili i\u00e7tihatlar\u0131n belirlendi\u011fini s\u00f6yledi.<\/p>\n<p>\u201cGKK, hangi anket yap\u0131l\u0131rsa, yap\u0131ls\u0131n en g\u00fcvenilen kurumlar aras\u0131nda de\u011fil mi? diye soran Talat, kurumun itibar\u0131n\u0131 kaybetmesinin bu kadar basit olmad\u0131\u011f\u0131n\u0131 anlatt\u0131.<\/p>\n<p>\u201cAli Ki\u015fmir\u2019in yarg\u0131lanmas\u0131yla nas\u0131l mesaj vermek istiyorsunuz insanlara?\u201d diye soran Talat, GKK\u2019n\u0131n itibar\u0131n\u0131n tehdit alt\u0131nda oldu\u011fu bir durum olmad\u0131\u011f\u0131n\u0131 belirtti.<\/p>\n<p>\u0130nsanlar\u0131n ifade ettikleri y\u00fcz\u00fcnden yarg\u0131lanmas\u0131n\u0131n \u201c\u00e7a\u011f d\u0131\u015f\u0131\u201d oldu\u011funu dile getiren Talat, G\u00fcvenlik Kuvvetleri Komutanl\u0131\u011f\u0131\u2019n\u0131n bu s\u00fcreci g\u00f6zden ge\u00e7irip, sonland\u0131rmas\u0131 gerekti\u011fini s\u00f6yledi.<\/p>\n<p>-Berova<\/p>\n<p>Maliye Bakan\u0131 \u00d6zdemir Berova ise, GKK\u2019n\u0131n \u00e7evik, donan\u0131ml\u0131, dosta \u201cg\u00fcven\u201d, d\u00fc\u015fmana \u201ckorku\u201d veren bir kurum olmas\u0131n\u0131n ortak g\u00f6r\u00fc\u015f oldu\u011funu belirtti.<\/p>\n<p>Askerlerin \u00f6zl\u00fck haklar\u0131 konusuna de\u011finen Berova, ge\u00e7en y\u0131ldan \u00f6nce bu sorunlarla ilgili g\u00fcndemin taraflar\u0131na iletildi\u011fini ve bu konuda \u00fc\u00e7 vekili g\u00f6revlendirdiklerini dile getirdi. Ekibin pek \u00e7ok kez GKK yetkilileriyle g\u00f6r\u00fc\u015ft\u00fc\u011f\u00fcn\u00fc ifade eden Berova, Maliye Bakanl\u0131\u011f\u0131\u2019nda da \u00e7e\u015fitli \u00e7al\u0131\u015fmalar yap\u0131ld\u0131\u011f\u0131n\u0131 s\u00f6yledi.<\/p>\n<p>GKK\u2019n\u0131n harcamalar\u0131n\u0131n her zaman yanlar\u0131nda olan anavatan T\u00fcrkiye Cumhuriyeti taraf\u0131ndan finanse edildi\u011fini belirten \u00d6zdemir Berova, Bar\u00e7\u0131n\u2019\u0131n okudu\u011fu Komite tutanaklar\u0131n\u0131n kelimesi kelimesine do\u011fru oldu\u011funu kaydetti.<\/p>\n<p>Ba\u015fbakan \u00dcnal \u00dcstel\u2019in T\u00fcrkiye\u2019deki temaslarda bu konunun da g\u00fcndeme geldi\u011fini ifade eden Berova, bu konuda yar\u0131n bir toplant\u0131 yap\u0131larak, son a\u015famaya ge\u00e7ilece\u011fini a\u00e7\u0131klad\u0131.<\/p>\n<p>GKK\u2019da \u00e7al\u0131\u015fan personelin taleplerinin yerine getirilmesini arzu ettiklerini kaydeden Bakan Berova, Yasa Tasar\u0131s\u0131\u2019n\u0131n iyile\u015ftirilmesinde bir noktaya varacaklar\u0131n\u0131, muhalefete de bilgi vereceklerini s\u00f6yledi. Berova, \u201cGKK, bizim g\u00f6zbebe\u011fimizdir\u201d dedi.<\/p>\n<p>Bedelli askerlikle ilgili \u00fccret belirlenmesinin h\u00fck\u00fcmetin tasarrufunda oldu\u011funu dile getiren Berova, bu tasar\u0131y\u0131 da en k\u0131sa s\u00fcrede Meclis\u2019e sunacaklar\u0131n\u0131 kaydetti.<\/p>\n<p>M\u00fckellef, yani zorunlu askerlik konusuna da de\u011finen Berova, Anayasa\u2019da askerli\u011fin bir yurt \u00f6devi oldu\u011funu ve K\u0131br\u0131s\u2019ta bir ate\u015fkes s\u00fcrecinde b\u00f6yle bir konunun zamanlama a\u00e7\u0131s\u0131ndan g\u00fcndeme gelmesinin do\u011fru olmad\u0131\u011f\u0131 d\u00fc\u015f\u00fcncesini belirtti.<\/p>\n<p>-\u015eahali<\/p>\n<p>CTP Milletvekili Erkut \u015eahali ise yerinden s\u00f6z alarak, hiyerar\u015fi, k\u0131dem ve \u00f6zl\u00fck haklar\u0131n\u0131n ne zaman \u00e7\u00f6z\u00fclece\u011fini sordu. Berova, h\u00fck\u00fcmetin bu konuda hassasiyetinin mevcut oldu\u011funu s\u00f6yledi.<\/p>\n<p>Meclis Genel Kurulu\u2019nda G\u00fcvenlik Kuvvetleri Komutanl\u0131\u011f\u0131 b\u00fct\u00e7esinin oy birli\u011fi ile  onaylanmas\u0131n\u0131n ard\u0131ndan \u0130\u00e7i\u015fleri Bakanl\u0131\u011f\u0131 b\u00fct\u00e7esi g\u00f6r\u00fc\u015f\u00fclmeye ba\u015fland\u0131.<\/p>\n<\/p><\/div>\n<p><script async\n                    defer\n                    crossorigin=\"anonymous\"\n                    src=\"https:\/\/connect.facebook.net\/tr_TR\/sdk.js#xfbml=1&#038;version=v3.3\"\n            ><\/script><br \/>\n<br \/><br \/>\n<br \/><a href=\"https:\/\/brtk.net\/mecliste-gkk-butcesi-oy-birligiyle-kabul-edildi\/\">Kaynak BRT <\/a><\/p>\n","protected":false},"excerpt":{"rendered":"<p>G\u00fcvenlik Kuvvetleri Komutanl\u0131\u011f\u0131\u2019n\u0131n 5 milyar 400 milyon TL\u2019lik b\u00fct\u00e7esi Cumhuriyet Meclisi Genel Kurulu\u2019nda oy birli\u011fiyle kabul edildi. -Bar\u00e7\u0131n B\u00fct\u00e7e \u00fczerine ilk s\u00f6z\u00fc CTP Milletvekili Devrim Bar\u00e7\u0131n ald\u0131. G\u00fcvenlik kamu g\u00f6revlilerinin haklar\u0131n\u0131n ilerletilmesi i\u00e7in uzun s\u00fcredir m\u00fccadele y\u00fcr\u00fctt\u00fcklerini dile getiren Bar\u00e7\u0131n, uzman askerlerin baremleriyle ilgili ciddi s\u0131k\u0131nt\u0131lar oldu\u011funu s\u00f6yledi. 47\/10 yasayla ilgili d\u00fczenlemeler yap\u0131l\u0131rken, 2011 \u00f6ncesi [&hellip;]<\/p>\n","protected":false},"author":908,"featured_media":13662,"comment_status":"open","ping_status":"open","sticky":false,"template":"","format":"standard","meta":{"_jetpack_memberships_contains_paid_content":false,"footnotes":"","jetpack_publicize_message":"","jetpack_publicize_feature_enabled":true,"jetpack_social_post_already_shared":true,"jetpack_social_options":{"image_generator_settings":{"template":"highway","default_image_id":0,"font":"","enabled":false},"version":2}},"categories":[253],"tags":[],"class_list":["post-13758","post","type-post","status-publish","format-standard","has-post-thumbnail","hentry","category-gundem"],"jetpack_publicize_connections":[],"jetpack_featured_media_url":"https:\/\/kibrisayna.com\/wp-content\/uploads\/2024\/12\/1733920498617MECLIS-0912-05.jpg","jetpack_sharing_enabled":true,"_links":{"self":[{"href":"https:\/\/kibrisayna.com\/index.php\/wp-json\/wp\/v2\/posts\/13758","targetHints":{"allow":["GET"]}}],"collection":[{"href":"https:\/\/kibrisayna.com\/index.php\/wp-json\/wp\/v2\/posts"}],"about":[{"href":"https:\/\/kibrisayna.com\/index.php\/wp-json\/wp\/v2\/types\/post"}],"author":[{"embeddable":true,"href":"https:\/\/kibrisayna.com\/index.php\/wp-json\/wp\/v2\/users\/908"}],"replies":[{"embeddable":true,"href":"https:\/\/kibrisayna.com\/index.php\/wp-json\/wp\/v2\/comments?post=13758"}],"version-history":[{"count":0,"href":"https:\/\/kibrisayna.com\/index.php\/wp-json\/wp\/v2\/posts\/13758\/revisions"}],"wp:featuredmedia":[{"embeddable":true,"href":"https:\/\/kibrisayna.com\/index.php\/wp-json\/wp\/v2\/media\/13662"}],"wp:attachment":[{"href":"https:\/\/kibrisayna.com\/index.php\/wp-json\/wp\/v2\/media?parent=13758"}],"wp:term":[{"taxonomy":"category","embeddable":true,"href":"https:\/\/kibrisayna.com\/index.php\/wp-json\/wp\/v2\/categories?post=13758"},{"taxonomy":"post_tag","embeddable":true,"href":"https:\/\/kibrisayna.com\/index.php\/wp-json\/wp\/v2\/tags?post=13758"}],"curies":[{"name":"wp","href":"https:\/\/api.w.org\/{rel}","templated":true}]}}