{"id":13706,"date":"2024-12-12T12:51:02","date_gmt":"2024-12-12T09:51:02","guid":{"rendered":"https:\/\/kibrisayna.com\/index.php\/2024\/12\/12\/kemal-saracoglu-vakfindan-yilbasina-ozel-bagis-cagrisi-brtk\/"},"modified":"2024-12-12T12:51:02","modified_gmt":"2024-12-12T09:51:02","slug":"kemal-saracoglu-vakfindan-yilbasina-ozel-bagis-cagrisi-brtk","status":"publish","type":"post","link":"https:\/\/kibrisayna.com\/index.php\/2024\/12\/12\/kemal-saracoglu-vakfindan-yilbasina-ozel-bagis-cagrisi-brtk\/","title":{"rendered":"Kemal Sara\u00e7o\u011flu Vakf\u0131\u2019ndan y\u0131lba\u015f\u0131na \u00f6zel ba\u011f\u0131\u015f \u00e7a\u011fr\u0131s\u0131\u2026 \u2013 BRTK"},"content":{"rendered":"<p> <br \/>\n<\/p>\n<div>\n<div class=\"mariselle-image-container center\">\n                <img loading=\"lazy\" decoding=\"async\" width=\"957\" height=\"354\" class=\"lazy-image\" alt=\"\" sizes=\"auto, (max-width: 957px) 100vw, 957px\" src=\"https:\/\/brtk.net\/wp-content\/uploads\/2024\/12\/12\/333333333333333333333333333333333.jpg?ver=da9d16f3af54980aac4ce261a90ce512\" srcset=\"https:\/\/brtk.net\/wp-content\/uploads\/2024\/12\/12\/333333333333333333333333333333333.jpg?ver=da9d16f3af54980aac4ce261a90ce512 957w, https:\/\/brtk.net\/wp-content\/uploads\/2024\/12\/12\/333333333333333333333333333333333-300x111.jpg?ver=0762c5d9b2c1661a309c77916ee1df71 300w, https:\/\/brtk.net\/wp-content\/uploads\/2024\/12\/12\/333333333333333333333333333333333-768x284.jpg?ver=80106ec7b7899c8d59b0df8a23dcfac0 768w\"\/>                            <\/div>\n<p>Kemal Sara\u00e7o\u011flu L\u00f6semili \u00c7ocuklar ve Kanserle Sava\u015f Vakf\u0131, hay\u0131rseverlere y\u0131lba\u015f\u0131 i\u00e7in ba\u011f\u0131\u015f \u00e7a\u011fr\u0131s\u0131nda bulundu.<\/p>\n<p>Vak\u0131f\u2019tan yap\u0131lan a\u00e7\u0131klamaya g\u00f6re, kanserle m\u00fccadele eden \u00e7ocuklara maddi ve manevi yard\u0131mlar\u0131yla destek olan Vakf\u0131n, t\u00fcm faaliyetlerini tamamen halktan gelen ba\u011f\u0131\u015flarla s\u00fcrd\u00fcrd\u00fc\u011f\u00fc belirtildi.<\/p>\n<p>A\u00e7\u0131klamada, Vakf\u0131n \u00fclkenin her k\u00f6\u015fesinden gelen desteklerle, tedavi s\u00fcrecinde ve hayati ihtiya\u00e7lar konusunda zorlanan \u00e7ocuklara ve ailelerine umut olmaya devam etti\u011fi belirtilerek, \u201cY\u0131lba\u015f\u0131nda umut olun.\u201d denildi.<\/p>\n<p>\u201cY\u0131lba\u015f\u0131 vesilesiyle sevdiklerinize Vak\u0131f \u00fcr\u00fcnlerinden hediye alarak ya da maddi ba\u011f\u0131\u015flar\u0131n\u0131zla bir \u00e7ocu\u011fun y\u00fcz\u00fcn\u00fc g\u00fcld\u00fcrebilirsiniz. Bir \u00e7ocu\u011fun hayata minik bir g\u00fcl\u00fcmsemeyle tutundu\u011funu, bir ailenin y\u0131lba\u015f\u0131 sofras\u0131nda huzurla g\u00fcld\u00fc\u011f\u00fcn\u00fc ve bir karde\u015fin sar\u0131ld\u0131\u011f\u0131 an\u0131n s\u0131cakl\u0131\u011f\u0131n\u0131 hissedin.\u201d ifadelerinin kullan\u0131ld\u0131\u011f\u0131 a\u00e7\u0131klamada, Vakf\u0131n bu anlar\u0131 ger\u00e7ekle\u015ftirmek i\u00e7in var g\u00fcc\u00fcyle \u00e7al\u0131\u015fmaya devam etti\u011fini belirtildi.<\/p>\n<p>\u201cBa\u011f\u0131\u015flar\u0131n\u0131zla umudu payla\u015f\u0131n. Birlikte daha fazla g\u00fcl\u00fcmseme yaratal\u0131m.\u201d denilen a\u00e7\u0131klama, hangi y\u00f6ntemlerle ba\u011f\u0131\u015f yap\u0131laca\u011f\u0131 konusunda \u015fu bilgiler payla\u015f\u0131ld\u0131:<\/p>\n<p>\u201cVak\u0131f\u0131n bu \u00f6nemli \u00e7abas\u0131na destek olmak isteyen hay\u0131rseverler, a\u015fa\u011f\u0131daki yollar\u0131 kullanarak maddi ba\u011f\u0131\u015fta bulunabilir. Vak\u0131f\u0131n banka hesap numaralar\u0131ndan ba\u011f\u0131\u015f yapabilirsiniz. www.kemalsaracoglu.org\/onlinebagis\/ adresinden online ba\u011f\u0131\u015flar\u0131n\u0131z\u0131 iletebilirsiniz. Her iki operator i\u00e7in de, fatural\u0131 hatlar\u0131n\u0131zdan \u2018KSV\u2019 yazarak 4110\u2019a mesaj g\u00f6nderebilirsiniz. Vakf\u0131 \u015fahsen ziyaret ederek destek olabilirsiniz. Kemal Sara\u00e7o\u011flu Vakf\u0131, kanserle m\u00fccadele eden \u00e7ocuklara ve ailelerine umut dolu bir gelecek sunmak i\u00e7in sizin deste\u011finizi bekliyor. Gelin, bu y\u0131lba\u015f\u0131nda daha fazla g\u00fcl\u00fcmseme yaratmak i\u00e7in bir ad\u0131m atal\u0131m.\u201d<\/p>\n<\/p><\/div>\n<p><script async\n                    defer\n                    crossorigin=\"anonymous\"\n                    src=\"https:\/\/connect.facebook.net\/tr_TR\/sdk.js#xfbml=1&#038;version=v3.3\"\n            ><\/script><br \/>\n<br \/><br \/>\n<br \/><a href=\"https:\/\/brtk.net\/kemal-saracoglu-vakfindan-yilbasina-ozel-bagis-cagrisi\/\">Kaynak BRT <\/a><\/p>\n","protected":false},"excerpt":{"rendered":"<p>Kemal Sara\u00e7o\u011flu L\u00f6semili \u00c7ocuklar ve Kanserle Sava\u015f Vakf\u0131, hay\u0131rseverlere y\u0131lba\u015f\u0131 i\u00e7in ba\u011f\u0131\u015f \u00e7a\u011fr\u0131s\u0131nda bulundu. Vak\u0131f\u2019tan yap\u0131lan a\u00e7\u0131klamaya g\u00f6re, kanserle m\u00fccadele eden \u00e7ocuklara maddi ve manevi yard\u0131mlar\u0131yla destek olan Vakf\u0131n, t\u00fcm faaliyetlerini tamamen halktan gelen ba\u011f\u0131\u015flarla s\u00fcrd\u00fcrd\u00fc\u011f\u00fc belirtildi. A\u00e7\u0131klamada, Vakf\u0131n \u00fclkenin her k\u00f6\u015fesinden gelen desteklerle, tedavi s\u00fcrecinde ve hayati ihtiya\u00e7lar konusunda zorlanan \u00e7ocuklara ve ailelerine umut [&hellip;]<\/p>\n","protected":false},"author":908,"featured_media":13707,"comment_status":"open","ping_status":"open","sticky":false,"template":"","format":"standard","meta":{"_jetpack_memberships_contains_paid_content":false,"footnotes":"","jetpack_publicize_message":"","jetpack_publicize_feature_enabled":true,"jetpack_social_post_already_shared":true,"jetpack_social_options":{"image_generator_settings":{"template":"highway","default_image_id":0,"font":"","enabled":false},"version":2}},"categories":[253],"tags":[],"class_list":["post-13706","post","type-post","status-publish","format-standard","has-post-thumbnail","hentry","category-gundem"],"jetpack_publicize_connections":[],"jetpack_featured_media_url":"https:\/\/kibrisayna.com\/wp-content\/uploads\/2024\/12\/333333333333333333333333333333333.jpg","jetpack_sharing_enabled":true,"_links":{"self":[{"href":"https:\/\/kibrisayna.com\/index.php\/wp-json\/wp\/v2\/posts\/13706","targetHints":{"allow":["GET"]}}],"collection":[{"href":"https:\/\/kibrisayna.com\/index.php\/wp-json\/wp\/v2\/posts"}],"about":[{"href":"https:\/\/kibrisayna.com\/index.php\/wp-json\/wp\/v2\/types\/post"}],"author":[{"embeddable":true,"href":"https:\/\/kibrisayna.com\/index.php\/wp-json\/wp\/v2\/users\/908"}],"replies":[{"embeddable":true,"href":"https:\/\/kibrisayna.com\/index.php\/wp-json\/wp\/v2\/comments?post=13706"}],"version-history":[{"count":0,"href":"https:\/\/kibrisayna.com\/index.php\/wp-json\/wp\/v2\/posts\/13706\/revisions"}],"wp:featuredmedia":[{"embeddable":true,"href":"https:\/\/kibrisayna.com\/index.php\/wp-json\/wp\/v2\/media\/13707"}],"wp:attachment":[{"href":"https:\/\/kibrisayna.com\/index.php\/wp-json\/wp\/v2\/media?parent=13706"}],"wp:term":[{"taxonomy":"category","embeddable":true,"href":"https:\/\/kibrisayna.com\/index.php\/wp-json\/wp\/v2\/categories?post=13706"},{"taxonomy":"post_tag","embeddable":true,"href":"https:\/\/kibrisayna.com\/index.php\/wp-json\/wp\/v2\/tags?post=13706"}],"curies":[{"name":"wp","href":"https:\/\/api.w.org\/{rel}","templated":true}]}}