{"id":13698,"date":"2024-12-12T11:35:14","date_gmt":"2024-12-12T08:35:14","guid":{"rendered":"https:\/\/kibrisayna.com\/index.php\/2024\/12\/12\/izin-kurulu-baskanligina-yeniden-ahmet-aydin-atandi-brtk\/"},"modified":"2024-12-12T11:35:14","modified_gmt":"2024-12-12T08:35:14","slug":"izin-kurulu-baskanligina-yeniden-ahmet-aydin-atandi-brtk","status":"publish","type":"post","link":"https:\/\/kibrisayna.com\/index.php\/2024\/12\/12\/izin-kurulu-baskanligina-yeniden-ahmet-aydin-atandi-brtk\/","title":{"rendered":"\u0130zin Kurulu Ba\u015fkanl\u0131\u011f\u0131na yeniden Ahmet Ayd\u0131n atand\u0131 \u2013 BRTK"},"content":{"rendered":"<p> <br \/>\n<\/p>\n<div>\n<div class=\"mariselle-image-container center\">\n                <img loading=\"lazy\" decoding=\"async\" width=\"612\" height=\"303\" class=\"lazy-image\" alt=\"\" sizes=\"auto, (max-width: 612px) 100vw, 612px\" src=\"https:\/\/brtk.net\/wp-content\/uploads\/2024\/08\/23\/k-k-t-c-resmi-gazete-logosu3.png?ver=457270f68a6e476aeaac42434363a383\" srcset=\"https:\/\/brtk.net\/wp-content\/uploads\/2024\/08\/23\/k-k-t-c-resmi-gazete-logosu3.png?ver=457270f68a6e476aeaac42434363a383 612w, https:\/\/brtk.net\/wp-content\/uploads\/2024\/08\/23\/k-k-t-c-resmi-gazete-logosu3-300x149.png?ver=e5e21e5b08c97b41b26b51077707c288 300w\"\/>                            <\/div>\n<p>\u0130zin Kurulu ba\u015fkanl\u0131\u011f\u0131na yeniden Trafik Dairesi M\u00fcd\u00fcr\u00fc Ahmet Ayd\u0131n getirildi.<\/p>\n<p>Motorlu Ara\u00e7larla Yolcu ve E\u015fya Ta\u015f\u0131nmas\u0131 (Denetim) Yasas\u0131\u2019n\u0131n 4. maddesi uyar\u0131nca yap\u0131lan atamaya ili\u015fkin Bakanlar Kurulu karar\u0131 bug\u00fcnk\u00fc Resmi Gazete\u2019de yay\u0131mland\u0131.<\/p>\n<p>Ayd\u0131n, ilk kez 2018\u2019de atand\u0131\u011f\u0131 \u0130zin Kurulu Ba\u015fkanl\u0131\u011f\u0131\u2019na d\u00f6rd\u00fcnc\u00fc kez getirildi.<\/p>\n<\/p><\/div>\n<p><script async\n                    defer\n                    crossorigin=\"anonymous\"\n                    src=\"https:\/\/connect.facebook.net\/tr_TR\/sdk.js#xfbml=1&#038;version=v3.3\"\n            ><\/script><br \/>\n<br \/><br \/>\n<br \/><a href=\"https:\/\/brtk.net\/izin-kurulu-baskanligina-yeniden-ahmet-aydin-atandi\/\">Kaynak BRT <\/a><\/p>\n","protected":false},"excerpt":{"rendered":"<p>\u0130zin Kurulu ba\u015fkanl\u0131\u011f\u0131na yeniden Trafik Dairesi M\u00fcd\u00fcr\u00fc Ahmet Ayd\u0131n getirildi. Motorlu Ara\u00e7larla Yolcu ve E\u015fya Ta\u015f\u0131nmas\u0131 (Denetim) Yasas\u0131\u2019n\u0131n 4. maddesi uyar\u0131nca yap\u0131lan atamaya ili\u015fkin Bakanlar Kurulu karar\u0131 bug\u00fcnk\u00fc Resmi Gazete\u2019de yay\u0131mland\u0131. Ayd\u0131n, ilk kez 2018\u2019de atand\u0131\u011f\u0131 \u0130zin Kurulu Ba\u015fkanl\u0131\u011f\u0131\u2019na d\u00f6rd\u00fcnc\u00fc kez getirildi. Kaynak BRT<\/p>\n","protected":false},"author":908,"featured_media":3037,"comment_status":"open","ping_status":"open","sticky":false,"template":"","format":"standard","meta":{"_jetpack_memberships_contains_paid_content":false,"footnotes":"","jetpack_publicize_message":"","jetpack_publicize_feature_enabled":true,"jetpack_social_post_already_shared":true,"jetpack_social_options":{"image_generator_settings":{"template":"highway","default_image_id":0,"font":"","enabled":false},"version":2}},"categories":[253],"tags":[],"class_list":["post-13698","post","type-post","status-publish","format-standard","has-post-thumbnail","hentry","category-gundem"],"jetpack_publicize_connections":[],"jetpack_featured_media_url":"https:\/\/kibrisayna.com\/wp-content\/uploads\/2024\/08\/k-k-t-c-resmi-gazete-logosu3.png","jetpack_sharing_enabled":true,"_links":{"self":[{"href":"https:\/\/kibrisayna.com\/index.php\/wp-json\/wp\/v2\/posts\/13698","targetHints":{"allow":["GET"]}}],"collection":[{"href":"https:\/\/kibrisayna.com\/index.php\/wp-json\/wp\/v2\/posts"}],"about":[{"href":"https:\/\/kibrisayna.com\/index.php\/wp-json\/wp\/v2\/types\/post"}],"author":[{"embeddable":true,"href":"https:\/\/kibrisayna.com\/index.php\/wp-json\/wp\/v2\/users\/908"}],"replies":[{"embeddable":true,"href":"https:\/\/kibrisayna.com\/index.php\/wp-json\/wp\/v2\/comments?post=13698"}],"version-history":[{"count":0,"href":"https:\/\/kibrisayna.com\/index.php\/wp-json\/wp\/v2\/posts\/13698\/revisions"}],"wp:featuredmedia":[{"embeddable":true,"href":"https:\/\/kibrisayna.com\/index.php\/wp-json\/wp\/v2\/media\/3037"}],"wp:attachment":[{"href":"https:\/\/kibrisayna.com\/index.php\/wp-json\/wp\/v2\/media?parent=13698"}],"wp:term":[{"taxonomy":"category","embeddable":true,"href":"https:\/\/kibrisayna.com\/index.php\/wp-json\/wp\/v2\/categories?post=13698"},{"taxonomy":"post_tag","embeddable":true,"href":"https:\/\/kibrisayna.com\/index.php\/wp-json\/wp\/v2\/tags?post=13698"}],"curies":[{"name":"wp","href":"https:\/\/api.w.org\/{rel}","templated":true}]}}