{"id":13688,"date":"2024-12-12T08:44:16","date_gmt":"2024-12-12T05:44:16","guid":{"rendered":"https:\/\/kibrisayna.com\/index.php\/2024\/12\/12\/bagirsak-kanseri-kuresel-capta-50-yas-altinda-artis-gosteriyor-brtk\/"},"modified":"2024-12-12T08:44:16","modified_gmt":"2024-12-12T05:44:16","slug":"bagirsak-kanseri-kuresel-capta-50-yas-altinda-artis-gosteriyor-brtk","status":"publish","type":"post","link":"https:\/\/kibrisayna.com\/index.php\/2024\/12\/12\/bagirsak-kanseri-kuresel-capta-50-yas-altinda-artis-gosteriyor-brtk\/","title":{"rendered":"Ba\u011f\u0131rsak kanseri k\u00fcresel \u00e7apta 50 ya\u015f alt\u0131nda art\u0131\u015f g\u00f6steriyor \u2013 BRTK"},"content":{"rendered":"<p> <br \/>\n<\/p>\n<div>\n<div class=\"mariselle-image-container center\">\n                <img loading=\"lazy\" decoding=\"async\" width=\"1280\" height=\"720\" class=\"lazy-image\" alt=\"\" sizes=\"auto, (max-width: 1280px) 100vw, 1280px\" src=\"https:\/\/brtk.net\/wp-content\/uploads\/2024\/12\/12\/kanser-asisi-kanser-hucresi-getty-1677544.jpg?ver=69593f209d64b47387c23622234eb539\" srcset=\"https:\/\/brtk.net\/wp-content\/uploads\/2024\/12\/12\/kanser-asisi-kanser-hucresi-getty-1677544.jpg?ver=69593f209d64b47387c23622234eb539 1280w, https:\/\/brtk.net\/wp-content\/uploads\/2024\/12\/12\/kanser-asisi-kanser-hucresi-getty-1677544-300x169.jpg?ver=ea9f7eecc6794e81cf26ab74b64003e6 300w, https:\/\/brtk.net\/wp-content\/uploads\/2024\/12\/12\/kanser-asisi-kanser-hucresi-getty-1677544-1024x576.jpg?ver=ea9f7eecc6794e81cf26ab74b64003e6 1024w, https:\/\/brtk.net\/wp-content\/uploads\/2024\/12\/12\/kanser-asisi-kanser-hucresi-getty-1677544-768x432.jpg?ver=ea9f7eecc6794e81cf26ab74b64003e6 768w\"\/>                            <\/div>\n<p>D\u00fcnyan\u0131n d\u00f6rt bir yan\u0131nda 50 ya\u015f alt\u0131 bireylerde ba\u011f\u0131rsak kanseri te\u015fhisleri art\u0131yor. Lancet Oncology\u2019de yay\u0131mlanan ara\u015ft\u0131rmaya g\u00f6re, Ba\u011f\u0131rsak kanseri oranlar\u0131n\u0131n en h\u0131zl\u0131 artt\u0131\u011f\u0131 \u00fclkeler aras\u0131nda Yeni Zelanda ve \u015eili yer al\u0131yor.<\/p>\n<p>Ara\u015ft\u0131rma, Avrupa ve Kuzey Amerika\u2019dan Asya ve Okyanusya\u2019ya kadar bir\u00e7ok b\u00f6lgede, gen\u00e7 yeti\u015fkinlerde erken ba\u015flang\u0131\u00e7l\u0131 ba\u011f\u0131rsak kanserinde art\u0131\u015f ya\u015fand\u0131\u011f\u0131n\u0131 ortaya koyuyor.<\/p>\n<p>\u0130ncelenen 50 \u00fclkenin 27\u2019sinde bu art\u0131\u015f g\u00f6zlemlenirken, en y\u00fcksek y\u0131ll\u0131k art\u0131\u015f oranlar\u0131 Yeni Zelanda (y\u00fczde 4), \u015eili (y\u00fczde 4), Porto Riko (y\u00fczde 3,8) ve \u0130ngiltere\u2019de (y\u00fczde 3,6) g\u00f6r\u00fcld\u00fc.<\/p>\n<p><strong>Nedenleri ve etkileri<\/strong><br \/>Uzmanlar, bu art\u0131\u015f\u0131n arkas\u0131ndaki nedenlerin h\u00e2l\u00e2 tam olarak anla\u015f\u0131lamad\u0131\u011f\u0131n\u0131, ancak sa\u011fl\u0131ks\u0131z beslenme, fiziksel hareketsizlik ve obezite gibi fakt\u00f6rlerin \u00f6nemli rol oynayabilece\u011fini belirtiyor.<\/p>\n<p>Amerikan Kanser Derne\u011fi\u2019nden Dr. Hyuna Sung, \u201cBu art\u0131\u015f \u00f6ncelikle y\u00fcksek gelirli Bat\u0131 \u00fclkelerinde g\u00f6zlemleniyordu ancak art\u0131k farkl\u0131 ekonomik ve co\u011frafi b\u00f6lgelerde de belgelenmi\u015f durumda\u201d dedi.<\/p>\n<p>Ara\u015ft\u0131rma, gen\u00e7 yeti\u015fkinlerdeki ba\u011f\u0131rsak kanseri art\u0131\u015f\u0131n\u0131n, ilerleyen y\u0131llarda ya\u015fl\u0131 n\u00fcfusta da oranlar\u0131n artmas\u0131na yol a\u00e7abilece\u011fi ve hastal\u0131\u011fa kar\u015f\u0131 elde edilen onlarca y\u0131ll\u0131k ilerlemeyi tersine \u00e7evirebilece\u011fi uyar\u0131s\u0131nda bulunuyor.<\/p>\n<p><strong>Fark\u0131ndal\u0131k ve \u00f6nleme stratejileri \u015fart<\/strong><br \/>Ara\u015ft\u0131rmac\u0131lar, kanserle m\u00fccadelede yeni y\u00f6ntemlerin geli\u015ftirilmesi gerekti\u011fini vurguluyor. Dr. Sung, \u201cDiyet al\u0131\u015fkanl\u0131klar\u0131, fiziksel hareketsizlik ve a\u015f\u0131r\u0131 kilo ile ba\u011flant\u0131l\u0131 kanserleri \u00f6nlemek ve kontrol etmek i\u00e7in yenilik\u00e7i ara\u00e7lara ihtiya\u00e7 var\u201d dedi.<\/p>\n<p>Ayr\u0131ca, gen\u00e7 bireylerin hastal\u0131k belirtileri konusunda daha bilin\u00e7li olmas\u0131 gerekti\u011fi ifade ediliyor. Bu belirtiler aras\u0131nda rektal kanama, kar\u0131n a\u011fr\u0131s\u0131, ba\u011f\u0131rsak al\u0131\u015fkanl\u0131klar\u0131nda de\u011fi\u015fiklik ve a\u00e7\u0131klanamayan kilo kayb\u0131 yer al\u0131yor.<\/p>\n<p>Kanser Ara\u015ft\u0131rma Birle\u015fik Krall\u0131k CEO\u2019su Michelle Mitchell, gen\u00e7 yeti\u015fkinlerdeki ba\u011f\u0131rsak kanseri oranlar\u0131n\u0131n h\u00e2l\u00e2 d\u00fc\u015f\u00fck oldu\u011funu, ancak art\u0131\u015f e\u011filiminin nedenlerinin anla\u015f\u0131lmas\u0131 gerekti\u011fini belirtti. Ara\u015ft\u0131rma verilerinin yaln\u0131zca 2017 y\u0131l\u0131na kadar olan d\u00f6nemi kapsad\u0131\u011f\u0131 ve n\u00fcfusun tamam\u0131n\u0131 temsil etmeyebilece\u011fi i\u00e7in dikkatle yorumlanmas\u0131 gerekti\u011fi ifade edildi.<\/p>\n<p>Ara\u015ft\u0131rmac\u0131lar, gen\u00e7 bireylerin fark\u0131ndal\u0131\u011f\u0131n\u0131 art\u0131rarak, te\u015fhis gecikmelerinin \u00f6n\u00fcne ge\u00e7ilmesinin ve hastal\u0131ktan kaynaklanan \u00f6l\u00fcm oranlar\u0131n\u0131n azalt\u0131lmas\u0131n\u0131n m\u00fcmk\u00fcn olabilece\u011fini vurguluyor.<\/p>\n<\/p><\/div>\n<p><script async\n                    defer\n                    crossorigin=\"anonymous\"\n                    src=\"https:\/\/connect.facebook.net\/tr_TR\/sdk.js#xfbml=1&#038;version=v3.3\"\n            ><\/script><br \/>\n<br \/><br \/>\n<br \/><a href=\"https:\/\/brtk.net\/bagirsak-kanseri-kuresel-capta-50-yas-altinda-artis-gosteriyor\/\"><\/a><\/p>\n","protected":false},"excerpt":{"rendered":"<p>D\u00fcnyan\u0131n d\u00f6rt bir yan\u0131nda 50 ya\u015f alt\u0131 bireylerde ba\u011f\u0131rsak kanseri te\u015fhisleri art\u0131yor. Lancet Oncology\u2019de yay\u0131mlanan ara\u015ft\u0131rmaya g\u00f6re, Ba\u011f\u0131rsak kanseri oranlar\u0131n\u0131n en h\u0131zl\u0131 artt\u0131\u011f\u0131 \u00fclkeler aras\u0131nda Yeni Zelanda ve \u015eili yer al\u0131yor. Ara\u015ft\u0131rma, Avrupa ve Kuzey Amerika\u2019dan Asya ve Okyanusya\u2019ya kadar bir\u00e7ok b\u00f6lgede, gen\u00e7 yeti\u015fkinlerde erken ba\u015flang\u0131\u00e7l\u0131 ba\u011f\u0131rsak kanserinde art\u0131\u015f ya\u015fand\u0131\u011f\u0131n\u0131 ortaya koyuyor. \u0130ncelenen 50 \u00fclkenin [&hellip;]<\/p>\n","protected":false},"author":908,"featured_media":13689,"comment_status":"open","ping_status":"open","sticky":false,"template":"","format":"standard","meta":{"_jetpack_memberships_contains_paid_content":false,"footnotes":"","jetpack_publicize_message":"","jetpack_publicize_feature_enabled":true,"jetpack_social_post_already_shared":true,"jetpack_social_options":{"image_generator_settings":{"template":"highway","default_image_id":0,"font":"","enabled":false},"version":2}},"categories":[1],"tags":[],"class_list":["post-13688","post","type-post","status-publish","format-standard","has-post-thumbnail","hentry","category-saglik"],"jetpack_publicize_connections":[],"jetpack_featured_media_url":"https:\/\/kibrisayna.com\/wp-content\/uploads\/2024\/12\/kanser-asisi-kanser-hucresi-getty-1677544.jpg","jetpack_sharing_enabled":true,"_links":{"self":[{"href":"https:\/\/kibrisayna.com\/index.php\/wp-json\/wp\/v2\/posts\/13688","targetHints":{"allow":["GET"]}}],"collection":[{"href":"https:\/\/kibrisayna.com\/index.php\/wp-json\/wp\/v2\/posts"}],"about":[{"href":"https:\/\/kibrisayna.com\/index.php\/wp-json\/wp\/v2\/types\/post"}],"author":[{"embeddable":true,"href":"https:\/\/kibrisayna.com\/index.php\/wp-json\/wp\/v2\/users\/908"}],"replies":[{"embeddable":true,"href":"https:\/\/kibrisayna.com\/index.php\/wp-json\/wp\/v2\/comments?post=13688"}],"version-history":[{"count":0,"href":"https:\/\/kibrisayna.com\/index.php\/wp-json\/wp\/v2\/posts\/13688\/revisions"}],"wp:featuredmedia":[{"embeddable":true,"href":"https:\/\/kibrisayna.com\/index.php\/wp-json\/wp\/v2\/media\/13689"}],"wp:attachment":[{"href":"https:\/\/kibrisayna.com\/index.php\/wp-json\/wp\/v2\/media?parent=13688"}],"wp:term":[{"taxonomy":"category","embeddable":true,"href":"https:\/\/kibrisayna.com\/index.php\/wp-json\/wp\/v2\/categories?post=13688"},{"taxonomy":"post_tag","embeddable":true,"href":"https:\/\/kibrisayna.com\/index.php\/wp-json\/wp\/v2\/tags?post=13688"}],"curies":[{"name":"wp","href":"https:\/\/api.w.org\/{rel}","templated":true}]}}