{"id":13659,"date":"2024-12-11T18:50:27","date_gmt":"2024-12-11T15:50:27","guid":{"rendered":"https:\/\/kibrisayna.com\/index.php\/2024\/12\/11\/kamu-hizmeti-komisyonu-liyakata-dayali-ve-guvenilir-bir-anlayisla-calisiyor-brtk\/"},"modified":"2024-12-11T18:50:27","modified_gmt":"2024-12-11T15:50:27","slug":"kamu-hizmeti-komisyonu-liyakata-dayali-ve-guvenilir-bir-anlayisla-calisiyor-brtk","status":"publish","type":"post","link":"https:\/\/kibrisayna.com\/index.php\/2024\/12\/11\/kamu-hizmeti-komisyonu-liyakata-dayali-ve-guvenilir-bir-anlayisla-calisiyor-brtk\/","title":{"rendered":"Kamu Hizmeti Komisyonu, liyakata dayal\u0131 ve g\u00fcvenilir bir anlay\u0131\u015fla \u00e7al\u0131\u015f\u0131yor \u2013 BRTK"},"content":{"rendered":"<p> <br \/>\n<\/p>\n<div>\n<div class=\"mariselle-image-container none\">\n                <img loading=\"lazy\" decoding=\"async\" width=\"929\" height=\"473\" class=\"lazy-image\" alt=\"\" sizes=\"auto, (max-width: 929px) 100vw, 929px\" src=\"https:\/\/brtk.net\/wp-content\/uploads\/2024\/12\/11\/tatar-khk-8.jpg?ver=174f56493e1f3217e29c60a0eb6746e9\" srcset=\"https:\/\/brtk.net\/wp-content\/uploads\/2024\/12\/11\/tatar-khk-8.jpg?ver=174f56493e1f3217e29c60a0eb6746e9 929w, https:\/\/brtk.net\/wp-content\/uploads\/2024\/12\/11\/tatar-khk-8-300x153.jpg?ver=224165b768ad000bda4910821155a052 300w, https:\/\/brtk.net\/wp-content\/uploads\/2024\/12\/11\/tatar-khk-8-768x391.jpg?ver=224165b768ad000bda4910821155a052 768w\"\/>                            <\/div>\n<p>Cumhurba\u015fkan\u0131 Ersin Tatar, ba\u011f\u0131ms\u0131z olan Kamu Hizmeti Komisyonu\u2019nun liyakata dayal\u0131,\u00a0tarafs\u0131z ve g\u00fcvenilir bir anlay\u0131\u015fla \u00e7al\u0131\u015fmalar\u0131n\u0131 s\u00fcrd\u00fcrd\u00fc\u011f\u00fcn\u00fc s\u00f6yledi.<\/p>\n<p>Cumhurba\u015fkan\u0131 Ersin Tatar, Kamu Hizmeti Komisyonu\u2019nu (KHK) ziyaret etti.\u00a0Cumhurba\u015fkanl\u0131\u011f\u0131\u2019ndan yap\u0131lan a\u00e7\u0131klamaya g\u00f6re,\u00a0ziyarette yapt\u0131\u011f\u0131 konu\u015fmada, devletin iyi y\u00f6netilmesinde s\u0131nav sistemi ve liyakat\u0131n \u00f6nemine dikkat \u00e7ekerek, s\u0131navlarda ba\u015far\u0131l\u0131 olanlar\u0131n \u00e7e\u015fitli kademelerde yer ald\u0131\u011f\u0131n\u0131 ve devleti y\u00f6netti\u011fini belirtti.<\/p>\n<p>KHK\u2019n\u0131n 1967 y\u0131l\u0131nda kuruldu\u011funu ve 57 y\u0131ld\u0131r kendi kurallar\u0131 \u00e7er\u00e7evesinde ba\u015far\u0131l\u0131 bir \u015fekilde g\u00f6rev yapt\u0131\u011f\u0131n\u0131 kaydeden Tatar, KHK\u2019de ba\u015fkanl\u0131k yapm\u0131\u015f ki\u015fileri sayg\u0131yla and\u0131.<\/p>\n<p>Komisyonun b\u00fcy\u00fck bir sorumluluk \u00fcstlendi\u011fini ve \u00f6zveriyle \u00e7al\u0131\u015fmalar\u0131n\u0131 s\u00fcrd\u00fcrd\u00fc\u011f\u00fcn\u00fc dile getiren Cumhurba\u015fkan\u0131 Tatar, \u00e7al\u0131\u015fmalar\u0131ndan dolay\u0131 KHK Ba\u015fkan\u0131 \u00d6mer Ayd\u0131n K\u00f6seo\u011flu, komisyon \u00fcyeleri ve \u00e7al\u0131\u015fanlara te\u015fekk\u00fcr etti.<\/p>\n<p>KHK Ba\u015fkan\u0131 \u00d6mer Ayd\u0131n K\u00f6seo\u011flu da konu\u015fmas\u0131nda ziyaretten duydu\u011fu memnuniyeti ifade ederek, \u201cKHK\u2019da yap\u0131lan \u00e7al\u0131\u015fmalar\u0131 yerinde incelediniz ve bizi onura ettiniz\u201d dedi.<\/p>\n<p>Ziyarette Cumhurba\u015fkan\u0131 Ersin Tatar\u2019a Cumhurba\u015fkan\u0131 Ba\u015fdan\u0131\u015fman\u0131 Ayd\u0131n Akkurt ve Cumhurba\u015fkanl\u0131\u011f\u0131 Daire M\u00fcd\u00fcr\u00fc Osman \u00c7a\u011fakan e\u015flik etti.<\/p>\n<\/p><\/div>\n<p><script async\n                    defer\n                    crossorigin=\"anonymous\"\n                    src=\"https:\/\/connect.facebook.net\/tr_TR\/sdk.js#xfbml=1&#038;version=v3.3\"\n            ><\/script><br \/>\n<br \/><br \/>\n<br \/><a href=\"https:\/\/brtk.net\/tatar-kamu-hizmeti-komisyonu-liyakata-dayali-ve-guvenilir-bir-anlayisla-calisiyor\/\">Kaynak BRT <\/a><\/p>\n","protected":false},"excerpt":{"rendered":"<p>Cumhurba\u015fkan\u0131 Ersin Tatar, ba\u011f\u0131ms\u0131z olan Kamu Hizmeti Komisyonu\u2019nun liyakata dayal\u0131,\u00a0tarafs\u0131z ve g\u00fcvenilir bir anlay\u0131\u015fla \u00e7al\u0131\u015fmalar\u0131n\u0131 s\u00fcrd\u00fcrd\u00fc\u011f\u00fcn\u00fc s\u00f6yledi. Cumhurba\u015fkan\u0131 Ersin Tatar, Kamu Hizmeti Komisyonu\u2019nu (KHK) ziyaret etti.\u00a0Cumhurba\u015fkanl\u0131\u011f\u0131\u2019ndan yap\u0131lan a\u00e7\u0131klamaya g\u00f6re,\u00a0ziyarette yapt\u0131\u011f\u0131 konu\u015fmada, devletin iyi y\u00f6netilmesinde s\u0131nav sistemi ve liyakat\u0131n \u00f6nemine dikkat \u00e7ekerek, s\u0131navlarda ba\u015far\u0131l\u0131 olanlar\u0131n \u00e7e\u015fitli kademelerde yer ald\u0131\u011f\u0131n\u0131 ve devleti y\u00f6netti\u011fini belirtti. KHK\u2019n\u0131n 1967 y\u0131l\u0131nda [&hellip;]<\/p>\n","protected":false},"author":908,"featured_media":13660,"comment_status":"open","ping_status":"open","sticky":false,"template":"","format":"standard","meta":{"_jetpack_memberships_contains_paid_content":false,"footnotes":"","jetpack_publicize_message":"","jetpack_publicize_feature_enabled":true,"jetpack_social_post_already_shared":true,"jetpack_social_options":{"image_generator_settings":{"template":"highway","default_image_id":0,"font":"","enabled":false},"version":2}},"categories":[253],"tags":[],"class_list":["post-13659","post","type-post","status-publish","format-standard","has-post-thumbnail","hentry","category-gundem"],"jetpack_publicize_connections":[],"jetpack_featured_media_url":"https:\/\/kibrisayna.com\/wp-content\/uploads\/2024\/12\/tatar-khk-8.jpg","jetpack_sharing_enabled":true,"_links":{"self":[{"href":"https:\/\/kibrisayna.com\/index.php\/wp-json\/wp\/v2\/posts\/13659","targetHints":{"allow":["GET"]}}],"collection":[{"href":"https:\/\/kibrisayna.com\/index.php\/wp-json\/wp\/v2\/posts"}],"about":[{"href":"https:\/\/kibrisayna.com\/index.php\/wp-json\/wp\/v2\/types\/post"}],"author":[{"embeddable":true,"href":"https:\/\/kibrisayna.com\/index.php\/wp-json\/wp\/v2\/users\/908"}],"replies":[{"embeddable":true,"href":"https:\/\/kibrisayna.com\/index.php\/wp-json\/wp\/v2\/comments?post=13659"}],"version-history":[{"count":0,"href":"https:\/\/kibrisayna.com\/index.php\/wp-json\/wp\/v2\/posts\/13659\/revisions"}],"wp:featuredmedia":[{"embeddable":true,"href":"https:\/\/kibrisayna.com\/index.php\/wp-json\/wp\/v2\/media\/13660"}],"wp:attachment":[{"href":"https:\/\/kibrisayna.com\/index.php\/wp-json\/wp\/v2\/media?parent=13659"}],"wp:term":[{"taxonomy":"category","embeddable":true,"href":"https:\/\/kibrisayna.com\/index.php\/wp-json\/wp\/v2\/categories?post=13659"},{"taxonomy":"post_tag","embeddable":true,"href":"https:\/\/kibrisayna.com\/index.php\/wp-json\/wp\/v2\/tags?post=13659"}],"curies":[{"name":"wp","href":"https:\/\/api.w.org\/{rel}","templated":true}]}}