{"id":13657,"date":"2024-12-11T18:44:43","date_gmt":"2024-12-11T15:44:43","guid":{"rendered":"https:\/\/kibrisayna.com\/index.php\/2024\/12\/11\/ekilen-dikilen-urunler-icin-bir-gun-ek-beyan-alinacak-brtk\/"},"modified":"2024-12-11T18:44:43","modified_gmt":"2024-12-11T15:44:43","slug":"ekilen-dikilen-urunler-icin-bir-gun-ek-beyan-alinacak-brtk","status":"publish","type":"post","link":"https:\/\/kibrisayna.com\/index.php\/2024\/12\/11\/ekilen-dikilen-urunler-icin-bir-gun-ek-beyan-alinacak-brtk\/","title":{"rendered":"Ekilen\/dikilen \u00fcr\u00fcnler i\u00e7in bir g\u00fcn ek beyan al\u0131nacak \u2013 BRTK"},"content":{"rendered":"<p> <br \/>\n<\/p>\n<div>\n<div class=\"mariselle-image-container none\">\n                <img loading=\"lazy\" decoding=\"async\" width=\"924\" height=\"443\" class=\"lazy-image\" alt=\"\" sizes=\"auto, (max-width: 924px) 100vw, 924px\" src=\"https:\/\/brtk.net\/wp-content\/uploads\/2024\/12\/11\/genel-tarim-sigortasi-fonu3.png?ver=3294598b2fcb6e9bde053de05a9b76a1\" srcset=\"https:\/\/brtk.net\/wp-content\/uploads\/2024\/12\/11\/genel-tarim-sigortasi-fonu3.png?ver=3294598b2fcb6e9bde053de05a9b76a1 924w, https:\/\/brtk.net\/wp-content\/uploads\/2024\/12\/11\/genel-tarim-sigortasi-fonu3-300x144.png?ver=956525b8640fafc332bc536fe7501055 300w, https:\/\/brtk.net\/wp-content\/uploads\/2024\/12\/11\/genel-tarim-sigortasi-fonu3-768x368.png?ver=956525b8640fafc332bc536fe7501055 768w\"\/>                            <\/div>\n<p>2023\u20132024 \u00fcretim y\u0131l\u0131nda Genel Tar\u0131m Sigortas\u0131 Fonu\u2019na ekilen ve\/veya dikilen \u00fcr\u00fcn beyanlar\u0131n\u0131 yapamayan veya eksik beyan yapan \u00fcreticilerden, yar\u0131n ek beyan al\u0131nacak.<\/p>\n<p>Genel Tar\u0131m Sigortas\u0131 Fonu taraf\u0131ndan yap\u0131lan a\u00e7\u0131klamada, ilk kez beyanda bulunacak \u00fcreticilerin 2023 y\u0131l\u0131na ait g\u00fcbre faturalar\u0131n\u0131 ve \u00fcretici belgelerini de ibraz etmesi gerekti\u011fi belirtildi.<\/p>\n<p>A\u00e7\u0131klamada, \u201cDevlet Emlak Malzeme, Orman Dairesi, Devlet \u00dcretme \u00c7iftlikleri ve Vak\u0131flar \u0130daresinden kiralanan araziler ve Kaymakaml\u0131klar taraf\u0131ndan kullan\u0131m hakk\u0131 ve kira mukavelesi yap\u0131lan araziler i\u00e7in yap\u0131lacak beyanlar s\u00f6zle\u015fmeleri ile birlikte teslim edilecektir. \u0130lk kez beyan edilecek parseller evrakl\u0131 teslim edilmedi\u011fi m\u00fcddet\u00e7e beyan ba\u015fvurusu kabul edilmeyecektir.\u201d denildi.<\/p>\n<\/p><\/div>\n<p><script async\n                    defer\n                    crossorigin=\"anonymous\"\n                    src=\"https:\/\/connect.facebook.net\/tr_TR\/sdk.js#xfbml=1&#038;version=v3.3\"\n            ><\/script><br \/>\n<br \/><br \/>\n<br \/><a href=\"https:\/\/brtk.net\/ekilen-dikilen-urunler-icin-bir-gun-ek-beyan-alinacak\/\">Kaynak BRT <\/a><\/p>\n","protected":false},"excerpt":{"rendered":"<p>2023\u20132024 \u00fcretim y\u0131l\u0131nda Genel Tar\u0131m Sigortas\u0131 Fonu\u2019na ekilen ve\/veya dikilen \u00fcr\u00fcn beyanlar\u0131n\u0131 yapamayan veya eksik beyan yapan \u00fcreticilerden, yar\u0131n ek beyan al\u0131nacak. Genel Tar\u0131m Sigortas\u0131 Fonu taraf\u0131ndan yap\u0131lan a\u00e7\u0131klamada, ilk kez beyanda bulunacak \u00fcreticilerin 2023 y\u0131l\u0131na ait g\u00fcbre faturalar\u0131n\u0131 ve \u00fcretici belgelerini de ibraz etmesi gerekti\u011fi belirtildi. A\u00e7\u0131klamada, \u201cDevlet Emlak Malzeme, Orman Dairesi, Devlet \u00dcretme [&hellip;]<\/p>\n","protected":false},"author":908,"featured_media":13658,"comment_status":"open","ping_status":"open","sticky":false,"template":"","format":"standard","meta":{"_jetpack_memberships_contains_paid_content":false,"footnotes":"","jetpack_publicize_message":"","jetpack_publicize_feature_enabled":true,"jetpack_social_post_already_shared":true,"jetpack_social_options":{"image_generator_settings":{"template":"highway","default_image_id":0,"font":"","enabled":false},"version":2}},"categories":[253],"tags":[],"class_list":["post-13657","post","type-post","status-publish","format-standard","has-post-thumbnail","hentry","category-gundem"],"jetpack_publicize_connections":[],"jetpack_featured_media_url":"https:\/\/kibrisayna.com\/wp-content\/uploads\/2024\/12\/genel-tarim-sigortasi-fonu3.png","jetpack_sharing_enabled":true,"_links":{"self":[{"href":"https:\/\/kibrisayna.com\/index.php\/wp-json\/wp\/v2\/posts\/13657","targetHints":{"allow":["GET"]}}],"collection":[{"href":"https:\/\/kibrisayna.com\/index.php\/wp-json\/wp\/v2\/posts"}],"about":[{"href":"https:\/\/kibrisayna.com\/index.php\/wp-json\/wp\/v2\/types\/post"}],"author":[{"embeddable":true,"href":"https:\/\/kibrisayna.com\/index.php\/wp-json\/wp\/v2\/users\/908"}],"replies":[{"embeddable":true,"href":"https:\/\/kibrisayna.com\/index.php\/wp-json\/wp\/v2\/comments?post=13657"}],"version-history":[{"count":0,"href":"https:\/\/kibrisayna.com\/index.php\/wp-json\/wp\/v2\/posts\/13657\/revisions"}],"wp:featuredmedia":[{"embeddable":true,"href":"https:\/\/kibrisayna.com\/index.php\/wp-json\/wp\/v2\/media\/13658"}],"wp:attachment":[{"href":"https:\/\/kibrisayna.com\/index.php\/wp-json\/wp\/v2\/media?parent=13657"}],"wp:term":[{"taxonomy":"category","embeddable":true,"href":"https:\/\/kibrisayna.com\/index.php\/wp-json\/wp\/v2\/categories?post=13657"},{"taxonomy":"post_tag","embeddable":true,"href":"https:\/\/kibrisayna.com\/index.php\/wp-json\/wp\/v2\/tags?post=13657"}],"curies":[{"name":"wp","href":"https:\/\/api.w.org\/{rel}","templated":true}]}}